{"id":2424,"date":"2009-04-16T00:00:00","date_gmt":"2009-04-16T00:00:00","guid":{"rendered":"http:\/\/mmpol.cat\/home2\/mmpolcat\/wordpress\/?p=291"},"modified":"2021-03-05T19:40:50","modified_gmt":"2021-03-05T18:40:50","slug":"crt-de-sesi-de-1r-deso-a-can-mercader-2009-notes","status":"publish","type":"post","link":"https:\/\/agora.xtec.cat\/iesmarti-i-pol\/portada\/crt-de-sesi-de-1r-deso-a-can-mercader-2009-notes\/","title":{"rendered":"Cr\u00e8dit de S\u00edntesi de 1r d&#039;ESO a Can Mercader 2009"},"content":{"rendered":"<p> \t<strong><span style=\"color: #800000\"><span style=\"font-size: x-small\"><span style=\"font-size: xx-small\">Cr\u00e8dit de S\u00edntesi de 1r d&#8217;ESO a Can Mercader 2009<\/span><\/span><\/span><\/strong><\/p>\n<p>  <!--more-->  <\/p>\n<table border=\"0\" cellpadding=\"1\" cellspacing=\"1\" style=\"width: 534px; height: 64px\" width=\"534\">\n<tbody>\n<tr>\n<td> \t\t\t\t<span style=\"font-size: xx-small\"><span style=\"color: #0000cc\"><img loading=\"lazy\" decoding=\"async\" alt=\"\" height=\"15\" src=\"\/iesmarti-i-pol\/images\/stories\/espai.gif\" width=\"15\" \/><\/span><\/span><\/td>\n<td> \t\t\t\t<span style=\"font-size: xx-small\"><span style=\"color: #0000cc\"><font color=\"#0000cc\" size=\"1\">Un grup d&#8217; alumnes de 1r d&#8217; ESO ha fet el cr\u00e8dit de s\u00edntesi sobre el parc de Can Mercader. Han tenir l&#8217;oportunitat de con\u00e8ixer l&#8217;origen i l&#8217;estil arquitect\u00f2nic de la torre de la Miranda, han fet una visita al palau, acompanyats d&#8217;una monitora que els ha explicat la hist\u00f2ria i la forma de vida dels seus inquilins. Tamb\u00e9 han obsevat la flora, els tipus d&#8217;arbres i la seva proced\u00e8ncia.<br \/> \t\t\t\t<\/font><\/span><\/span><\/td>\n<\/tr>\n<tr>\n<td> \t\t\t\t<span style=\"font-size: xx-small\"><span style=\"color: #0000cc\">&nbsp;<\/span><\/span><\/td>\n<td style=\"text-align: center\"> \t\t\t\t<span style=\"font-size: xx-small\"><span style=\"color: #0000cc\"><font color=\"#0000ff\" size=\"1\">(Cliqueu sobre les imatges per veure-les m\u00e9s grans)<\/font><\/span><\/span><\/td>\n<\/tr>\n<tr>\n<td> \t\t\t\t<span style=\"font-size: xx-small\"><span style=\"color: #0000cc\">&nbsp;<\/span><\/span><\/td>\n<td style=\"text-align: center\">\n<p style=\"text-align: center\"> \t\t\t\t\t<span style=\"font-size: xx-small\"><span style=\"color: #0000cc\">{gallery}agenda\/2009_sintesi1r{\/gallery}<\/span><\/span><\/p>\n<\/td>\n<\/tr>\n<\/tbody>\n<\/table>\n","protected":false},"excerpt":{"rendered":"<p>Cr\u00e8dit de S\u00edntesi de 1r d&#8217;ESO a Can Mercader 2009<\/p>\n","protected":false},"author":1,"featured_media":0,"comment_status":"open","ping_status":"open","sticky":false,"template":"","format":"standard","meta":{"_bbp_topic_count":0,"_bbp_reply_count":0,"_bbp_total_topic_count":0,"_bbp_total_reply_count":0,"_bbp_voice_count":0,"_bbp_anonymous_reply_count":0,"_bbp_topic_count_hidden":0,"_bbp_reply_count_hidden":0,"_bbp_forum_subforum_count":0,"site-sidebar-layout":"default","site-content-layout":"","ast-site-content-layout":"","site-content-style":"default","site-sidebar-style":"default","ast-global-header-display":"","ast-banner-title-visibility":"","ast-main-header-display":"","ast-hfb-above-header-display":"","ast-hfb-below-header-display":"","ast-hfb-mobile-header-display":"","site-post-title":"","ast-breadcrumbs-content":"","ast-featured-img":"","footer-sml-layout":"","theme-transparent-header-meta":"","adv-header-id-meta":"","stick-header-meta":"","header-above-stick-meta":"","header-main-stick-meta":"","header-below-stick-meta":"","astra-migrate-meta-layouts":"default","ast-page-background-enabled":"default","ast-page-background-meta":{"desktop":{"background-color":"var(--ast-global-color-4)","background-image":"","background-repeat":"repeat","background-position":"center center","background-size":"auto","background-attachment":"scroll","background-type":"","background-media":"","overlay-type":"","overlay-color":"","overlay-opacity":"","overlay-gradient":""},"tablet":{"background-color":"","background-image":"","background-repeat":"repeat","background-position":"center center","background-size":"auto","background-attachment":"scroll","background-type":"","background-media":"","overlay-type":"","overlay-color":"","overlay-opacity":"","overlay-gradient":""},"mobile":{"background-color":"","background-image":"","background-repeat":"repeat","background-position":"center center","background-size":"auto","background-attachment":"scroll","background-type":"","background-media":"","overlay-type":"","overlay-color":"","overlay-opacity":"","overlay-gradient":""}},"ast-content-background-meta":{"desktop":{"background-color":"var(--ast-global-color-5)","background-image":"","background-repeat":"repeat","background-position":"center center","background-size":"auto","background-attachment":"scroll","background-type":"","background-media":"","overlay-type":"","overlay-color":"","overlay-opacity":"","overlay-gradient":""},"tablet":{"background-color":"var(--ast-global-color-5)","background-image":"","background-repeat":"repeat","background-position":"center center","background-size":"auto","background-attachment":"scroll","background-type":"","background-media":"","overlay-type":"","overlay-color":"","overlay-opacity":"","overlay-gradient":""},"mobile":{"background-color":"var(--ast-global-color-5)","background-image":"","background-repeat":"repeat","background-position":"center center","background-size":"auto","background-attachment":"scroll","background-type":"","background-media":"","overlay-type":"","overlay-color":"","overlay-opacity":"","overlay-gradient":""}},"footnotes":""},"categories":[351],"tags":[],"class_list":["post-2424","post","type-post","status-publish","format-standard","hentry","category-portada"],"post_mailing_queue_ids":[],"_links":{"self":[{"href":"https:\/\/agora.xtec.cat\/iesmarti-i-pol\/wp-json\/wp\/v2\/posts\/2424","targetHints":{"allow":["GET"]}}],"collection":[{"href":"https:\/\/agora.xtec.cat\/iesmarti-i-pol\/wp-json\/wp\/v2\/posts"}],"about":[{"href":"https:\/\/agora.xtec.cat\/iesmarti-i-pol\/wp-json\/wp\/v2\/types\/post"}],"author":[{"embeddable":true,"href":"https:\/\/agora.xtec.cat\/iesmarti-i-pol\/wp-json\/wp\/v2\/users\/1"}],"replies":[{"embeddable":true,"href":"https:\/\/agora.xtec.cat\/iesmarti-i-pol\/wp-json\/wp\/v2\/comments?post=2424"}],"version-history":[{"count":1,"href":"https:\/\/agora.xtec.cat\/iesmarti-i-pol\/wp-json\/wp\/v2\/posts\/2424\/revisions"}],"predecessor-version":[{"id":19193,"href":"https:\/\/agora.xtec.cat\/iesmarti-i-pol\/wp-json\/wp\/v2\/posts\/2424\/revisions\/19193"}],"wp:attachment":[{"href":"https:\/\/agora.xtec.cat\/iesmarti-i-pol\/wp-json\/wp\/v2\/media?parent=2424"}],"wp:term":[{"taxonomy":"category","embeddable":true,"href":"https:\/\/agora.xtec.cat\/iesmarti-i-pol\/wp-json\/wp\/v2\/categories?post=2424"},{"taxonomy":"post_tag","embeddable":true,"href":"https:\/\/agora.xtec.cat\/iesmarti-i-pol\/wp-json\/wp\/v2\/tags?post=2424"}],"curies":[{"name":"wp","href":"https:\/\/api.w.org\/{rel}","templated":true}]}}