{"id":242,"date":"2009-02-02T01:00:00","date_gmt":"2009-02-02T01:00:00","guid":{"rendered":"http:\/\/mmpol.cat\/home2\/mmpolcat\/wordpress\/?p=242"},"modified":"2021-03-05T19:41:31","modified_gmt":"2021-03-05T18:41:31","slug":"el-nion-el-pijama-de-rayas-jo-recomano-biblioteca","status":"publish","type":"post","link":"https:\/\/agora.xtec.cat\/iesmarti-i-pol\/general\/el-nion-el-pijama-de-rayas-jo-recomano-biblioteca\/","title":{"rendered":"El ni\u00f1o con el pijama de rayas"},"content":{"rendered":"<p>&nbsp;<\/p>\n<table width=\"502\" cellspacing=\"1\" cellpadding=\"1\" border=\"0\" style=\"width: 502px; height: 112px\">\n<tbody>\n<tr>\n<td valign=\"top\"><img loading=\"lazy\" decoding=\"async\" class=\" size-full wp-image-241\" width=\"100\" height=\"147\" src=\"http:\/\/agora.xtec.cat\/iesmarti-i-pol\/wp-content\/uploads\/usu1292\/2009\/02\/ninopijama.jpg\" alt=\"\" srcset=\"https:\/\/agora.xtec.cat\/iesmarti-i-pol\/wp-content\/uploads\/usu1292\/2009\/02\/ninopijama.jpg 228w, https:\/\/agora.xtec.cat\/iesmarti-i-pol\/wp-content\/uploads\/usu1292\/2009\/02\/ninopijama-204x300.jpg 204w\" sizes=\"auto, (max-width: 100px) 100vw, 100px\" \/><\/td>\n<td><span style=\"color: #000099\"><strong><br \/>             Aquest llibre tracta sobre la segona guerra mundial, on els nazis tancaven en una mena de pres\u00f3 al jueus.<br \/>             El protagonista es diu Bruno, un noi de 9 anys, que viu a Berl\u00edn per\u00f2 ha de marxar a viure a un altre lloc perqu\u00e8 el seu pare ha d&rsquo;anar-se&rsquo;n a treballar fora.<br \/>             El Bruno i la seva fam\u00edlia van a viure a un lloc remot i des\u00e8rtic, a una caseta al costat d&rsquo;un camp de concentraci\u00f3, a Auchviz.<br \/>             El Bruno coneix a un noi a l&rsquo;altre costat de la tanca i es fan amics, a partir d&rsquo;aqu\u00ed, el Bruno i el Shmuel, el seu amic, comencen a parlar i jugar junts, tot i que est\u00e0 la tanca enmig. <\/p>\n<p>             B\u00e9, la meva opini\u00f3 sobre aquest llibre \u00e9s molt bona, ja que tracta d&rsquo;un tema que m&rsquo;interessa molt, la segona guerra mundial, molt interessant. Jo recomano aquest llibre perqu\u00e8 pot fer-te veure coses que mai abans havies vist.<\/p>\n<p>             David Gonz\u00e1lez<br \/>             <\/strong><\/span><\/td>\n<\/tr>\n<\/tbody>\n<\/table>\n<p>&nbsp;<\/p>\n","protected":false},"excerpt":{"rendered":"<p>&nbsp; Aquest llibre tracta sobre la segona guerra mundial, on els nazis tancaven en una mena de pres\u00f3 al jueus. El protagonista es diu Bruno, un noi de 9 anys, que viu a Berl\u00edn per\u00f2 ha de marxar a viure a un altre lloc perqu\u00e8 el seu pare ha d&rsquo;anar-se&rsquo;n a treballar fora. El Bruno [&hellip;]<\/p>\n","protected":false},"author":1,"featured_media":241,"comment_status":"open","ping_status":"open","sticky":false,"template":"","format":"standard","meta":{"_bbp_topic_count":0,"_bbp_reply_count":0,"_bbp_total_topic_count":0,"_bbp_total_reply_count":0,"_bbp_voice_count":0,"_bbp_anonymous_reply_count":0,"_bbp_topic_count_hidden":0,"_bbp_reply_count_hidden":0,"_bbp_forum_subforum_count":0,"site-sidebar-layout":"default","site-content-layout":"","ast-site-content-layout":"","site-content-style":"default","site-sidebar-style":"default","ast-global-header-display":"","ast-banner-title-visibility":"","ast-main-header-display":"","ast-hfb-above-header-display":"","ast-hfb-below-header-display":"","ast-hfb-mobile-header-display":"","site-post-title":"","ast-breadcrumbs-content":"","ast-featured-img":"","footer-sml-layout":"","theme-transparent-header-meta":"","adv-header-id-meta":"","stick-header-meta":"","header-above-stick-meta":"","header-main-stick-meta":"","header-below-stick-meta":"","astra-migrate-meta-layouts":"default","ast-page-background-enabled":"default","ast-page-background-meta":{"desktop":{"background-color":"var(--ast-global-color-4)","background-image":"","background-repeat":"repeat","background-position":"center center","background-size":"auto","background-attachment":"scroll","background-type":"","background-media":"","overlay-type":"","overlay-color":"","overlay-opacity":"","overlay-gradient":""},"tablet":{"background-color":"","background-image":"","background-repeat":"repeat","background-position":"center center","background-size":"auto","background-attachment":"scroll","background-type":"","background-media":"","overlay-type":"","overlay-color":"","overlay-opacity":"","overlay-gradient":""},"mobile":{"background-color":"","background-image":"","background-repeat":"repeat","background-position":"center center","background-size":"auto","background-attachment":"scroll","background-type":"","background-media":"","overlay-type":"","overlay-color":"","overlay-opacity":"","overlay-gradient":""}},"ast-content-background-meta":{"desktop":{"background-color":"var(--ast-global-color-5)","background-image":"","background-repeat":"repeat","background-position":"center center","background-size":"auto","background-attachment":"scroll","background-type":"","background-media":"","overlay-type":"","overlay-color":"","overlay-opacity":"","overlay-gradient":""},"tablet":{"background-color":"var(--ast-global-color-5)","background-image":"","background-repeat":"repeat","background-position":"center center","background-size":"auto","background-attachment":"scroll","background-type":"","background-media":"","overlay-type":"","overlay-color":"","overlay-opacity":"","overlay-gradient":""},"mobile":{"background-color":"var(--ast-global-color-5)","background-image":"","background-repeat":"repeat","background-position":"center center","background-size":"auto","background-attachment":"scroll","background-type":"","background-media":"","overlay-type":"","overlay-color":"","overlay-opacity":"","overlay-gradient":""}},"footnotes":""},"categories":[347,351],"tags":[],"class_list":["post-242","post","type-post","status-publish","format-standard","has-post-thumbnail","hentry","category-general","category-portada"],"post_mailing_queue_ids":[],"_links":{"self":[{"href":"https:\/\/agora.xtec.cat\/iesmarti-i-pol\/wp-json\/wp\/v2\/posts\/242","targetHints":{"allow":["GET"]}}],"collection":[{"href":"https:\/\/agora.xtec.cat\/iesmarti-i-pol\/wp-json\/wp\/v2\/posts"}],"about":[{"href":"https:\/\/agora.xtec.cat\/iesmarti-i-pol\/wp-json\/wp\/v2\/types\/post"}],"author":[{"embeddable":true,"href":"https:\/\/agora.xtec.cat\/iesmarti-i-pol\/wp-json\/wp\/v2\/users\/1"}],"replies":[{"embeddable":true,"href":"https:\/\/agora.xtec.cat\/iesmarti-i-pol\/wp-json\/wp\/v2\/comments?post=242"}],"version-history":[{"count":1,"href":"https:\/\/agora.xtec.cat\/iesmarti-i-pol\/wp-json\/wp\/v2\/posts\/242\/revisions"}],"predecessor-version":[{"id":19204,"href":"https:\/\/agora.xtec.cat\/iesmarti-i-pol\/wp-json\/wp\/v2\/posts\/242\/revisions\/19204"}],"wp:featuredmedia":[{"embeddable":true,"href":"https:\/\/agora.xtec.cat\/iesmarti-i-pol\/wp-json\/wp\/v2\/media\/241"}],"wp:attachment":[{"href":"https:\/\/agora.xtec.cat\/iesmarti-i-pol\/wp-json\/wp\/v2\/media?parent=242"}],"wp:term":[{"taxonomy":"category","embeddable":true,"href":"https:\/\/agora.xtec.cat\/iesmarti-i-pol\/wp-json\/wp\/v2\/categories?post=242"},{"taxonomy":"post_tag","embeddable":true,"href":"https:\/\/agora.xtec.cat\/iesmarti-i-pol\/wp-json\/wp\/v2\/tags?post=242"}],"curies":[{"name":"wp","href":"https:\/\/api.w.org\/{rel}","templated":true}]}}