{"id":2396,"date":"2009-02-02T23:57:36","date_gmt":"2009-02-02T22:57:36","guid":{"rendered":"http:\/\/mmpol.cat\/home2\/mmpolcat\/wordpress\/?p=245"},"modified":"2021-03-05T19:41:31","modified_gmt":"2021-03-05T18:41:31","slug":"biblioteca34","status":"publish","type":"post","link":"https:\/\/agora.xtec.cat\/iesmarti-i-pol\/general\/biblioteca34\/","title":{"rendered":"Adreces i recursos"},"content":{"rendered":"<table border=\"0\" cellpadding=\"1\" cellspacing=\"1\" style=\"width: 524px; height: 163px\" width=\"524\">\n<tbody>\n<tr>\n<td> \t\t\t\t&nbsp;<\/td>\n<td bgcolor=\"#ffffcc\"> \t\t\t\t<span style=\"font-size: x-small\"><span style=\"color: #993366\"><strong>ADRECES WEB D\u2019INTER\u00c8S<\/strong><\/span><\/span><\/td>\n<\/tr>\n<tr>\n<td> \t\t\t\t&nbsp;<\/td>\n<td bgcolor=\"#ffffff\">\n<div> \t\t\t\t\t&nbsp;<\/div>\n<div style=\"text-align: justify;\"> \t\t\t\t\t<span style=\"font-size: x-small\"><span style=\"color: #993366\"><strong>CAT\u00c0LEGS DE BIBLIOTEQUES<\/strong><\/span><\/span><\/div>\n<div style=\"text-align: justify;\"> \t\t\t\t\t&nbsp;<\/div>\n<div style=\"text-align: justify;\"> \t\t\t\t\t<span style=\"font-size: xx-small\"><b>CAT\u00c0LEG COL\u00b7LECTIU DE LA XARXA DE BIBLIOTEQUES DE LA DIPUTACI\u00d3 DE BARCELONA<\/b><\/span><\/div>\n<div style=\"text-align: justify;\"> \t\t\t\t\t<b><a href=\"http:\/\/gw24-vtls.diba.es\/vtls\/catalan\/\" target=\"_blank\" rel=\"noopener noreferrer\">http:\/\/gw24-vtls.diba.es\/vtls\/catalan\/<\/a><\/b><\/div>\n<div style=\"text-align: justify;\"> \t\t\t\t\tAcc\u00e9s al cat\u00e0leg col\u00b7lectiu de totes les biblioteques de la Xarxa de la Diputaci\u00f3. Servei de lliurament de documents i de pr\u00e9stec via web.<\/div>\n<div style=\"text-align: justify;\"> \t\t\t\t\t&nbsp;<\/div>\n<div style=\"text-align: justify;\"> \t\t\t\t\t<span style=\"font-size: xx-small\"><b>CAT\u00c0LEG COL\u00b7LECTIU DE LES UNIVERSITATS DE CATALUNYA<\/b><\/span><\/div>\n<div style=\"text-align: justify;\"> \t\t\t\t\t<a href=\"http:\/\/www.cbuc.es\/ccuc\" target=\"_blank\" rel=\"noopener noreferrer\"><strong>http:\/\/www.cbuc.es\/ccuc<\/strong><\/a><\/div>\n<div style=\"text-align: justify;\"> \t\t\t\t\tPermet fer la recerca bibliogr\u00e0fica conjuntament a tots els cat\u00e0legs de totes les biblioteques universit\u00e0ries de Catalunya, altres institucions i tamb\u00e9 el fons documental de la Biblioteca de Catalunya.<\/div>\n<div style=\"text-align: justify;\"> \t\t\t\t\t&nbsp;<\/div>\n<div style=\"text-align: justify;\"> \t\t\t\t\t<b>CAT\u00c0LEG COL\u00b7LECTIU DE LA LECTURA P\u00daBLICA<\/b><\/div>\n<div style=\"text-align: justify;\"> \t\t\t\t\t<b><u><span style=\"color: blue\"><a href=\"http:\/\/www.gencat.net\/slp\/vtls24\/catalan\/vtls-basic.html\" target=\"_blank\" rel=\"noopener noreferrer\">http:\/\/www.gencat.net\/slp\/vtls24\/catalan\/vtls-basic.html<\/a><\/span><\/u><\/b><\/div>\n<div style=\"text-align: justify;\"> \t\t\t\t\t&nbsp;<\/div>\n<div style=\"text-align: justify;\"> \t\t\t\t\t<span style=\"font-weight: normal; color: black\">E<\/span><span style=\"font-weight: normal; color: black\">l Cat\u00e0leg Col\u00b7lectiu de la Lectura P\u00fablica, gestionat per la Generalitat de Catalunya, cont\u00e9 les dades sobre els documents que formen part de la col\u00b7lecci\u00f3 de les biblioteques p\u00fabliques d&#8217;arreu de Catalunya<\/span><\/div>\n<div style=\"text-align: justify;\"> \t\t\t\t\t&nbsp;<\/div>\n<div style=\"text-align: justify;\"> \t\t\t\t\t<span style=\"font-size: xx-small\"><b>BIBLIOTECA DE L\u2019ASSOCIACI\u00d3 DE MESTRES ROSA SENSAT<\/b><\/span><\/div>\n<div style=\"text-align: justify;\"> \t\t\t\t\t<span style=\"font-size: xx-small\"><b>CAT\u00c0LEG DE LA BIBLIOTECA<\/b><\/span><\/div>\n<div style=\"text-align: justify;\"> \t\t\t\t\t<b><font size=\"6\"><a href=\"http:\/\/www.rosasensat.org\/\" target=\"_blank\" rel=\"noopener noreferrer\"><span style=\"font-size: xx-small\">http:\/\/www.rosasensat.org<\/span><\/a><\/font><\/b><\/div>\n<div style=\"text-align: justify;\"> \t\t\t\t\t<span style=\"font-weight: normal\">Si visiteu la p\u00e0gina de Rosa Sensat, trobareu informaci\u00f3 sobre cursos, Escola d\u2019Estiu, grups de treball, la vida associativa, les publicacions: llibres, dossiers i les revistes <i>Inf\u00e0ncia, Infancia, Inf\u00e0ncia en Europa i Perspectiva escolar. <\/i>Tamb\u00e9 podeu fer una visita virtual per l\u2019edifici i entrar a la nostra biblioteca. Podeu consultar el nostre cat\u00e0leg on trobareu tots els llibres i revistes catalogats des de 1990 fins ara. Els llibres infantils inclouen mat\u00e8ries des de 1995.<\/span><\/div>\n<div style=\"text-align: justify;\"> \t\t\t\t\t&nbsp;<\/div>\n<div style=\"text-align: justify;\"> \t\t\t\t\t<span style=\"font-size: xx-small\"><b>CAT\u00c0LEG DEL CENTRE DE DOCUMENTACI\u00d3 ARTUR MARTORELL<\/b><\/span><\/div>\n<div style=\"text-align: justify;\"> \t\t\t\t\t<a href=\"http:\/\/www.bcn.es\/IMEB\/CDAM\" target=\"_blank\" rel=\"noopener noreferrer\"><strong>http:\/\/www.bcn.es\/IMEB\/CDAM<\/strong><\/a><\/div>\n<div style=\"text-align: justify;\"> \t\t\t\t\tEl Centre de Documentaci\u00f3 Artur Martorell, forma part de l\u2019Institut d\u2019Educaci\u00f3 de l\u2019Ajuntament de Barcelona. D\u00f3na acc\u00e9s als seus serveis i cat\u00e0legs i fons especialitzat en educaci\u00f3 i literatura infantil i juvenil.<\/div>\n<div style=\"text-align: justify;\"> \t\t\t\t\t&nbsp;<\/div>\n<div style=\"text-align: justify;\"> \t\t\t\t\t<span style=\"font-size: xx-small\"><b>UNIVERSITAT DE BARCELONA<\/b><\/span><\/div>\n<div style=\"text-align: justify;\"> \t\t\t\t\t<a href=\"http:\/\/www.ub.es\/\" target=\"_blank\" rel=\"noopener noreferrer\"><strong>http:\/\/www.ub.es<\/strong><\/a><\/div>\n<div style=\"text-align: justify;\"> \t\t\t\t\tD\u00f3na acc\u00e9s a tot el conjunt de recursos i serveis oferts per la universitat. Tamb\u00e9 ofereix informaci\u00f3 sobre la seva organitzaci\u00f3 i estructura.<\/div>\n<div style=\"text-align: justify;\"> \t\t\t\t\t&nbsp;<\/div>\n<div style=\"text-align: justify;\"> \t\t\t\t\t<b>BIBLIOTECA NACIONAL <\/b><\/div>\n<div style=\"text-align: justify;\"> \t\t\t\t\t<b><span style=\"color: blue\"><a href=\"http:\/\/www.bne.es\/\" target=\"_blank\" rel=\"noopener noreferrer\">http:\/\/www.bne.es<\/a><\/span><\/b><\/div>\n<div style=\"text-align: justify;\"> \t\t\t\t\tPermet la consulta al cat\u00e0leg de m\u00e9s de dos milions de documents.<\/div>\n<div style=\"text-align: justify;\"> \t\t\t\t\t&nbsp;<\/div>\n<div style=\"text-align: justify;\"> \t\t\t\t\t<b>BIBLIOTECA DE CATALUNYA <\/b><\/div>\n<div style=\"text-align: justify;\"> \t\t\t\t\t<b><a href=\"http:\/\/www.gencat.es\/bc\" target=\"_blank\" rel=\"noopener noreferrer\">http:\/\/www.gencat.es\/bc<\/a><\/b><\/div>\n<div style=\"text-align: justify;\"> \t\t\t\t\tMolts recursos per a bibliotecaris i sobre el m\u00f3n de les biblioteques en general. Acc\u00e9s al seus cat\u00e0legs, etc. La Biblioteca de Catalunya (BC), fundada el 1907, \u00e9s la biblioteca nacional de Catalunya. La BC constitueix una pe\u00e7a fonamental del mapa cultural del pa\u00eds i \u00e9s una instituci\u00f3 nacional al servei del patrimoni, la recerca i la cooperaci\u00f3.<\/div>\n<div style=\"text-align: justify;\"> \t\t\t\t\t&nbsp;<\/div>\n<div style=\"text-align: justify;\"> \t\t\t\t\t<b>MEDIATECA DELS CENTRES DE RECURSOS PEDAG\u00d2GICS DE CATALUNYA<\/b><\/div>\n<div style=\"text-align: justify;\"> \t\t\t\t\t<b><a href=\"http:\/\/www.xtec.es\/cgi\/mediateca_crp\" target=\"_blank\" rel=\"noopener noreferrer\">http:\/\/www.xtec.es\/cgi\/mediateca_crp<\/a><\/b><\/div>\n<div style=\"text-align: justify;\"> \t\t\t\t\t<span style=\"color: black\">Els Centres de Recursos Pedag\u00f2gics tenen un fons aproximat de 60.000 not\u00edcies documentals. Aquest cat\u00e0leg mostra el conjunt de documents disponibles.<br \/> \t\t\t\t\tEls registres del cat\u00e0leg proporcionen una informaci\u00f3 acurada del material referenciat amb indicaci\u00f3 de la descripci\u00f3 bibliogr\u00e0fica del document, el seu contingut i la seva disponibilitat. <\/span><\/div>\n<div style=\"text-align: justify;\"> \t\t\t\t\t&nbsp;<\/div>\n<div style=\"text-align: justify;\"> \t\t\t\t\t<b>LLISTA D\u2019ENCAP\u00c7ALAMENT DE MAT\u00c8RIES EN CAT\u00c0LA<\/b><\/div>\n<div style=\"text-align: justify;\"> \t\t\t\t\t<b><a href=\"http:\/\/www.gencat.es\/bc\/4_catale\/set4_1.htm\" target=\"_blank\" rel=\"noopener noreferrer\">http:\/\/www.gencat.es\/bc\/4_catale\/set4_1.htm<\/a><\/b><\/div>\n<div style=\"text-align: justify;\"> \t\t\t\t\tOfereix l\u2019acc\u00e9s en aquesta llista de llenguatge controlat. Tamb\u00e9 cont\u00e9 la llista d\u2019autoritats de mat\u00e8ries, adaptada de la LCSH<b>.<\/b><\/div>\n<div style=\"text-align: justify;\"> \t\t\t\t\t&nbsp;<\/div>\n<div style=\"text-align: justify;\"> \t\t\t\t\t<strong>BIBLIOTEQUES DE TOT EL M\u00d3N<\/strong><\/div>\n<div style=\"text-align: justify;\"> \t\t\t\t\t<a href=\"http:\/\/www.cervantesvirtual.com\/bib_mundo\/biblioteca_mundo.shtml\" target=\"_blank\" rel=\"noopener noreferrer\"><strong>http:\/\/www.cervantesvirtual.com\/bib_mundo\/biblioteca_mundo.shtml<\/strong><\/a><\/div>\n<div style=\"text-align: justify;\"> \t\t\t\t\tEs poden trobar totes les biblioteques del estat agrupades per tipologies, comunitats aut\u00f2nomes, cat\u00e0legs en l\u00ednia, biblioteques nacionals, directoris internacionals&#8230;<\/div>\n<div style=\"text-align: justify;\"> \t\t\t\t\t&nbsp;<\/div>\n<div style=\"text-align: justify;\"> \t\t\t\t\t<span style=\"font-size: x-small\"><b><span style=\"color: #993366\">BIBLIOTEQUES VIRTUALS<\/span><\/b><\/span><\/div>\n<div style=\"text-align: justify;\"> \t\t\t\t\t&nbsp;<\/div>\n<div style=\"text\n-align: justify;\"> \t\t\t\t\t<span style=\"font-size: xx-small\"><b>BIBLIOTECA VIRTUAL MIGUEL DE CERVANTES<\/b><\/span><\/div>\n<div style=\"text-align: justify;\"> \t\t\t\t\t<a href=\"http:\/\/cervantesvirtual.com\/\" target=\"_blank\" rel=\"noopener noreferrer\"><strong>http:\/\/cervantesvirtual.com<\/strong><\/a><\/div>\n<div style=\"text-align: justify;\"> \t\t\t\t\tPermet un acc\u00e9s virtual a la biblioteca, amb informaci\u00f3 sobre les seves seccions, serveis i un acc\u00e9s directe al seu cat\u00e0leg.<\/div>\n<div style=\"text-align: justify;\"> \t\t\t\t\t&nbsp;<\/div>\n<div style=\"text-align: justify;\"> \t\t\t\t\t<span style=\"font-size: xx-small\"><b>BIBLIOTECA DE LA UNIVERSITAT OBERTA DE CATALUNYA<\/b><\/span><\/div>\n<div style=\"text-align: justify;\"> \t\t\t\t\t<a href=\"http:\/\/xina.uoc.es:443\/cat\/inici.html\" target=\"_blank\" rel=\"noopener noreferrer\"><strong>http:\/\/xina.uoc.es:443\/cat\/inici.html<\/strong><\/a><\/div>\n<div style=\"text-align: justify;\"> \t\t\t\t\tD\u00f3na acc\u00e9s directe al cat\u00e0leg, els seus serveis i la col\u00b7lecci\u00f3 del seu fons digital.<\/div>\n<div style=\"margin-right: 36pt; text-align: justify;\"> \t\t\t\t\t&nbsp;<\/div>\n<div style=\"margin-right: 36pt; text-align: justify;\"> \t\t\t\t\t<b>BIBLIOTECA VIRTUAL JOAN LLU\u00cdS VIVES<br \/> \t\t\t\t\t<u><span style=\"color: #3366ff\"><a href=\"http:\/\/lluisvives.cervantesvirtual.com\/\" target=\"_blank\" rel=\"noopener noreferrer\">http:\/\/lluisvives.cervantesvirtual.com\/<\/a><\/span><\/u><\/b><\/div>\n<div style=\"text-align: justify;\"> \t\t\t\t\t<span style=\"font-weight: normal\">La<span style=\"color: windowtext\"> <a href=\"http:\/\/lluisvives.com\/\" target=\"_blank\" rel=\"noopener noreferrer\"><span style=\"color: windowtext; text-decoration: none; text-underline: none\">Biblioteca Virtual Joan Llu\u00eds Vives<\/span><\/a><\/span> \u00e9s fruit d\u2019un conveni entre la <a href=\"http:\/\/www.ua.es\/\" target=\"_blank\" rel=\"noopener noreferrer\"><span style=\"color: windowtext; text-decoration: none; text-underline: none\">Universitat d&#8217;Alacant<\/span><\/a> i la Xarxa d&#8217;Universitats que formen l&#8217;<a href=\"http:\/\/www.ijlv.uji.es\/\" target=\"_blank\" rel=\"noopener noreferrer\"><span style=\"color: windowtext; text-decoration: none; text-underline: none\">Institut Joan Llu\u00eds Vives<\/span><\/a>. Amb aquest acord es pret\u00e9n, d&#8217;una banda, aprofitar, potenciar i difondre al m\u00e0xim els fons digitalitzats existents a la xarxa i, d&#8217;una altra, proposar i fer efectiva l&#8217;edici\u00f3 digital de les obres m\u00e9s representatives de la cultura catalana, valenciana i balear<\/span><br \/> \t\t\t\t\t&nbsp;<\/div>\n<table border=\"0\" cellpadding=\"0\" cellspacing=\"0\" style=\"width: 80%\" width=\"80%\">\n<tbody>\n<tr>\n<td style=\"border-right: #d4d0c8; padding-right: 0cm; border-top: #d4d0c8; padding-left: 0cm; padding-bottom: 0cm; border-left: #d4d0c8; width: 100%; padding-top: 0cm; border-bottom: #d4d0c8; background-color: transparent\" width=\"100%\">\n<div style=\"text-align: justify;\"> \t\t\t\t\t\t\t\t\t<strong><span style=\"color: windowtext\">B<\/span><span style=\"color: windowtext\">IBLIOTECA <\/span><span style=\"color: windowtext\">D<\/span><span style=\"color: windowtext\">IGITAL<\/span> DE CATALUNYA<\/strong><\/div>\n<\/td>\n<\/tr>\n<\/tbody>\n<\/table>\n<div style=\"text-align: justify;\"> \t\t\t\t\t<a href=\"http:\/\/www.cbuc.es\/5digital\/5mcdigital.htm\" target=\"_blank\" rel=\"noopener noreferrer\"><strong>http:\/\/www.cbuc.es\/5digital\/5mcdigital.htm<\/strong><\/a><\/div>\n<div style=\"text-align: justify;\"> \t\t\t\t\tLa Biblioteca Digital de Catalunya (BDC) \u00e9s un recull d\u2019informaci\u00f3 electr\u00f2nica (revistes, bases de dades i llibres electr\u00f2nics) subscrita conjuntament per tots els <a href=\"http:\/\/www.cbuc.es\/2biblioteques\/2mcbiblioteques.htm\" target=\"_blank\" rel=\"noopener noreferrer\">membres del CBUC<\/a> i consultable des de qualsevol punt autoritzat de la xarxa, mitjan\u00e7ant control d&#8217;adre\u00e7a IP. Part d&#8217;aquesta informaci\u00f3 (les bases de dades catalanes) \u00e9s oberta a tothom.<\/div>\n<div style=\"text-align: justify;\"> \t\t\t\t\tEls recursos electr\u00f2nics de la BDC s\u00f3n seleccionats segons uns criteris d\u2019inter\u00e8s com\u00fa dels consorciats, que inclouen aspectes de millora en la qualitat de l\u2019acc\u00e9s i en les condicions econ\u00f2miques. L\u2019objectiu \u00e9s oferir un conjunt nuclear d\u2019informaci\u00f3 electr\u00f2nica interdisciplinar per a la totalitat de la comunitat universit\u00e0ria i investigadora de Catalunya, independentment d\u2019on aquestes persones exerceixin aquesta activitat.<\/div>\n<div style=\"text-align: justify;\"> \t\t\t\t\tAquests productes estan lligats a trav\u00e9s d&#8217;enlla\u00e7os amb els altres recursos del CBUC: el <a href=\"http:\/\/www.cbuc.es\/ccuc\/\" target=\"_blank\" rel=\"noopener noreferrer\">CCUC<\/a> i la <a href=\"http:\/\/sumaris.cbuc.es\/\" target=\"_blank\" rel=\"noopener noreferrer\">Base de dades de sumaris<\/a>.<\/div>\n<div style=\"text-align: justify;\"> \t\t\t\t\tLa BDC va iniciar les seves activitats el 1999 i des de llavors s&#8217;han subscrit diversos recursos electr\u00f2nics. A Setembre de 2004 estan disponibles:<\/div>\n<ul type=\"disc\">\n<li style=\"text-align: justify;\"> \t\t\t\t\t\t<span style=\"font-weight: normal\">6.800 revistes electr\u00f2niques <\/span><\/li>\n<li style=\"text-align: justify;\"> \t\t\t\t\t\t<span style=\"font-weight: normal\">1.850 llibres electr\u00f2nics <\/span><\/li>\n<li style=\"text-align: justify;\"> \t\t\t\t\t\t<span style=\"font-weight: normal\">28 bases de dades contractades <\/span><\/li>\n<li style=\"text-align: justify;\"> \t\t\t\t\t\t<span style=\"font-weight: normal\">20 bases de dades catalanes <\/span><\/li>\n<\/ul>\n<div style=\"text-align: justify;\"> \t\t\t\t\tLa BDC compta amb el suport del <a href=\"http:\/\/www10.gencat.net\/dursi\/AppJava\/home.jsp?area=0\" target=\"_top\" rel=\"noopener noreferrer\">Departament d&#8217;Universitats, Recerca i Societat de la Informaci\u00f3<\/a> de la Generalitat de Catalunya.<\/div>\n<div style=\"line-height: 12pt; margin-right: 36pt; text-align: justify;\"> \t\t\t\t\t&nbsp;<\/div>\n<div style=\"line-height: 12pt; margin-right: 36pt; text-align: justify;\"> \t\t\t\t\t<b>BIBLIOTHEQUE NATIONAL DE FRANCE. GALLICA BIBLIOTH\u00c8QUE VIRTUALLE<\/b><\/div>\n<div style=\"line-height: 12pt; margin-right: 36pt; text-align: justify;\"> \t\t\t\t\t<b><a href=\"http:\/\/gallica.bnf.fr\/\" target=\"_blank\" rel=\"noopener noreferrer\">http:\/\/gallica.bnf.fr\/<\/a><\/b><\/div>\n<div style=\"text-align: justify;\"> \t\t\t\t\t8000 documents numerats, una navegaci\u00f3 intuitiva. La nova versi\u00f3 de <i>Gallica<\/i> estableix l\u2019actualitzaci\u00f3 m\u00e9s important des de la creaci\u00f3 d\u2019aquest servidor a l\u2019octubre de 1997.El lector accedeix actualment a una biblioteca multim\u00e8dia en la qual es poden trobar recursos documentals des de l\u2019Edat Mitjana fins a principis del del segle XX.<\/div>\n<div style=\"text-align: justify;\"> \t\t\t\t\t&nbsp;<\/div>\n<div style=\"text-align: justify;\"> \t\t\t\t\t<span style=\"font-size: x-small\"><span style=\"color: #993366\"><strong>SELECCIONS BIBLIOGR\u00c0FIQUES<\/strong><\/span><\/span><\/div>\n<div style=\"text-align: justify;\"> \t\t\t\t\t&nbsp;<\/div>\n<div style=\"text-align: justify;\"> \t\t\t\t\t<span style=\"font-size: xx-small\"><b>SIS. SERVEI D&#8217;INFORMACI\u00d3 SELECTIVA<\/b><\/span><\/div>\n<div style=\"text-align: justify;\"> \t\t\t\t\t<span style=\"font-size: xx-small\"><strong>Departament de Cultura de la Generalitat<\/strong><\/span><\/div>\n<div style=\"text-align: justify;\"> \t\t\t\t\t<u><span style=\"color: blue\"><a href=\"http:\/\/cultura.gencat.net\/bibliografia\/bibliog.htm\" target=\"_blank\" rel=\"noopener noreferrer\"><strong>http:\/\/cultura.gencat.net\/bibliografia\/bibliog.htm<\/strong><\/a><\/span><\/u><\/div>\n<div style=\"text-align: justify;\"> \t\t\t\t\t&nbsp;<\/div>\n<table border=\"0\" cellpadding=\"0\" cellspacing=\"0\" style=\"border-collapse: collapse\">\n<tbody>\n<tr>\n<td bgcolor=\"#ccffff\" style=\"border-right: #d4d0c8; padding-right: 3.5pt; border-top: #d4d0c8; padding-left: 3.5pt; padding-bottom: 0cm; border-left: #d4d0c8; width: 156.5pt; padding-top: 0cm; border-bottom: #d4d0c8; background-color: transparent\" valign=\"top\" width=\"235\">\n<div style=\"text-align: justify;\"> \t\t\t\t\t\t\t\t\t&nbsp;<\/div>\n<\/td>\n<td style=\"border-right: #d4d0c8; padding-right: 3.5pt; border-top: #d4d0c8; padding-left: 3.5pt; padding-bottom: 0cm; border-left: #d4d0c8; width: 108pt; padding-top: 0cm; border-bottom: #d4d0c8; background-color: transparent\" valign=\"top\" width=\"162\">\n<div style=\"text-align: justify;\"> \t\t\t\t\t\t\t\t\t<span style=\"font-size: xx-small\"><span style=\"color: #993366\"><a href=\"http:\/\/cultura.gencat.net\/bibliografia\/cerca.asp\" target=\"_blank\" rel=\"noopener noreferrer\"><span style=\"color: #993366\"><strong>Cerca b\u00e0sica<\/strong><\/span><\/a><\/span><\/span><\/div>\n<\/td>\n<td style=\"border-right: #d4d0c8; padding-right: 3\n.5pt; border-top: #d4d0c8; padding-left: 3.5pt; padding-bottom: 0cm; border-left: #d4d0c8; width: 144pt; padding-top: 0cm; border-bottom: #d4d0c8; background-color: transparent\" valign=\"top\" width=\"216\"> \t\t\t\t\t\t\t\t<\/p>\n<div style=\"text-align: justify;\"> \t\t\t\t\t\t\t\t\t<span style=\"font-size: xx-small\"><span style=\"color: #993366\"><a href=\"http:\/\/cultura.gencat.net\/bibliografia\/BiblioCercaAvan.asp\" target=\"_blank\" rel=\"noopener noreferrer\"><span style=\"color: #993366\"><strong>Cerca avan\u00e7ada<\/strong><\/span><\/a><\/span><\/span><\/div>\n<\/td>\n<\/tr>\n<tr>\n<td style=\"border-right: #d4d0c8; padding-right: 3.5pt; border-top: #d4d0c8; padding-left: 3.5pt; padding-bottom: 0cm; border-left: #d4d0c8; width: 156.5pt; padding-top: 0cm; border-bottom: #d4d0c8; background-color: transparent\" valign=\"top\" width=\"235\">\n<div style=\"text-align: justify;\"> \t\t\t\t\t\t\t\t\t<span style=\"font-size: xx-small\"><span style=\"color: #993366\"><a href=\"http:\/\/cultura.gencat.net\/bibliografia\/bibliog.htm\" target=\"_blank\" rel=\"noopener noreferrer\"><span style=\"color: #993366\"><strong>Bibliografies de novetats<\/strong><\/span><\/a><\/span><\/span><\/div>\n<\/td>\n<td bgcolor=\"#ccffff\" style=\"border-right: #d4d0c8; padding-right: 3.5pt; border-top: #d4d0c8; padding-left: 3.5pt; padding-bottom: 0cm; border-left: #d4d0c8; width: 108pt; padding-top: 0cm; border-bottom: #d4d0c8; background-color: transparent\" valign=\"top\" width=\"162\">\n<div style=\"text-align: justify;\"> \t\t\t\t\t\t\t\t\t<span style=\"font-size: xx-small\"><span style=\"color: #993366\"><a href=\"http:\/\/cultura.gencat.net\/bibliografia\/bibliogt.htm\" target=\"_blank\" rel=\"noopener noreferrer\"><span style=\"color: #993366\"><strong>Lots b\u00e0sics<\/strong><\/span><\/a><\/span><\/span><\/div>\n<\/td>\n<td style=\"border-right: #d4d0c8; padding-right: 3.5pt; border-top: #d4d0c8; padding-left: 3.5pt; padding-bottom: 0cm; border-left: #d4d0c8; width: 144pt; padding-top: 0cm; border-bottom: #d4d0c8; background-color: transparent\" valign=\"top\" width=\"216\">\n<div style=\"text-align: justify;\"> \t\t\t\t\t\t\t\t\t&nbsp;<\/div>\n<\/td>\n<\/tr>\n<tr>\n<td style=\"border-right: #d4d0c8; padding-right: 3.5pt; border-top: #d4d0c8; padding-left: 3.5pt; padding-bottom: 0cm; border-left: #d4d0c8; width: 156.5pt; padding-top: 0cm; border-bottom: #d4d0c8; background-color: transparent\" valign=\"top\" width=\"235\">\n<div style=\"text-align: justify;\"> \t\t\t\t\t\t\t\t\t&nbsp;<\/div>\n<\/td>\n<td style=\"border-right: #d4d0c8; padding-right: 3.5pt; border-top: #d4d0c8; padding-left: 3.5pt; padding-bottom: 0cm; border-left: #d4d0c8; width: 108pt; padding-top: 0cm; border-bottom: #d4d0c8; background-color: transparent\" valign=\"top\" width=\"162\">\n<div style=\"text-align: justify;\"> \t\t\t\t\t\t\t\t\t&nbsp;<\/div>\n<\/td>\n<td style=\"border-right: #d4d0c8; padding-right: 3.5pt; border-top: #d4d0c8; padding-left: 3.5pt; padding-bottom: 0cm; border-left: #d4d0c8; width: 144pt; padding-top: 0cm; border-bottom: #d4d0c8; background-color: transparent\" valign=\"top\" width=\"216\">\n<div style=\"text-align: justify;\"> \t\t\t\t\t\t\t\t\t&nbsp;<\/div>\n<\/td>\n<\/tr>\n<\/tbody>\n<\/table>\n<div style=\"text-align: justify;\"> \t\t\t\t\t&nbsp;<\/div>\n<div style=\"text-align: justify;\"> \t\t\t\t\tLa bibliografia de novetats \u00e9s una publicaci\u00f3 trimestral que ofereix una selecci\u00f3 de les novetats editorials m\u00e9s interessants dels diferents camps del saber, per orientar en el desenvolupament de les col\u00b7leccions de les biblioteques p\u00fabliques.<\/div>\n<div style=\"text-align: justify;\"> \t\t\t\t\t&nbsp;<\/div>\n<div style=\"text-align: justify;\"> \t\t\t\t\t&nbsp;<\/div>\n<div style=\"text-align: justify;\"> \t\t\t\t\t<span style=\"font-size: xx-small\"><strong>SELECCI\u00d3N B\u00c1SICA PARA BIBLIOTECAS ESCOLARES<\/strong><\/span><\/div>\n<div style=\"text-align: justify;\"> \t\t\t\t\t<span style=\"font-size: xx-small\"><strong>Fundaci\u00f3n Germ\u00e1n S\u00e1nchez Ruip\u00e9rez<\/strong><\/span><\/div>\n<div style=\"text-align: justify;\"> \t\t\t\t\t<u><span style=\"color: blue\"><a href=\"http:\/\/www.fundaciongsr.org\/database\/bescolar\/primera.htm\" target=\"_blank\" rel=\"noopener noreferrer\"><strong>http:\/\/www.fundaciongsr.org\/database\/bescolar\/primera.htm<\/strong><\/a><\/span><\/u><\/div>\n<div style=\"text-align: justify;\"> \t\t\t\t\tLa selecci\u00f3n presenta 3140 t\u00edtulos de obras de ficci\u00f3n y de car\u00e1cter informativo que pueden servir de orientaci\u00f3n para la creaci\u00f3n o mantenimiento de la colecci\u00f3n de una biblioteca escolar, contemplando los diferentes tramos educativos, desde Educaci\u00f3n Infantil a Bachillerato.<\/div>\n<div style=\"text-align: justify;\"> \t\t\t\t\t<span style=\"font-weight: normal\">Se ha buscado un equilibrio en cuanto a la tipolog\u00eda de los fondos: obras de referencia, obras informativas de car\u00e1cter divulgativo y obras de ficci\u00f3n. En las obras informativas se ha procurado la presencia de las materias curriculares en cada uno de los niveles educativos. No obstante, la disponibilidad de obras en el mercado ha modificado la proporci\u00f3n entre ficci\u00f3n y conocimiento inicialmente prevista, quedando en un 51 % de obras informativas, un 43 % de obras de ficci\u00f3n y un 5 % de registros musicales.<\/p>\n<p> \t\t\t\t\tLa representaci\u00f3n de las distintas lenguas oficiales de Espa\u00f1a no se plantea de una manera exhaustiva. La distribuci\u00f3n por lenguas guarda relaci\u00f3n con el volumen de edici\u00f3n, salvo en el caso de obras en gallego que se completar\u00e1n en pr\u00f3ximas ediciones. Este trabajo ha sido realizado por el Centro Internacional del Libro Infantil y Juvenil, que ha contado con la colaboraci\u00f3n de Eliacer Cansino para las obras de literatura del nivel de Bachillerato, Xos\u00e9 A. Neira para los t\u00edtulos en gallego, Xavier Etxaniz para los t\u00edtulos en euskera y de la Associaci\u00f3 de Mestres Rosa Sensat para los t\u00edtulos en catal\u00e1n.<\/span><\/div>\n<div style=\"text-align: justify;\"> \t\t\t\t\t&nbsp;<\/div>\n<div style=\"text-align: justify;\"> \t\t\t\t\t&nbsp;<\/div>\n<div style=\"text-align: justify;\"> \t\t\t\t\t<span style=\"font-size: xx-small\"><strong>SEMINARI DE BIBLIOGRAFIA INFANTIL I JUVENIL DE ROSA SENSAT<\/strong><\/span><\/div>\n<div style=\"text-align: justify;\"> \t\t\t\t\t<u><span style=\"color: blue\"><a href=\"http:\/\/www.rosasensat.org\/marco.htm\" target=\"_blank\" rel=\"noopener noreferrer\"><strong>http:\/\/www.rosasensat.org\/marco.htm<\/strong><\/a><\/span><\/u><\/div>\n<div style=\"text-align: justify;\"> \t\t\t\t\t<i><strong>Quins llibres han de llegir els nens&#8221;<\/strong><\/i><span style=\"font-weight: normal\"> \u00e9s la publicaci\u00f3 quadrimestral del Seminari amb col\u00b7laboraci\u00f3 amb la Cooperativa ABACUS. En aquesta publicaci\u00f3 hi figuren els t\u00edtols de literatura infantil i juvenil seleccionats com a m\u00e9s rellevants pel seminari. El nostre treball, per\u00f2, va m\u00e9s enll\u00e0, ja que molts llibres que segons el nostre parer s\u00f3n prou dignes, encara que no destaquin com a innovadors de text o d&#8217;il\u00b7lustracions, no figuren en la publicaci\u00f3.<\/span><\/div>\n<div style=\"text-align: justify;\"> \t\t\t\t\t<span style=\"font-weight: normal\">Des del comen\u00e7ament del seminari, als anys seixanta, s&#8217;ha anat elaborant una base de dades amb tots els llibres treballats, tots classificats per edat i tipologia, i alguns amb comentari incorporat. Actualment aquesta base de dades abasta uns vint mil t\u00edtols. <\/span><\/div>\n<div style=\"text-align: justify;\"> \t\t\t\t\t<span style=\"font-weight: normal\">Pensem que aquest treball cal que es conegui ja que pot ser \u00fatil per a totes les biblioteques, sobretot les escolars. \u00c9s per aix\u00f2 que posem el fitxer comprimit a la vostra disposici\u00f3. Nom\u00e9s cal que us el descarregueu al vostre ordinador, el descomprimiu i l&#8217;obriu des del programa <\/span><strong><i>MICROSOFT ACCESS.<\/i><\/strong><\/div>\n<div style=\"text-align: justify;\"> \t\t\t\t\t&nbsp;<\/div>\n<div style=\"text-align: justify;\"> \t\t\t\t\t&nbsp;<\/div>\n<div style=\"text-align: justify;\"> \t\t\t\t\t<span style=\"font-size: xx-small\"><strong>SOL: SERVICIO DE ORIENTACI\u00d3N A LA LECTURA <\/strong><\/span><\/div>\n<div style=\"text-align: justify;\"> \t\t\t\t\t<span style=\"font-size: xx-small\"><strong>Fundaci\u00f3n Germ\u00e1n S\u00e1nchez Ruip\u00e9rez<\/strong><\/span><\/div>\n<div style=\"text-align: justify;\"> \t\t\t\t\t<u><span style=\"font-weight: normal; font-size: 14pt; color: blue\"><a href=\"http:\/\/www.sol-e.com\/\" target=\"_blank\" rel=\"noopener noreferrer\"><strong><span style=\"font-size: xx-small\">http:\/<br \/>\n\/www.sol-e.com\/<\/span><\/strong><\/a><\/span><\/u><\/div>\n<div style=\"text-align: justify;\"> \t\t\t\t\t&nbsp;<\/div>\n<\/td>\n<\/tr>\n<tr>\n<td style=\"text-align: justify;\"> \t\t\t\t<img loading=\"lazy\" decoding=\"async\" alt=\"\" height=\"15\" src=\"\/iesmarti-i-pol\/images\/stories\/espai.gif\" width=\"15\" \/><\/td>\n<td bgcolor=\"#ffffcc\"> \t\t\t\t<span style=\"color: #800000\">P\u00e0gina de les biblioteques de Salt, molt interessant sobre diferents recursos<\/span><br \/> \t\t\t\t<a href=\"http:\/\/www.bibgirona.net\/salt\/autoaprenentage\/planes\/recursos.htm\" target=\"_blank\" rel=\"noopener noreferrer\"><span style=\"color: #800000\"><strong>http:\/\/www.bibgirona.net\/salt\/autoaprenentage\/planes\/recursos.htm<\/strong><\/span><\/a><\/td>\n<\/tr>\n<tr>\n<td> \t\t\t\t&nbsp;<\/td>\n<td> \t\t\t\t<span style=\"color: #800000\">P\u00e0gina de les biblioteques de Salt, molt interessant sobre la cerca d&#8217;informaci\u00f3, per treballar els treballs de recerca i d&#8217;altres tipus<\/span><br \/> \t\t\t\t<a href=\"http:\/\/www.bibgirona.net\/salt\/autoaprenentage\/planes\/recerca.htm\" target=\"_blank\" rel=\"noopener noreferrer\"><span style=\"color: #800000\"><strong>http:\/\/www.bibgirona.net\/salt\/autoaprenentage\/planes\/recerca.htm<\/strong><\/span><\/a><\/td>\n<\/tr>\n<tr>\n<td> \t\t\t\t&nbsp;<\/td>\n<td bgcolor=\"#ffffcc\"> \t\t\t\t<span style=\"color: #800000\">La p\u00e0gina del CBUC, la xarxa de biblioteques de les universitats de Catalunya. \u00c9s interessant aquesta subp\u00e0gina pels sumaris de les revistes . Nosaltres rebem el Cuadernos de pedagog\u00eda, Serra d&#8217;or, revista de infermeria (Rol), Aula, Escola catalana, Guix, Perspectiva escolar, M\u00e8tode, Aitim.<\/span><br \/> \t\t\t\t<a href=\"http:\/\/sumaris.cbuc.es\/\" target=\"_blank\" rel=\"noopener noreferrer\"><span style=\"color: #800000\"><strong>http:\/\/sumaris.cbuc.es\/<\/strong><\/span><\/a><\/td>\n<\/tr>\n<tr>\n<td> \t\t\t\t&nbsp;<\/td>\n<td> \t\t\t\t<strong><span style=\"color: #0000cc\"><a href=\"\/iesmarti-i-pol\/files\/biblioteca\/recursos_digitals.pdf\" target=\"_blank\" rel=\"noopener noreferrer\"><span style=\"color: #800000\">Fonts d\u2019informaci\u00f3 digitals recomanades per a la biblioteca escolar<\/span><\/a> <\/span><\/strong><span style=\"color: #800000\">(Programa Biblioteca escolar \u201cpuntedu\u201d)<\/span><\/td>\n<\/tr>\n<\/tbody>\n<\/table>\n<p> \t&nbsp;<\/p>\n","protected":false},"excerpt":{"rendered":"<p>&nbsp; ADRECES WEB D\u2019INTER\u00c8S &nbsp; &nbsp; CAT\u00c0LEGS DE BIBLIOTEQUES &nbsp; CAT\u00c0LEG COL\u00b7LECTIU DE LA XARXA DE BIBLIOTEQUES DE LA DIPUTACI\u00d3 DE BARCELONA http:\/\/gw24-vtls.diba.es\/vtls\/catalan\/ Acc\u00e9s al cat\u00e0leg col\u00b7lectiu de totes les biblioteques de la Xarxa de la Diputaci\u00f3. Servei de lliurament de documents i de pr\u00e9stec via web. &nbsp; CAT\u00c0LEG COL\u00b7LECTIU DE LES UNIVERSITATS DE CATALUNYA [&hellip;]<\/p>\n","protected":false},"author":1,"featured_media":0,"comment_status":"closed","ping_status":"open","sticky":false,"template":"","format":"standard","meta":{"_bbp_topic_count":0,"_bbp_reply_count":0,"_bbp_total_topic_count":0,"_bbp_total_reply_count":0,"_bbp_voice_count":0,"_bbp_anonymous_reply_count":0,"_bbp_topic_count_hidden":0,"_bbp_reply_count_hidden":0,"_bbp_forum_subforum_count":0,"site-sidebar-layout":"default","site-content-layout":"","ast-site-content-layout":"","site-content-style":"default","site-sidebar-style":"default","ast-global-header-display":"","ast-banner-title-visibility":"","ast-main-header-display":"","ast-hfb-above-header-display":"","ast-hfb-below-header-display":"","ast-hfb-mobile-header-display":"","site-post-title":"","ast-breadcrumbs-content":"","ast-featured-img":"","footer-sml-layout":"","theme-transparent-header-meta":"","adv-header-id-meta":"","stick-header-meta":"","header-above-stick-meta":"","header-main-stick-meta":"","header-below-stick-meta":"","astra-migrate-meta-layouts":"default","ast-page-background-enabled":"default","ast-page-background-meta":{"desktop":{"background-color":"var(--ast-global-color-4)","background-image":"","background-repeat":"repeat","background-position":"center center","background-size":"auto","background-attachment":"scroll","background-type":"","background-media":"","overlay-type":"","overlay-color":"","overlay-opacity":"","overlay-gradient":""},"tablet":{"background-color":"","background-image":"","background-repeat":"repeat","background-position":"center center","background-size":"auto","background-attachment":"scroll","background-type":"","background-media":"","overlay-type":"","overlay-color":"","overlay-opacity":"","overlay-gradient":""},"mobile":{"background-color":"","background-image":"","background-repeat":"repeat","background-position":"center center","background-size":"auto","background-attachment":"scroll","background-type":"","background-media":"","overlay-type":"","overlay-color":"","overlay-opacity":"","overlay-gradient":""}},"ast-content-background-meta":{"desktop":{"background-color":"var(--ast-global-color-5)","background-image":"","background-repeat":"repeat","background-position":"center center","background-size":"auto","background-attachment":"scroll","background-type":"","background-media":"","overlay-type":"","overlay-color":"","overlay-opacity":"","overlay-gradient":""},"tablet":{"background-color":"var(--ast-global-color-5)","background-image":"","background-repeat":"repeat","background-position":"center center","background-size":"auto","background-attachment":"scroll","background-type":"","background-media":"","overlay-type":"","overlay-color":"","overlay-opacity":"","overlay-gradient":""},"mobile":{"background-color":"var(--ast-global-color-5)","background-image":"","background-repeat":"repeat","background-position":"center center","background-size":"auto","background-attachment":"scroll","background-type":"","background-media":"","overlay-type":"","overlay-color":"","overlay-opacity":"","overlay-gradient":""}},"footnotes":""},"categories":[347,351],"tags":[],"class_list":["post-2396","post","type-post","status-publish","format-standard","hentry","category-general","category-portada"],"post_mailing_queue_ids":[],"_links":{"self":[{"href":"https:\/\/agora.xtec.cat\/iesmarti-i-pol\/wp-json\/wp\/v2\/posts\/2396","targetHints":{"allow":["GET"]}}],"collection":[{"href":"https:\/\/agora.xtec.cat\/iesmarti-i-pol\/wp-json\/wp\/v2\/posts"}],"about":[{"href":"https:\/\/agora.xtec.cat\/iesmarti-i-pol\/wp-json\/wp\/v2\/types\/post"}],"author":[{"embeddable":true,"href":"https:\/\/agora.xtec.cat\/iesmarti-i-pol\/wp-json\/wp\/v2\/users\/1"}],"replies":[{"embeddable":true,"href":"https:\/\/agora.xtec.cat\/iesmarti-i-pol\/wp-json\/wp\/v2\/comments?post=2396"}],"version-history":[{"count":2,"href":"https:\/\/agora.xtec.cat\/iesmarti-i-pol\/wp-json\/wp\/v2\/posts\/2396\/revisions"}],"predecessor-version":[{"id":15191,"href":"https:\/\/agora.xtec.cat\/iesmarti-i-pol\/wp-json\/wp\/v2\/posts\/2396\/revisions\/15191"}],"wp:attachment":[{"href":"https:\/\/agora.xtec.cat\/iesmarti-i-pol\/wp-json\/wp\/v2\/media?parent=2396"}],"wp:term":[{"taxonomy":"category","embeddable":true,"href":"https:\/\/agora.xtec.cat\/iesmarti-i-pol\/wp-json\/wp\/v2\/categories?post=2396"},{"taxonomy":"post_tag","embeddable":true,"href":"https:\/\/agora.xtec.cat\/iesmarti-i-pol\/wp-json\/wp\/v2\/tags?post=2396"}],"curies":[{"name":"wp","href":"https:\/\/api.w.org\/{rel}","templated":true}]}}