{"id":23516,"date":"2023-03-06T19:30:44","date_gmt":"2023-03-06T18:30:44","guid":{"rendered":"https:\/\/agora.xtec.cat\/iesmarti-i-pol\/?p=23516"},"modified":"2023-03-06T19:35:48","modified_gmt":"2023-03-06T18:35:48","slug":"el-professorat-de-cicles-formatius-tambe-participa-a-lerasmus","status":"publish","type":"post","link":"https:\/\/agora.xtec.cat\/iesmarti-i-pol\/general\/el-professorat-de-cicles-formatius-tambe-participa-a-lerasmus\/","title":{"rendered":"El professorat de Cicles Formatius, tamb\u00e9 participa a l&#8217;Erasmus+"},"content":{"rendered":"<p>El nostre company Miguel Fabra, de Cicles Formatius, va tornar el divendres de passar uns dies fent un &#8220;job shadowing&#8221; dins dels projectes Erasmus+ de FP. A continuaci\u00f3 teniu un petit text, amb la seva experi\u00e8ncia:<\/p>\n<p>&#8220;<em>Soc Miguel, professor de la fam\u00edlia d\u2019electricitat-electr\u00f2nica, i he estat fent una estada Erasmus del 27 de febrer fins el 3 de mar\u00e7 a Bergish Galdbach, Col\u00f2nia, Alemanya. Aquesta experi\u00e8ncia l\u2019he compartida amb una professora espanyola de la fam\u00edlia sanit\u00e0ria, i un professor itali\u00e0 de la fam\u00edlia econ\u00f2mica.<\/em><\/p>\n<figure id=\"attachment_23521\" aria-describedby=\"caption-attachment-23521\" style=\"width: 388px\" class=\"wp-caption alignleft\"><a href=\"https:\/\/agora.xtec.cat\/iesmarti-i-pol\/wp-content\/uploads\/usu1292\/2023\/03\/Miguel.png\"><img loading=\"lazy\" decoding=\"async\" class=\" wp-image-23521\" src=\"https:\/\/agora.xtec.cat\/iesmarti-i-pol\/wp-content\/uploads\/usu1292\/2023\/03\/Miguel.png\" alt=\"\" width=\"388\" height=\"294\" srcset=\"https:\/\/agora.xtec.cat\/iesmarti-i-pol\/wp-content\/uploads\/usu1292\/2023\/03\/Miguel.png 604w, https:\/\/agora.xtec.cat\/iesmarti-i-pol\/wp-content\/uploads\/usu1292\/2023\/03\/Miguel-300x227.png 300w\" sizes=\"auto, (max-width: 388px) 100vw, 388px\" \/><\/a><figcaption id=\"caption-attachment-23521\" class=\"wp-caption-text\"><em>En Miguel amb els companys<\/em><\/figcaption><\/figure>\n<p><em>L\u2019estada va consistir en diverses activitats per aprofundir en el coneixement del sistema educatiu alemany, anant des de l\u2019assist\u00e8ncia a classes de professors d\u2019all\u00ed, fins participar en col\u00b7loquis informals sobre educaci\u00f3, o compartir material educatiu. Podr\u00edem dir que s\u00f3n uns dies on en tot moment reflexiones envers l\u2019ensenyament.<\/em><\/p>\n<p><em>Una de les coses que m\u00e9s m\u2019ha sorpr\u00e8s \u00e9s la similitud que hi ha de la pr\u00e0ctica docent. Tant de la tend\u00e8ncia, per part del professorat, a prioritzar els projectes o problemes\/exercicis a classe, i tamb\u00e9 de la semblan\u00e7a de les problem\u00e0tiques amb els estudiants (mancan\u00e7a de motivaci\u00f3, addicci\u00f3 al m\u00f2bil, etc.).<\/em><\/p>\n<p><em>Aix\u00ed mateix, podria afirmar que \u00e9s un privilegi i un plaer viure aquestes experi\u00e8ncies, perqu\u00e8 fas un exercici de \u201czoom out\u201d, \u00e9s a dir, de sortir del teu pensament i de la teva perspectiva.<\/em><\/p>\n<p>&nbsp;<\/p>\n<figure id=\"attachment_23520\" aria-describedby=\"caption-attachment-23520\" style=\"width: 361px\" class=\"wp-caption alignleft\"><a href=\"https:\/\/agora.xtec.cat\/iesmarti-i-pol\/wp-content\/uploads\/usu1292\/2023\/03\/Aula-automatismes.png\"><img loading=\"lazy\" decoding=\"async\" class=\" wp-image-23520\" src=\"https:\/\/agora.xtec.cat\/iesmarti-i-pol\/wp-content\/uploads\/usu1292\/2023\/03\/Aula-automatismes.png\" alt=\"\" width=\"361\" height=\"274\" srcset=\"https:\/\/agora.xtec.cat\/iesmarti-i-pol\/wp-content\/uploads\/usu1292\/2023\/03\/Aula-automatismes.png 604w, https:\/\/agora.xtec.cat\/iesmarti-i-pol\/wp-content\/uploads\/usu1292\/2023\/03\/Aula-automatismes-300x227.png 300w\" sizes=\"auto, (max-width: 361px) 100vw, 361px\" \/><\/a><figcaption id=\"caption-attachment-23520\" class=\"wp-caption-text\">Aula d&#8217;automatismes<\/figcaption><\/figure>\n<figure id=\"attachment_23518\" aria-describedby=\"caption-attachment-23518\" style=\"width: 361px\" class=\"wp-caption alignleft\"><a href=\"https:\/\/agora.xtec.cat\/iesmarti-i-pol\/wp-content\/uploads\/usu1292\/2023\/03\/Sala-professorat-1.png\"><img loading=\"lazy\" decoding=\"async\" class=\" wp-image-23518\" src=\"https:\/\/agora.xtec.cat\/iesmarti-i-pol\/wp-content\/uploads\/usu1292\/2023\/03\/Sala-professorat-1.png\" alt=\"\" width=\"361\" height=\"273\" srcset=\"https:\/\/agora.xtec.cat\/iesmarti-i-pol\/wp-content\/uploads\/usu1292\/2023\/03\/Sala-professorat-1.png 604w, https:\/\/agora.xtec.cat\/iesmarti-i-pol\/wp-content\/uploads\/usu1292\/2023\/03\/Sala-professorat-1-300x227.png 300w, https:\/\/agora.xtec.cat\/iesmarti-i-pol\/wp-content\/uploads\/usu1292\/2023\/03\/Sala-professorat-1-200x150.png 200w\" sizes=\"auto, (max-width: 361px) 100vw, 361px\" \/><\/a><figcaption id=\"caption-attachment-23518\" class=\"wp-caption-text\">Sala professorat<\/figcaption><\/figure>\n<figure id=\"attachment_23519\" aria-describedby=\"caption-attachment-23519\" style=\"width: 358px\" class=\"wp-caption alignleft\"><a href=\"https:\/\/agora.xtec.cat\/iesmarti-i-pol\/wp-content\/uploads\/usu1292\/2023\/03\/Mural-de-linstitut.png\"><img loading=\"lazy\" decoding=\"async\" class=\" wp-image-23519\" src=\"https:\/\/agora.xtec.cat\/iesmarti-i-pol\/wp-content\/uploads\/usu1292\/2023\/03\/Mural-de-linstitut.png\" alt=\"\" width=\"358\" height=\"272\" srcset=\"https:\/\/agora.xtec.cat\/iesmarti-i-pol\/wp-content\/uploads\/usu1292\/2023\/03\/Mural-de-linstitut.png 604w, https:\/\/agora.xtec.cat\/iesmarti-i-pol\/wp-content\/uploads\/usu1292\/2023\/03\/Mural-de-linstitut-300x227.png 300w\" sizes=\"auto, (max-width: 358px) 100vw, 358px\" \/><\/a><figcaption id=\"caption-attachment-23519\" class=\"wp-caption-text\">Mural de l&#8217;institut<\/figcaption><\/figure>\n<p>&nbsp;<\/p>\n<p>&nbsp;<\/p>\n<p>&nbsp;<\/p>\n<p>&nbsp;<\/p>\n<p>&nbsp;<\/p>\n<p>&nbsp;<\/p>\n<p>&nbsp;<\/p>\n<p>&nbsp;<\/p>\n<p>&nbsp;<\/p>\n","protected":false},"excerpt":{"rendered":"<p>El nostre company Miguel Fabra, de Cicles Formatius, va tornar el divendres de passar uns dies fent un &#8220;job shadowing&#8221; dins dels projectes Erasmus+ de FP. A continuaci\u00f3 teniu un petit text, amb la seva experi\u00e8ncia: &#8220;Soc Miguel, professor de la fam\u00edlia d\u2019electricitat-electr\u00f2nica, i he estat fent una estada Erasmus del 27 de febrer fins [&hellip;]<\/p>\n","protected":false},"author":71,"featured_media":23521,"comment_status":"open","ping_status":"closed","sticky":false,"template":"","format":"standard","meta":{"_bbp_topic_count":0,"_bbp_reply_count":0,"_bbp_total_topic_count":0,"_bbp_total_reply_count":0,"_bbp_voice_count":0,"_bbp_anonymous_reply_count":0,"_bbp_topic_count_hidden":0,"_bbp_reply_count_hidden":0,"_bbp_forum_subforum_count":0,"site-sidebar-layout":"default","site-content-layout":"","ast-site-content-layout":"","site-content-style":"default","site-sidebar-style":"default","ast-global-header-display":"","ast-banner-title-visibility":"","ast-main-header-display":"","ast-hfb-above-header-display":"","ast-hfb-below-header-display":"","ast-hfb-mobile-header-display":"","site-post-title":"","ast-breadcrumbs-content":"","ast-featured-img":"","footer-sml-layout":"","theme-transparent-header-meta":"","adv-header-id-meta":"","stick-header-meta":"","header-above-stick-meta":"","header-main-stick-meta":"","header-below-stick-meta":"","astra-migrate-meta-layouts":"default","ast-page-background-enabled":"default","ast-page-background-meta":{"desktop":{"background-color":"var(--ast-global-color-4)","background-image":"","background-repeat":"repeat","background-position":"center center","background-size":"auto","background-attachment":"scroll","background-type":"","background-media":"","overlay-type":"","overlay-color":"","overlay-opacity":"","overlay-gradient":""},"tablet":{"background-color":"","background-image":"","background-repeat":"repeat","background-position":"center center","background-size":"auto","background-attachment":"scroll","background-type":"","background-media":"","overlay-type":"","overlay-color":"","overlay-opacity":"","overlay-gradient":""},"mobile":{"background-color":"","background-image":"","background-repeat":"repeat","background-position":"center center","background-size":"auto","background-attachment":"scroll","background-type":"","background-media":"","overlay-type":"","overlay-color":"","overlay-opacity":"","overlay-gradient":""}},"ast-content-background-meta":{"desktop":{"background-color":"var(--ast-global-color-5)","background-image":"","background-repeat":"repeat","background-position":"center center","background-size":"auto","background-attachment":"scroll","background-type":"","background-media":"","overlay-type":"","overlay-color":"","overlay-opacity":"","overlay-gradient":""},"tablet":{"background-color":"var(--ast-global-color-5)","background-image":"","background-repeat":"repeat","background-position":"center center","background-size":"auto","background-attachment":"scroll","background-type":"","background-media":"","overlay-type":"","overlay-color":"","overlay-opacity":"","overlay-gradient":""},"mobile":{"background-color":"var(--ast-global-color-5)","background-image":"","background-repeat":"repeat","background-position":"center center","background-size":"auto","background-attachment":"scroll","background-type":"","background-media":"","overlay-type":"","overlay-color":"","overlay-opacity":"","overlay-gradient":""}},"footnotes":""},"categories":[1023,1044,347,351],"tags":[],"class_list":["post-23516","post","type-post","status-publish","format-standard","has-post-thumbnail","hentry","category-cicles-formatius-i-pfi","category-erasmus_plus","category-general","category-portada"],"post_mailing_queue_ids":[],"_links":{"self":[{"href":"https:\/\/agora.xtec.cat\/iesmarti-i-pol\/wp-json\/wp\/v2\/posts\/23516","targetHints":{"allow":["GET"]}}],"collection":[{"href":"https:\/\/agora.xtec.cat\/iesmarti-i-pol\/wp-json\/wp\/v2\/posts"}],"about":[{"href":"https:\/\/agora.xtec.cat\/iesmarti-i-pol\/wp-json\/wp\/v2\/types\/post"}],"author":[{"embeddable":true,"href":"https:\/\/agora.xtec.cat\/iesmarti-i-pol\/wp-json\/wp\/v2\/users\/71"}],"replies":[{"embeddable":true,"href":"https:\/\/agora.xtec.cat\/iesmarti-i-pol\/wp-json\/wp\/v2\/comments?post=23516"}],"version-history":[{"count":3,"href":"https:\/\/agora.xtec.cat\/iesmarti-i-pol\/wp-json\/wp\/v2\/posts\/23516\/revisions"}],"predecessor-version":[{"id":23524,"href":"https:\/\/agora.xtec.cat\/iesmarti-i-pol\/wp-json\/wp\/v2\/posts\/23516\/revisions\/23524"}],"wp:featuredmedia":[{"embeddable":true,"href":"https:\/\/agora.xtec.cat\/iesmarti-i-pol\/wp-json\/wp\/v2\/media\/23521"}],"wp:attachment":[{"href":"https:\/\/agora.xtec.cat\/iesmarti-i-pol\/wp-json\/wp\/v2\/media?parent=23516"}],"wp:term":[{"taxonomy":"category","embeddable":true,"href":"https:\/\/agora.xtec.cat\/iesmarti-i-pol\/wp-json\/wp\/v2\/categories?post=23516"},{"taxonomy":"post_tag","embeddable":true,"href":"https:\/\/agora.xtec.cat\/iesmarti-i-pol\/wp-json\/wp\/v2\/tags?post=23516"}],"curies":[{"name":"wp","href":"https:\/\/api.w.org\/{rel}","templated":true}]}}