{"id":2324,"date":"2008-06-07T02:00:00","date_gmt":"2008-06-07T02:00:00","guid":{"rendered":"http:\/\/mmpol.cat\/home2\/mmpolcat\/wordpress\/?p=131"},"modified":"2021-03-05T19:41:41","modified_gmt":"2021-03-05T18:41:41","slug":"notes-mes-notes","status":"publish","type":"post","link":"https:\/\/agora.xtec.cat\/iesmarti-i-pol\/portada\/notes-mes-notes\/","title":{"rendered":"Qu\u00e8 us dire? El nostre bloc premiat amb el segon premi Edublogs 08"},"content":{"rendered":"<p> \t<span style=\"font-size: small\"><strong><span style=\"color: #3366ff\">Qu\u00e8 us dir\u00e9? El nostre bloc premiat amb el segon premi Edublogs 08<\/span><\/strong><\/span><\/p>\n<p>  <!--more-->  <\/p>\n<table border=\"0\" cellpadding=\"1\" cellspacing=\"1\" style=\"width: 486px; height: 91px\" width=\"486\">\n<tbody>\n<tr>\n<td> \t\t\t\t&nbsp;<\/td>\n<td style=\"text-align: center\"> \t\t\t\t<span style=\"color: #3366ff\"><img loading=\"lazy\" decoding=\"async\" alt=\"\" height=\"59\" src=\"\/iesmarti-i-pol\/images\/stories\/agenda\/edublogs08.jpg\" width=\"300\" \/><\/span><\/td>\n<\/tr>\n<tr>\n<td> \t\t\t\t<img loading=\"lazy\" decoding=\"async\" alt=\"\" height=\"20\" src=\"\/iesmarti-i-pol\/images\/stories\/espai.gif\" width=\"20\" \/><\/td>\n<td> \t\t\t\t<strong><span style=\"color: #3366ff\">Dissabte dia 7 de juny vam assistir a l\u2019entrega dels <a href=\"http:\/\/www.ciberespiral.org\/\" target=\"_blank\" rel=\"noopener noreferrer\">premis Espiral edublogs 08<\/a>, en el marc de les Jornades sobre Xarxes socials i experi\u00e8ncies d\u2019aprenentatge col\u00b7laboratiu, convocats per l\u2019Associaci\u00f3 Espiral amb la col\u00b7laboraci\u00f3 del Col\u00b7legi Oficial de Doctors i Llicenciats en Filosofia i Lletres i en Ci\u00e8ncies de Catalunya i el Departament d\u2019Educaci\u00f3 de la Generalitat de Catalunya.<br \/> \t\t\t\tL\u2019objectiu d\u2019aquest concurs de blocs educatius era valorar la import\u00e0ncia dels blocs en mat\u00e8ria d\u2019educaci\u00f3, motivar l\u2019\u00fas de les TIC a l\u2019aula i crear debat sobre la necessitat de l\u2019\u00fas de blocs en l\u2019entorn educatiu.<\/p>\n<p> \t\t\t\tNosaltres ens vam presentar en aquest concurs en la categoria d\u2019aula-batxillerat amb el nostre bloc <a href=\"http:\/\/queusdire.blogspot.com\/\" target=\"_blank\" rel=\"noopener noreferrer\">Qu\u00e8 us dir\u00e9?<\/a>, un bloc fet pels<br \/> \t\t\t\talumnes de 2n de batxillerat que han cursat l\u2019optativa de modalitat de literatura catalana. I, per sorpresa nostra, vam obtenir el 2n premi: la baldufa<br \/> \t\t\t\tplatejada.<\/p>\n<p> \t\t\t\tFent balan\u00e7 sobre el que ha comportat el bloc, podem afirmar que ha estat una bona eina de treball, ideal perqu\u00e8 els alumnes ampliessin la informaci\u00f3 sobre els temes que tract\u00e0vem a l\u2019assignatura, tinguessin una visi\u00f3 m\u00e9s global sobre la literatura (moviments art\u00edstics, hist\u00f2ria, filosofia, etc), potenciessin la creativitat i l\u2019expressi\u00f3 escrita i, finalment, augmentessin el gust per la lectura.<\/p>\n<p> \t\t\t\tEls alumnes -cronistes en el bloc-, amb el nom de personatges literaris catalans: Aloma, Carmesina, C\u00e0ndida, Marta i Siset, han elaborat diferents entrades al bloc. Algunes relacionades amb els autors que estudi\u00e0vem, amb els contemporanis d\u2019aquests escriptors o els moviments art\u00edstics. En altres ocasions, comentaven petits textos literaris o intentaven trobar literatura en la seva quotidianitat. Sovint, elaboraven textos de tot tipus: mon\u00f2legs interiors, cal\u00b7ligrames, sonets, fragments teatrals, etc. Fins i tot, creaven les portades dels llibres estudiats o interpretaven amb imatges poemes de Salvat-<br \/> \t\t\t\tPapasseit.<\/p>\n<p> \t\t\t\tEn resum, estem molt satisfets d\u2019haver obtingut aquest premi, per\u00f2 molt m\u00e9s de tota la feina que han fet els cronistes al llarg d\u2019aquests mesos. L\u2019elaboraci\u00f3 del bloc ha estat positiva i una bona eina per treballar les TIC i l\u2019aprenentatge col\u00b7laboratiu, dues q\u00fcestions a tenir en compte en el nou model educatiu que s\u2019est\u00e0 dissenyant. El premi ens permet creure m\u00e9s en aquests nous projectes i ens empeny a continuar treballant per millorar.<\/span><\/strong><\/p>\n<p> \t\t\t\t<span style=\"color: #800000\"><span style=\"color: #0000ff\"><font face=\"Arial\" size=\"1\">(Cliqueu sobre les imatges per veure-les m\u00e9s grans)<\/p>\n<p> \t\t\t\t<\/font><\/span><\/span><\/td>\n<\/tr>\n<tr>\n<td> \t\t\t\t&nbsp;<\/td>\n<td>\n<p align=\"center\"> \t\t\t\t\t{gallery}agenda\/edublogs08{\/gallery}<\/p>\n<\/td>\n<\/tr>\n<\/tbody>\n<\/table>\n","protected":false},"excerpt":{"rendered":"<p>Qu\u00e8 us dir\u00e9? El nostre bloc premiat amb el segon premi Edublogs 08<\/p>\n","protected":false},"author":1,"featured_media":0,"comment_status":"open","ping_status":"open","sticky":false,"template":"","format":"standard","meta":{"_bbp_topic_count":0,"_bbp_reply_count":0,"_bbp_total_topic_count":0,"_bbp_total_reply_count":0,"_bbp_voice_count":0,"_bbp_anonymous_reply_count":0,"_bbp_topic_count_hidden":0,"_bbp_reply_count_hidden":0,"_bbp_forum_subforum_count":0,"site-sidebar-layout":"default","site-content-layout":"","ast-site-content-layout":"","site-content-style":"default","site-sidebar-style":"default","ast-global-header-display":"","ast-banner-title-visibility":"","ast-main-header-display":"","ast-hfb-above-header-display":"","ast-hfb-below-header-display":"","ast-hfb-mobile-header-display":"","site-post-title":"","ast-breadcrumbs-content":"","ast-featured-img":"","footer-sml-layout":"","theme-transparent-header-meta":"","adv-header-id-meta":"","stick-header-meta":"","header-above-stick-meta":"","header-main-stick-meta":"","header-below-stick-meta":"","astra-migrate-meta-layouts":"default","ast-page-background-enabled":"default","ast-page-background-meta":{"desktop":{"background-color":"var(--ast-global-color-4)","background-image":"","background-repeat":"repeat","background-position":"center center","background-size":"auto","background-attachment":"scroll","background-type":"","background-media":"","overlay-type":"","overlay-color":"","overlay-opacity":"","overlay-gradient":""},"tablet":{"background-color":"","background-image":"","background-repeat":"repeat","background-position":"center center","background-size":"auto","background-attachment":"scroll","background-type":"","background-media":"","overlay-type":"","overlay-color":"","overlay-opacity":"","overlay-gradient":""},"mobile":{"background-color":"","background-image":"","background-repeat":"repeat","background-position":"center center","background-size":"auto","background-attachment":"scroll","background-type":"","background-media":"","overlay-type":"","overlay-color":"","overlay-opacity":"","overlay-gradient":""}},"ast-content-background-meta":{"desktop":{"background-color":"var(--ast-global-color-5)","background-image":"","background-repeat":"repeat","background-position":"center center","background-size":"auto","background-attachment":"scroll","background-type":"","background-media":"","overlay-type":"","overlay-color":"","overlay-opacity":"","overlay-gradient":""},"tablet":{"background-color":"var(--ast-global-color-5)","background-image":"","background-repeat":"repeat","background-position":"center center","background-size":"auto","background-attachment":"scroll","background-type":"","background-media":"","overlay-type":"","overlay-color":"","overlay-opacity":"","overlay-gradient":""},"mobile":{"background-color":"var(--ast-global-color-5)","background-image":"","background-repeat":"repeat","background-position":"center center","background-size":"auto","background-attachment":"scroll","background-type":"","background-media":"","overlay-type":"","overlay-color":"","overlay-opacity":"","overlay-gradient":""}},"footnotes":""},"categories":[351],"tags":[],"class_list":["post-2324","post","type-post","status-publish","format-standard","hentry","category-portada"],"post_mailing_queue_ids":[],"_links":{"self":[{"href":"https:\/\/agora.xtec.cat\/iesmarti-i-pol\/wp-json\/wp\/v2\/posts\/2324","targetHints":{"allow":["GET"]}}],"collection":[{"href":"https:\/\/agora.xtec.cat\/iesmarti-i-pol\/wp-json\/wp\/v2\/posts"}],"about":[{"href":"https:\/\/agora.xtec.cat\/iesmarti-i-pol\/wp-json\/wp\/v2\/types\/post"}],"author":[{"embeddable":true,"href":"https:\/\/agora.xtec.cat\/iesmarti-i-pol\/wp-json\/wp\/v2\/users\/1"}],"replies":[{"embeddable":true,"href":"https:\/\/agora.xtec.cat\/iesmarti-i-pol\/wp-json\/wp\/v2\/comments?post=2324"}],"version-history":[{"count":1,"href":"https:\/\/agora.xtec.cat\/iesmarti-i-pol\/wp-json\/wp\/v2\/posts\/2324\/revisions"}],"predecessor-version":[{"id":19279,"href":"https:\/\/agora.xtec.cat\/iesmarti-i-pol\/wp-json\/wp\/v2\/posts\/2324\/revisions\/19279"}],"wp:attachment":[{"href":"https:\/\/agora.xtec.cat\/iesmarti-i-pol\/wp-json\/wp\/v2\/media?parent=2324"}],"wp:term":[{"taxonomy":"category","embeddable":true,"href":"https:\/\/agora.xtec.cat\/iesmarti-i-pol\/wp-json\/wp\/v2\/categories?post=2324"},{"taxonomy":"post_tag","embeddable":true,"href":"https:\/\/agora.xtec.cat\/iesmarti-i-pol\/wp-json\/wp\/v2\/tags?post=2324"}],"curies":[{"name":"wp","href":"https:\/\/api.w.org\/{rel}","templated":true}]}}