{"id":23112,"date":"2023-01-30T17:53:15","date_gmt":"2023-01-30T16:53:15","guid":{"rendered":"https:\/\/agora.xtec.cat\/iesmarti-i-pol\/?p=23112"},"modified":"2023-01-30T17:54:52","modified_gmt":"2023-01-30T16:54:52","slug":"proves-geso","status":"publish","type":"post","link":"https:\/\/agora.xtec.cat\/iesmarti-i-pol\/general\/proves-geso\/","title":{"rendered":"PROVES GESO"},"content":{"rendered":"<p>Tot l&#8217;alumnat que no ha opt\u00e9s el t\u00edtol de graduat en educaci\u00f3 secund\u00e0ria obligat\u00f2ria (ESO) en finalitzar l\u2019etapa es pot presentar a les proves que el mes de mar\u00e7\u00a0 organitzen els centres educatius si compleixen els seg\u00fcents requisits:<\/p>\n<ul>\n<li><b>Haver finalitzat l\u2019ESO l\u2019any 2021 o 2022<\/b>.<\/li>\n<li><b>Tenir almenys 18 anys o complir-los dins de l\u2019any 2023<\/b>.<\/li>\n<li><strong>Si t\u00e9 17 anys i\u00a0 compleix les\u00a0 condicions seg\u00fcents<\/strong>:<\/li>\n<\/ul>\n<p>Tenir un contracte laboral que l\u2019impedeixi assistir al centre en r\u00e8gim ordinari.<\/p>\n<p>Trobar-se en proc\u00e9s d\u2019obtenci\u00f3 d\u2019un perm\u00eds de treball (alumnat estranger).<\/p>\n<p>Ser esportista d\u2019alt rendiment.<\/p>\n<ul>\n<li>Haver cursat l\u2019ESO (el quart curs incl\u00f2s) sense haver obtingut el t\u00edtol\u00a0i amb un m\u00e0xim de cinc mat\u00e8ries pendents de qualificaci\u00f3 positiva.<\/li>\n<\/ul>\n<table width=\"100%\">\n<tbody>\n<tr>\n<td><strong>\u200bTasque\u200bs<\/strong><\/td>\n<td><strong>\u200bDates<\/strong><\/td>\n<\/tr>\n<tr>\n<td>Termini de presentaci\u00f3 de sol\u00b7licituds d\u2019inscripci\u00f3<\/td>\n<td>Del 30 de gener\u00a0al 13 de febrer<\/td>\n<\/tr>\n<tr>\n<td>Publicaci\u00f3 al tauler d\u2019anuncis del centre del calendari de les proves i de les llistes d\u2019admesos i exclosos<\/td>\n<td>Entre el 14 i el 20 de febrer<\/td>\n<\/tr>\n<tr>\n<td>Termini de presentaci\u00f3 de reclamacions a les llistes d\u2019admesos i exclosos<\/td>\n<td>Del 21 al 24 de febrer<\/td>\n<\/tr>\n<tr>\n<td>\u200bRealitzaci\u00f3 de les proves<\/td>\n<td>De l\u20191\u00a0al 14 de mar\u00e7<\/td>\n<\/tr>\n<\/tbody>\n<\/table>\n<p>Per m\u00e9s informaci\u00f3, <a style=\"font-family: inherit; font-size: 1em;\" href=\"https:\/\/educacio.gencat.cat\/ca\/serveis-tramits\/proves\/proves-lliures-obtencio-titols\/obtencio-geso-mes-18-anys\/\">clica aqu\u00ed<\/a><\/p>\n","protected":false},"excerpt":{"rendered":"<p>Tot l&#8217;alumnat que no ha opt\u00e9s el t\u00edtol de graduat en educaci\u00f3 secund\u00e0ria obligat\u00f2ria (ESO) en finalitzar l\u2019etapa es pot presentar a les proves que el mes de mar\u00e7\u00a0 organitzen els centres educatius si compleixen els seg\u00fcents requisits: Haver finalitzat l\u2019ESO l\u2019any 2021 o 2022. Tenir almenys 18 anys o complir-los dins de l\u2019any 2023. [&hellip;]<\/p>\n","protected":false},"author":1,"featured_media":0,"comment_status":"open","ping_status":"closed","sticky":false,"template":"","format":"standard","meta":{"_bbp_topic_count":0,"_bbp_reply_count":0,"_bbp_total_topic_count":0,"_bbp_total_reply_count":0,"_bbp_voice_count":0,"_bbp_anonymous_reply_count":0,"_bbp_topic_count_hidden":0,"_bbp_reply_count_hidden":0,"_bbp_forum_subforum_count":0,"site-sidebar-layout":"default","site-content-layout":"","ast-site-content-layout":"","site-content-style":"default","site-sidebar-style":"default","ast-global-header-display":"","ast-banner-title-visibility":"","ast-main-header-display":"","ast-hfb-above-header-display":"","ast-hfb-below-header-display":"","ast-hfb-mobile-header-display":"","site-post-title":"","ast-breadcrumbs-content":"","ast-featured-img":"","footer-sml-layout":"","theme-transparent-header-meta":"","adv-header-id-meta":"","stick-header-meta":"","header-above-stick-meta":"","header-main-stick-meta":"","header-below-stick-meta":"","astra-migrate-meta-layouts":"default","ast-page-background-enabled":"default","ast-page-background-meta":{"desktop":{"background-color":"var(--ast-global-color-4)","background-image":"","background-repeat":"repeat","background-position":"center center","background-size":"auto","background-attachment":"scroll","background-type":"","background-media":"","overlay-type":"","overlay-color":"","overlay-opacity":"","overlay-gradient":""},"tablet":{"background-color":"","background-image":"","background-repeat":"repeat","background-position":"center center","background-size":"auto","background-attachment":"scroll","background-type":"","background-media":"","overlay-type":"","overlay-color":"","overlay-opacity":"","overlay-gradient":""},"mobile":{"background-color":"","background-image":"","background-repeat":"repeat","background-position":"center center","background-size":"auto","background-attachment":"scroll","background-type":"","background-media":"","overlay-type":"","overlay-color":"","overlay-opacity":"","overlay-gradient":""}},"ast-content-background-meta":{"desktop":{"background-color":"var(--ast-global-color-5)","background-image":"","background-repeat":"repeat","background-position":"center center","background-size":"auto","background-attachment":"scroll","background-type":"","background-media":"","overlay-type":"","overlay-color":"","overlay-opacity":"","overlay-gradient":""},"tablet":{"background-color":"var(--ast-global-color-5)","background-image":"","background-repeat":"repeat","background-position":"center center","background-size":"auto","background-attachment":"scroll","background-type":"","background-media":"","overlay-type":"","overlay-color":"","overlay-opacity":"","overlay-gradient":""},"mobile":{"background-color":"var(--ast-global-color-5)","background-image":"","background-repeat":"repeat","background-position":"center center","background-size":"auto","background-attachment":"scroll","background-type":"","background-media":"","overlay-type":"","overlay-color":"","overlay-opacity":"","overlay-gradient":""}},"footnotes":""},"categories":[347,351],"tags":[],"class_list":["post-23112","post","type-post","status-publish","format-standard","hentry","category-general","category-portada"],"post_mailing_queue_ids":[],"_links":{"self":[{"href":"https:\/\/agora.xtec.cat\/iesmarti-i-pol\/wp-json\/wp\/v2\/posts\/23112","targetHints":{"allow":["GET"]}}],"collection":[{"href":"https:\/\/agora.xtec.cat\/iesmarti-i-pol\/wp-json\/wp\/v2\/posts"}],"about":[{"href":"https:\/\/agora.xtec.cat\/iesmarti-i-pol\/wp-json\/wp\/v2\/types\/post"}],"author":[{"embeddable":true,"href":"https:\/\/agora.xtec.cat\/iesmarti-i-pol\/wp-json\/wp\/v2\/users\/1"}],"replies":[{"embeddable":true,"href":"https:\/\/agora.xtec.cat\/iesmarti-i-pol\/wp-json\/wp\/v2\/comments?post=23112"}],"version-history":[{"count":2,"href":"https:\/\/agora.xtec.cat\/iesmarti-i-pol\/wp-json\/wp\/v2\/posts\/23112\/revisions"}],"predecessor-version":[{"id":23114,"href":"https:\/\/agora.xtec.cat\/iesmarti-i-pol\/wp-json\/wp\/v2\/posts\/23112\/revisions\/23114"}],"wp:attachment":[{"href":"https:\/\/agora.xtec.cat\/iesmarti-i-pol\/wp-json\/wp\/v2\/media?parent=23112"}],"wp:term":[{"taxonomy":"category","embeddable":true,"href":"https:\/\/agora.xtec.cat\/iesmarti-i-pol\/wp-json\/wp\/v2\/categories?post=23112"},{"taxonomy":"post_tag","embeddable":true,"href":"https:\/\/agora.xtec.cat\/iesmarti-i-pol\/wp-json\/wp\/v2\/tags?post=23112"}],"curies":[{"name":"wp","href":"https:\/\/api.w.org\/{rel}","templated":true}]}}