{"id":22880,"date":"2022-11-30T14:11:41","date_gmt":"2022-11-30T13:11:41","guid":{"rendered":"https:\/\/agora.xtec.cat\/iesmarti-i-pol\/?p=22880"},"modified":"2022-12-01T15:57:54","modified_gmt":"2022-12-01T14:57:54","slug":"amb-la-marato-de-tv3","status":"publish","type":"post","link":"https:\/\/agora.xtec.cat\/iesmarti-i-pol\/departaments-cicles\/sanitat\/amb-la-marato-de-tv3\/","title":{"rendered":"Amb la Marat\u00f3 de TV3"},"content":{"rendered":"<div dir=\"auto\">La Marat\u00f3 sempre batega!<\/div>\n<div dir=\"auto\"><\/div>\n<div dir=\"auto\">Les malalties cardiovasculars s\u00f3n la primera causa de mort als pa\u00efsos desenvolupats. A Catalunya una de cada quatre persones mor per problemes al cor o a les art\u00e8ries.<\/div>\n<div dir=\"auto\"><\/div>\n<div dir=\"auto\">Les malalties m\u00e9s greus s\u00f3n la insufici\u00e8ncia card\u00edaca, l&#8217;infart de miocardi, l&#8217;ictus i la mort sobtada.<\/div>\n<div dir=\"auto\"><\/div>\n<div dir=\"auto\">Con\u00e8ixer els s\u00edmptomes i actuar r\u00e0pid (trucant al 112) pot salvar una vida.<\/div>\n<div dir=\"auto\"><\/div>\n<div dir=\"auto\">La majoria d&#8217;elles s\u00f3n causades per factors de risc coneguts com la hipertensi\u00f3 arterial, el colesterol, la diabetis o el tabaquisme, entre d&#8217;altres.<\/div>\n<div dir=\"auto\"><\/div>\n<div dir=\"auto\">Per aix\u00f2 la prevenci\u00f3 \u00e9s fonamental!<\/div>\n<div dir=\"auto\"><\/div>\n<div dir=\"auto\">Els alumnes dels diversos cicles formatius de sanitat, d&#8217;ESO i Batxillerat de l&#8217;@insmmip han participat en una sessi\u00f3 divugativa on una professional de la salut (Cl\u00e0udia) els ha acostat a la realitat m\u00e8dica i humana de la salut cardiovascular amb la finalitat de despertar el seu esperit solidari envers les persones afectades i les seves fam\u00edlies.<\/div>\n<div dir=\"auto\"><\/div>\n<div dir=\"auto\">La majoria dels nostres alumnes tenen o han tingut algun\/a conegut\/da i\/o familiar amb alguna patologia cardiovascular, aix\u00f2 \u00e9s una dada molt representativa de la import\u00e0ncia d&#8217;aquesta Marat\u00f3!<\/div>\n<div dir=\"auto\"><\/div>\n<div dir=\"auto\">#bumbum<\/div>\n<div dir=\"auto\"><span class=\"atwho-query\">@lamaratotv3<\/span><\/div>\n<div dir=\"auto\"><\/div>\n<div dir=\"auto\"><a href=\"https:\/\/agora.xtec.cat\/iesmarti-i-pol\/wp-content\/uploads\/usu1292\/2022\/11\/11.jpg\"><img loading=\"lazy\" decoding=\"async\" class=\"alignnone size-medium wp-image-22881\" src=\"https:\/\/agora.xtec.cat\/iesmarti-i-pol\/wp-content\/uploads\/usu1292\/2022\/11\/11-300x225.jpg\" alt=\"\" width=\"300\" height=\"225\" srcset=\"https:\/\/agora.xtec.cat\/iesmarti-i-pol\/wp-content\/uploads\/usu1292\/2022\/11\/11-300x225.jpg 300w, https:\/\/agora.xtec.cat\/iesmarti-i-pol\/wp-content\/uploads\/usu1292\/2022\/11\/11-1024x768.jpg 1024w, https:\/\/agora.xtec.cat\/iesmarti-i-pol\/wp-content\/uploads\/usu1292\/2022\/11\/11-768x576.jpg 768w, https:\/\/agora.xtec.cat\/iesmarti-i-pol\/wp-content\/uploads\/usu1292\/2022\/11\/11-1536x1152.jpg 1536w, https:\/\/agora.xtec.cat\/iesmarti-i-pol\/wp-content\/uploads\/usu1292\/2022\/11\/11-2048x1536.jpg 2048w, https:\/\/agora.xtec.cat\/iesmarti-i-pol\/wp-content\/uploads\/usu1292\/2022\/11\/11-200x150.jpg 200w\" sizes=\"auto, (max-width: 300px) 100vw, 300px\" \/><\/a><a href=\"https:\/\/agora.xtec.cat\/iesmarti-i-pol\/wp-content\/uploads\/usu1292\/2022\/11\/4.jpg\"><img loading=\"lazy\" decoding=\"async\" class=\"alignnone size-medium wp-image-22882\" src=\"https:\/\/agora.xtec.cat\/iesmarti-i-pol\/wp-content\/uploads\/usu1292\/2022\/11\/4-169x300.jpg\" alt=\"\" width=\"169\" height=\"300\" srcset=\"https:\/\/agora.xtec.cat\/iesmarti-i-pol\/wp-content\/uploads\/usu1292\/2022\/11\/4-169x300.jpg 169w, https:\/\/agora.xtec.cat\/iesmarti-i-pol\/wp-content\/uploads\/usu1292\/2022\/11\/4-576x1024.jpg 576w, https:\/\/agora.xtec.cat\/iesmarti-i-pol\/wp-content\/uploads\/usu1292\/2022\/11\/4-768x1365.jpg 768w, https:\/\/agora.xtec.cat\/iesmarti-i-pol\/wp-content\/uploads\/usu1292\/2022\/11\/4-864x1536.jpg 864w, https:\/\/agora.xtec.cat\/iesmarti-i-pol\/wp-content\/uploads\/usu1292\/2022\/11\/4.jpg 1086w\" sizes=\"auto, (max-width: 169px) 100vw, 169px\" \/><\/a> <a href=\"https:\/\/agora.xtec.cat\/iesmarti-i-pol\/wp-content\/uploads\/usu1292\/2022\/11\/3.jpg\"><img loading=\"lazy\" decoding=\"async\" class=\"alignnone size-medium wp-image-22883\" src=\"https:\/\/agora.xtec.cat\/iesmarti-i-pol\/wp-content\/uploads\/usu1292\/2022\/11\/3-300x169.jpg\" alt=\"\" width=\"300\" height=\"169\" srcset=\"https:\/\/agora.xtec.cat\/iesmarti-i-pol\/wp-content\/uploads\/usu1292\/2022\/11\/3-300x169.jpg 300w, https:\/\/agora.xtec.cat\/iesmarti-i-pol\/wp-content\/uploads\/usu1292\/2022\/11\/3-1024x576.jpg 1024w, https:\/\/agora.xtec.cat\/iesmarti-i-pol\/wp-content\/uploads\/usu1292\/2022\/11\/3-768x432.jpg 768w, https:\/\/agora.xtec.cat\/iesmarti-i-pol\/wp-content\/uploads\/usu1292\/2022\/11\/3-1536x864.jpg 1536w, https:\/\/agora.xtec.cat\/iesmarti-i-pol\/wp-content\/uploads\/usu1292\/2022\/11\/3.jpg 1930w\" sizes=\"auto, (max-width: 300px) 100vw, 300px\" \/><\/a> <a href=\"https:\/\/agora.xtec.cat\/iesmarti-i-pol\/wp-content\/uploads\/usu1292\/2022\/11\/2.jpg\"><img loading=\"lazy\" decoding=\"async\" class=\"alignnone size-medium wp-image-22884\" src=\"https:\/\/agora.xtec.cat\/iesmarti-i-pol\/wp-content\/uploads\/usu1292\/2022\/11\/2-300x169.jpg\" alt=\"\" width=\"300\" height=\"169\" srcset=\"https:\/\/agora.xtec.cat\/iesmarti-i-pol\/wp-content\/uploads\/usu1292\/2022\/11\/2-300x169.jpg 300w, https:\/\/agora.xtec.cat\/iesmarti-i-pol\/wp-content\/uploads\/usu1292\/2022\/11\/2.jpg 682w\" sizes=\"auto, (max-width: 300px) 100vw, 300px\" \/><\/a><\/div>\n","protected":false},"excerpt":{"rendered":"<p>La Marat\u00f3 sempre batega! Les malalties cardiovasculars s\u00f3n la primera causa de mort als pa\u00efsos desenvolupats. A Catalunya una de cada quatre persones mor per problemes al cor o a les art\u00e8ries. Les malalties m\u00e9s greus s\u00f3n la insufici\u00e8ncia card\u00edaca, l&#8217;infart de miocardi, l&#8217;ictus i la mort sobtada. Con\u00e8ixer els s\u00edmptomes i actuar r\u00e0pid (trucant [&hellip;]<\/p>\n","protected":false},"author":1,"featured_media":22884,"comment_status":"open","ping_status":"closed","sticky":false,"template":"","format":"standard","meta":{"_bbp_topic_count":0,"_bbp_reply_count":0,"_bbp_total_topic_count":0,"_bbp_total_reply_count":0,"_bbp_voice_count":0,"_bbp_anonymous_reply_count":0,"_bbp_topic_count_hidden":0,"_bbp_reply_count_hidden":0,"_bbp_forum_subforum_count":0,"site-sidebar-layout":"default","site-content-layout":"","ast-site-content-layout":"","site-content-style":"default","site-sidebar-style":"default","ast-global-header-display":"","ast-banner-title-visibility":"","ast-main-header-display":"","ast-hfb-above-header-display":"","ast-hfb-below-header-display":"","ast-hfb-mobile-header-display":"","site-post-title":"","ast-breadcrumbs-content":"","ast-featured-img":"","footer-sml-layout":"","theme-transparent-header-meta":"","adv-header-id-meta":"","stick-header-meta":"","header-above-stick-meta":"","header-main-stick-meta":"","header-below-stick-meta":"","astra-migrate-meta-layouts":"default","ast-page-background-enabled":"default","ast-page-background-meta":{"desktop":{"background-color":"var(--ast-global-color-4)","background-image":"","background-repeat":"repeat","background-position":"center center","background-size":"auto","background-attachment":"scroll","background-type":"","background-media":"","overlay-type":"","overlay-color":"","overlay-opacity":"","overlay-gradient":""},"tablet":{"background-color":"","background-image":"","background-repeat":"repeat","background-position":"center center","background-size":"auto","background-attachment":"scroll","background-type":"","background-media":"","overlay-type":"","overlay-color":"","overlay-opacity":"","overlay-gradient":""},"mobile":{"background-color":"","background-image":"","background-repeat":"repeat","background-position":"center center","background-size":"auto","background-attachment":"scroll","background-type":"","background-media":"","overlay-type":"","overlay-color":"","overlay-opacity":"","overlay-gradient":""}},"ast-content-background-meta":{"desktop":{"background-color":"var(--ast-global-color-5)","background-image":"","background-repeat":"repeat","background-position":"center center","background-size":"auto","background-attachment":"scroll","background-type":"","background-media":"","overlay-type":"","overlay-color":"","overlay-opacity":"","overlay-gradient":""},"tablet":{"background-color":"var(--ast-global-color-5)","background-image":"","background-repeat":"repeat","background-position":"center center","background-size":"auto","background-attachment":"scroll","background-type":"","background-media":"","overlay-type":"","overlay-color":"","overlay-opacity":"","overlay-gradient":""},"mobile":{"background-color":"var(--ast-global-color-5)","background-image":"","background-repeat":"repeat","background-position":"center center","background-size":"auto","background-attachment":"scroll","background-type":"","background-media":"","overlay-type":"","overlay-color":"","overlay-opacity":"","overlay-gradient":""}},"footnotes":""},"categories":[1137,347,351,251],"tags":[],"class_list":["post-22880","post","type-post","status-publish","format-standard","has-post-thumbnail","hentry","category-activitats-del-curs-2022-2023-2","category-general","category-portada","category-sanitat"],"post_mailing_queue_ids":[],"_links":{"self":[{"href":"https:\/\/agora.xtec.cat\/iesmarti-i-pol\/wp-json\/wp\/v2\/posts\/22880","targetHints":{"allow":["GET"]}}],"collection":[{"href":"https:\/\/agora.xtec.cat\/iesmarti-i-pol\/wp-json\/wp\/v2\/posts"}],"about":[{"href":"https:\/\/agora.xtec.cat\/iesmarti-i-pol\/wp-json\/wp\/v2\/types\/post"}],"author":[{"embeddable":true,"href":"https:\/\/agora.xtec.cat\/iesmarti-i-pol\/wp-json\/wp\/v2\/users\/1"}],"replies":[{"embeddable":true,"href":"https:\/\/agora.xtec.cat\/iesmarti-i-pol\/wp-json\/wp\/v2\/comments?post=22880"}],"version-history":[{"count":1,"href":"https:\/\/agora.xtec.cat\/iesmarti-i-pol\/wp-json\/wp\/v2\/posts\/22880\/revisions"}],"predecessor-version":[{"id":22885,"href":"https:\/\/agora.xtec.cat\/iesmarti-i-pol\/wp-json\/wp\/v2\/posts\/22880\/revisions\/22885"}],"wp:featuredmedia":[{"embeddable":true,"href":"https:\/\/agora.xtec.cat\/iesmarti-i-pol\/wp-json\/wp\/v2\/media\/22884"}],"wp:attachment":[{"href":"https:\/\/agora.xtec.cat\/iesmarti-i-pol\/wp-json\/wp\/v2\/media?parent=22880"}],"wp:term":[{"taxonomy":"category","embeddable":true,"href":"https:\/\/agora.xtec.cat\/iesmarti-i-pol\/wp-json\/wp\/v2\/categories?post=22880"},{"taxonomy":"post_tag","embeddable":true,"href":"https:\/\/agora.xtec.cat\/iesmarti-i-pol\/wp-json\/wp\/v2\/tags?post=22880"}],"curies":[{"name":"wp","href":"https:\/\/api.w.org\/{rel}","templated":true}]}}