{"id":22838,"date":"2022-11-18T16:12:43","date_gmt":"2022-11-18T15:12:43","guid":{"rendered":"https:\/\/agora.xtec.cat\/iesmarti-i-pol\/?p=22838"},"modified":"2022-11-23T07:25:54","modified_gmt":"2022-11-23T06:25:54","slug":"sortida-mon-sant-benet-a-2n-deso","status":"publish","type":"post","link":"https:\/\/agora.xtec.cat\/iesmarti-i-pol\/general\/sortida-mon-sant-benet-a-2n-deso\/","title":{"rendered":"Sortida Mon Sant Benet a 2n d&#8217;ESO"},"content":{"rendered":"<p>Els passats dia 3 i 4 de novembre l\u2019alumnat de 2n de l&#8217;ESO va anar al Mon Sant Benet.<\/p>\n<p>Aquesta sortida, organitzada pel Departament de Ci\u00e8ncies Socials, pretenia fer una primera aproximaci\u00f3 a la manera de viure en un feu fa 1000 anys.<\/p>\n<p>En aquesta sortida l\u2019alumnat va poder gaudir d\u2019un dels monuments millor conservat que podem trobar al nostre pa\u00eds, contemplar els estils rom\u00e0nic i g\u00f2tic en directe i entendre el que era ser un monjo d\u2019aquella \u00e8poca i el que significava ser un senyor feudal o un camperol i les difer\u00e8ncies que aix\u00f2 comportava.<\/p>\n<p>Durant la sortida i per comprendre millor els continguts l\u2019alumnat va fer dos tallers: una gimcana de preguntes fetes per un monitor, on van competir portant els cognoms de fam\u00edlies nobles dels voltants del monestir; i una segona activitat, en aquest cas art\u00edstica, que va consistir en pintar unes rajoles utilitzant la t\u00e8cnica del fresc.<\/p>\n<p>Esperem que l\u2019alumnat hagi gaudit d\u2019aquesta experi\u00e8ncia.<\/p>\n<table style=\"border-collapse: collapse; width: 60.1155%; height: 640px;\">\n<tbody>\n<tr>\n<td style=\"width: 50%; text-align: center;\"><a href=\"https:\/\/agora.xtec.cat\/iesmarti-i-pol\/wp-content\/uploads\/usu1292\/2022\/11\/WhatsApp-Image-2022-11-04-at-15.41.43.jpeg\"><img loading=\"lazy\" decoding=\"async\" class=\"alignnone size-medium wp-image-22840\" src=\"https:\/\/agora.xtec.cat\/iesmarti-i-pol\/wp-content\/uploads\/usu1292\/2022\/11\/WhatsApp-Image-2022-11-04-at-15.41.43-225x300.jpeg\" alt=\"\" width=\"225\" height=\"300\" srcset=\"https:\/\/agora.xtec.cat\/iesmarti-i-pol\/wp-content\/uploads\/usu1292\/2022\/11\/WhatsApp-Image-2022-11-04-at-15.41.43-225x300.jpeg 225w, https:\/\/agora.xtec.cat\/iesmarti-i-pol\/wp-content\/uploads\/usu1292\/2022\/11\/WhatsApp-Image-2022-11-04-at-15.41.43-768x1024.jpeg 768w, https:\/\/agora.xtec.cat\/iesmarti-i-pol\/wp-content\/uploads\/usu1292\/2022\/11\/WhatsApp-Image-2022-11-04-at-15.41.43-1152x1536.jpeg 1152w, https:\/\/agora.xtec.cat\/iesmarti-i-pol\/wp-content\/uploads\/usu1292\/2022\/11\/WhatsApp-Image-2022-11-04-at-15.41.43.jpeg 1536w\" sizes=\"auto, (max-width: 225px) 100vw, 225px\" \/><\/a><\/td>\n<td style=\"width: 50%;\"><a href=\"https:\/\/agora.xtec.cat\/iesmarti-i-pol\/wp-content\/uploads\/usu1292\/2022\/11\/WhatsApp-Image-2022-11-04-at-15.41.46.jpeg\"><img loading=\"lazy\" decoding=\"async\" class=\"alignnone size-medium wp-image-22839\" src=\"https:\/\/agora.xtec.cat\/iesmarti-i-pol\/wp-content\/uploads\/usu1292\/2022\/11\/WhatsApp-Image-2022-11-04-at-15.41.46-225x300.jpeg\" alt=\"\" width=\"225\" height=\"300\" srcset=\"https:\/\/agora.xtec.cat\/iesmarti-i-pol\/wp-content\/uploads\/usu1292\/2022\/11\/WhatsApp-Image-2022-11-04-at-15.41.46-225x300.jpeg 225w, https:\/\/agora.xtec.cat\/iesmarti-i-pol\/wp-content\/uploads\/usu1292\/2022\/11\/WhatsApp-Image-2022-11-04-at-15.41.46-768x1024.jpeg 768w, https:\/\/agora.xtec.cat\/iesmarti-i-pol\/wp-content\/uploads\/usu1292\/2022\/11\/WhatsApp-Image-2022-11-04-at-15.41.46-1152x1536.jpeg 1152w, https:\/\/agora.xtec.cat\/iesmarti-i-pol\/wp-content\/uploads\/usu1292\/2022\/11\/WhatsApp-Image-2022-11-04-at-15.41.46.jpeg 1536w\" sizes=\"auto, (max-width: 225px) 100vw, 225px\" \/><\/a><\/td>\n<\/tr>\n<tr>\n<td style=\"width: 50%;\"><a href=\"https:\/\/agora.xtec.cat\/iesmarti-i-pol\/wp-content\/uploads\/usu1292\/2022\/11\/WhatsApp-Image-2022-11-04-at-14.42.46.jpeg\"><img loading=\"lazy\" decoding=\"async\" class=\"alignnone size-medium wp-image-22842\" src=\"https:\/\/agora.xtec.cat\/iesmarti-i-pol\/wp-content\/uploads\/usu1292\/2022\/11\/WhatsApp-Image-2022-11-04-at-14.42.46-225x300.jpeg\" alt=\"\" width=\"225\" height=\"300\" srcset=\"https:\/\/agora.xtec.cat\/iesmarti-i-pol\/wp-content\/uploads\/usu1292\/2022\/11\/WhatsApp-Image-2022-11-04-at-14.42.46-225x300.jpeg 225w, https:\/\/agora.xtec.cat\/iesmarti-i-pol\/wp-content\/uploads\/usu1292\/2022\/11\/WhatsApp-Image-2022-11-04-at-14.42.46-768x1024.jpeg 768w, https:\/\/agora.xtec.cat\/iesmarti-i-pol\/wp-content\/uploads\/usu1292\/2022\/11\/WhatsApp-Image-2022-11-04-at-14.42.46-1152x1536.jpeg 1152w, https:\/\/agora.xtec.cat\/iesmarti-i-pol\/wp-content\/uploads\/usu1292\/2022\/11\/WhatsApp-Image-2022-11-04-at-14.42.46.jpeg 1500w\" sizes=\"auto, (max-width: 225px) 100vw, 225px\" \/><\/a><\/td>\n<td style=\"width: 50%;\"><a href=\"https:\/\/agora.xtec.cat\/iesmarti-i-pol\/wp-content\/uploads\/usu1292\/2022\/11\/WhatsApp-Image-2022-11-04-at-14.42.461.jpeg\"><img loading=\"lazy\" decoding=\"async\" class=\"alignnone size-medium wp-image-22841\" src=\"https:\/\/agora.xtec.cat\/iesmarti-i-pol\/wp-content\/uploads\/usu1292\/2022\/11\/WhatsApp-Image-2022-11-04-at-14.42.461-225x300.jpeg\" alt=\"\" width=\"225\" height=\"300\" srcset=\"https:\/\/agora.xtec.cat\/iesmarti-i-pol\/wp-content\/uploads\/usu1292\/2022\/11\/WhatsApp-Image-2022-11-04-at-14.42.461-225x300.jpeg 225w, https:\/\/agora.xtec.cat\/iesmarti-i-pol\/wp-content\/uploads\/usu1292\/2022\/11\/WhatsApp-Image-2022-11-04-at-14.42.461-768x1024.jpeg 768w, https:\/\/agora.xtec.cat\/iesmarti-i-pol\/wp-content\/uploads\/usu1292\/2022\/11\/WhatsApp-Image-2022-11-04-at-14.42.461-1152x1536.jpeg 1152w, https:\/\/agora.xtec.cat\/iesmarti-i-pol\/wp-content\/uploads\/usu1292\/2022\/11\/WhatsApp-Image-2022-11-04-at-14.42.461.jpeg 1500w\" sizes=\"auto, (max-width: 225px) 100vw, 225px\" \/><\/a><\/td>\n<\/tr>\n<\/tbody>\n<\/table>\n","protected":false},"excerpt":{"rendered":"<p>Els passats dia 3 i 4 de novembre l\u2019alumnat de 2n de l&#8217;ESO va anar al Mon Sant Benet. Aquesta sortida, organitzada pel Departament de Ci\u00e8ncies Socials, pretenia fer una primera aproximaci\u00f3 a la manera de viure en un feu fa 1000 anys. En aquesta sortida l\u2019alumnat va poder gaudir d\u2019un dels monuments millor conservat [&hellip;]<\/p>\n","protected":false},"author":1,"featured_media":22840,"comment_status":"open","ping_status":"closed","sticky":false,"template":"","format":"standard","meta":{"_bbp_topic_count":0,"_bbp_reply_count":0,"_bbp_total_topic_count":0,"_bbp_total_reply_count":0,"_bbp_voice_count":0,"_bbp_anonymous_reply_count":0,"_bbp_topic_count_hidden":0,"_bbp_reply_count_hidden":0,"_bbp_forum_subforum_count":0,"site-sidebar-layout":"default","site-content-layout":"","ast-site-content-layout":"","site-content-style":"default","site-sidebar-style":"default","ast-global-header-display":"","ast-banner-title-visibility":"","ast-main-header-display":"","ast-hfb-above-header-display":"","ast-hfb-below-header-display":"","ast-hfb-mobile-header-display":"","site-post-title":"","ast-breadcrumbs-content":"","ast-featured-img":"","footer-sml-layout":"","theme-transparent-header-meta":"","adv-header-id-meta":"","stick-header-meta":"","header-above-stick-meta":"","header-main-stick-meta":"","header-below-stick-meta":"","astra-migrate-meta-layouts":"default","ast-page-background-enabled":"default","ast-page-background-meta":{"desktop":{"background-color":"var(--ast-global-color-4)","background-image":"","background-repeat":"repeat","background-position":"center center","background-size":"auto","background-attachment":"scroll","background-type":"","background-media":"","overlay-type":"","overlay-color":"","overlay-opacity":"","overlay-gradient":""},"tablet":{"background-color":"","background-image":"","background-repeat":"repeat","background-position":"center center","background-size":"auto","background-attachment":"scroll","background-type":"","background-media":"","overlay-type":"","overlay-color":"","overlay-opacity":"","overlay-gradient":""},"mobile":{"background-color":"","background-image":"","background-repeat":"repeat","background-position":"center center","background-size":"auto","background-attachment":"scroll","background-type":"","background-media":"","overlay-type":"","overlay-color":"","overlay-opacity":"","overlay-gradient":""}},"ast-content-background-meta":{"desktop":{"background-color":"var(--ast-global-color-5)","background-image":"","background-repeat":"repeat","background-position":"center center","background-size":"auto","background-attachment":"scroll","background-type":"","background-media":"","overlay-type":"","overlay-color":"","overlay-opacity":"","overlay-gradient":""},"tablet":{"background-color":"var(--ast-global-color-5)","background-image":"","background-repeat":"repeat","background-position":"center center","background-size":"auto","background-attachment":"scroll","background-type":"","background-media":"","overlay-type":"","overlay-color":"","overlay-opacity":"","overlay-gradient":""},"mobile":{"background-color":"var(--ast-global-color-5)","background-image":"","background-repeat":"repeat","background-position":"center center","background-size":"auto","background-attachment":"scroll","background-type":"","background-media":"","overlay-type":"","overlay-color":"","overlay-opacity":"","overlay-gradient":""}},"footnotes":""},"categories":[1137,651,347,351,719],"tags":[],"class_list":["post-22838","post","type-post","status-publish","format-standard","has-post-thumbnail","hentry","category-activitats-del-curs-2022-2023-2","category-eso-2-ca","category-general","category-portada","category-socials-ca"],"post_mailing_queue_ids":[],"_links":{"self":[{"href":"https:\/\/agora.xtec.cat\/iesmarti-i-pol\/wp-json\/wp\/v2\/posts\/22838","targetHints":{"allow":["GET"]}}],"collection":[{"href":"https:\/\/agora.xtec.cat\/iesmarti-i-pol\/wp-json\/wp\/v2\/posts"}],"about":[{"href":"https:\/\/agora.xtec.cat\/iesmarti-i-pol\/wp-json\/wp\/v2\/types\/post"}],"author":[{"embeddable":true,"href":"https:\/\/agora.xtec.cat\/iesmarti-i-pol\/wp-json\/wp\/v2\/users\/1"}],"replies":[{"embeddable":true,"href":"https:\/\/agora.xtec.cat\/iesmarti-i-pol\/wp-json\/wp\/v2\/comments?post=22838"}],"version-history":[{"count":2,"href":"https:\/\/agora.xtec.cat\/iesmarti-i-pol\/wp-json\/wp\/v2\/posts\/22838\/revisions"}],"predecessor-version":[{"id":22844,"href":"https:\/\/agora.xtec.cat\/iesmarti-i-pol\/wp-json\/wp\/v2\/posts\/22838\/revisions\/22844"}],"wp:featuredmedia":[{"embeddable":true,"href":"https:\/\/agora.xtec.cat\/iesmarti-i-pol\/wp-json\/wp\/v2\/media\/22840"}],"wp:attachment":[{"href":"https:\/\/agora.xtec.cat\/iesmarti-i-pol\/wp-json\/wp\/v2\/media?parent=22838"}],"wp:term":[{"taxonomy":"category","embeddable":true,"href":"https:\/\/agora.xtec.cat\/iesmarti-i-pol\/wp-json\/wp\/v2\/categories?post=22838"},{"taxonomy":"post_tag","embeddable":true,"href":"https:\/\/agora.xtec.cat\/iesmarti-i-pol\/wp-json\/wp\/v2\/tags?post=22838"}],"curies":[{"name":"wp","href":"https:\/\/api.w.org\/{rel}","templated":true}]}}