{"id":223,"date":"2009-01-16T01:00:00","date_gmt":"2009-01-16T01:00:00","guid":{"rendered":"http:\/\/mmpol.cat\/home2\/mmpolcat\/wordpress\/?p=223"},"modified":"2021-03-05T19:41:32","modified_gmt":"2021-03-05T18:41:32","slug":"visita-del-conseller-deducaciltimes-notes","status":"publish","type":"post","link":"https:\/\/agora.xtec.cat\/iesmarti-i-pol\/portada\/visita-del-conseller-deducaciltimes-notes\/","title":{"rendered":"Visita del Conseller d&#039;Educaci\u00f3 (gener 2009)"},"content":{"rendered":"<p><span style=\"font-size: xx-small\"><span style=\"color: #3366ff\"><strong><br \/> Visita del Conseller d&#8217;Educaci\u00f3<\/strong><\/span><\/span><\/p>\n<p>  <!--more-->  <\/p>\n<table cellspacing=\"1\" cellpadding=\"1\" border=\"0\" width=\"546\" style=\"width: 546px; height: 403px\">\n<tbody>\n<tr>\n<td valign=\"top\">\n<p>             <img loading=\"lazy\" decoding=\"async\" height=\"15\" width=\"15\" src=\"\/iesmarti-i-pol\/images\/stories\/espai.gif\" alt=\"\" \/><\/td>\n<td>             <span style=\"color: #000099\"><\/p>\n<p>             El divendres passat, 9 de gener, ens va visitar el Conseller d&#8217;Educaci\u00f3 de la Generalitat de Catalunya, Sr. Ernest Maragall. La visita s&#8217;emmarca en la jornada que va dedicar a con\u00e8ixer m\u00e9s a prop la realitat educativa de la nostra ciutat visitant diversos centres educatius.<\/p>\n<p>             Per tal que es fes una idea el m\u00e9s \u00e0mplia possible del que \u00e9s el nostre institut, li vam mostrar l&#8217;Aula d&#8217;Acollida, els Laboratoris d&#8217;Idiomes, de F\u00edsica i d&#8217;Anatomia Patol\u00f2gica, l&#8217;aula de M\u00fasica, una aula de 1r d&#8217;ESO, la Biblioteca i les instal&middot;lacions de les fam\u00edlies de Fusta i Electricitat d&#8217;FP. El conseller va con\u00e8ixer de primera m\u00e0 els nostres espais, les dotacions humanes i de material i els nostres projectes d&#8217;innovaci\u00f3, alhora que li vam fer arribar els nostres projectes de futur que necessitaran el suport del Departament d&#8217;Educaci\u00f3 per poder-los fer una realitat.<\/p>\n<p>             En acabar la visita, el conseller ens va agrair la rebuda feta i ens va felicitar per ser un centre viu, preocupat per la millora del nostre ensenyament i per l&#8217;estat del nostre edifici.<\/p>\n<p>             Aqu\u00ed teniu una mostra fotogr\u00e0fica del que va ser la visita.<\/p>\n<p>             <\/span><\/td>\n<\/tr>\n<tr>\n<td valign=\"top\">&nbsp;<\/td>\n<td>\n<p align=\"center\">{gallery}agenda\/2009_visita_cons{\/gallery}<\/p>\n<\/td>\n<\/tr>\n<\/tbody>\n<\/table>\n<p>&nbsp;<\/p>\n","protected":false},"excerpt":{"rendered":"<p>Visita del Conseller d&#8217;Educaci\u00f3<\/p>\n","protected":false},"author":1,"featured_media":0,"comment_status":"open","ping_status":"open","sticky":false,"template":"","format":"standard","meta":{"_bbp_topic_count":0,"_bbp_reply_count":0,"_bbp_total_topic_count":0,"_bbp_total_reply_count":0,"_bbp_voice_count":0,"_bbp_anonymous_reply_count":0,"_bbp_topic_count_hidden":0,"_bbp_reply_count_hidden":0,"_bbp_forum_subforum_count":0,"site-sidebar-layout":"default","site-content-layout":"","ast-site-content-layout":"","site-content-style":"default","site-sidebar-style":"default","ast-global-header-display":"","ast-banner-title-visibility":"","ast-main-header-display":"","ast-hfb-above-header-display":"","ast-hfb-below-header-display":"","ast-hfb-mobile-header-display":"","site-post-title":"","ast-breadcrumbs-content":"","ast-featured-img":"","footer-sml-layout":"","theme-transparent-header-meta":"","adv-header-id-meta":"","stick-header-meta":"","header-above-stick-meta":"","header-main-stick-meta":"","header-below-stick-meta":"","astra-migrate-meta-layouts":"default","ast-page-background-enabled":"default","ast-page-background-meta":{"desktop":{"background-color":"var(--ast-global-color-4)","background-image":"","background-repeat":"repeat","background-position":"center center","background-size":"auto","background-attachment":"scroll","background-type":"","background-media":"","overlay-type":"","overlay-color":"","overlay-opacity":"","overlay-gradient":""},"tablet":{"background-color":"","background-image":"","background-repeat":"repeat","background-position":"center center","background-size":"auto","background-attachment":"scroll","background-type":"","background-media":"","overlay-type":"","overlay-color":"","overlay-opacity":"","overlay-gradient":""},"mobile":{"background-color":"","background-image":"","background-repeat":"repeat","background-position":"center center","background-size":"auto","background-attachment":"scroll","background-type":"","background-media":"","overlay-type":"","overlay-color":"","overlay-opacity":"","overlay-gradient":""}},"ast-content-background-meta":{"desktop":{"background-color":"var(--ast-global-color-5)","background-image":"","background-repeat":"repeat","background-position":"center center","background-size":"auto","background-attachment":"scroll","background-type":"","background-media":"","overlay-type":"","overlay-color":"","overlay-opacity":"","overlay-gradient":""},"tablet":{"background-color":"var(--ast-global-color-5)","background-image":"","background-repeat":"repeat","background-position":"center center","background-size":"auto","background-attachment":"scroll","background-type":"","background-media":"","overlay-type":"","overlay-color":"","overlay-opacity":"","overlay-gradient":""},"mobile":{"background-color":"var(--ast-global-color-5)","background-image":"","background-repeat":"repeat","background-position":"center center","background-size":"auto","background-attachment":"scroll","background-type":"","background-media":"","overlay-type":"","overlay-color":"","overlay-opacity":"","overlay-gradient":""}},"footnotes":""},"categories":[351],"tags":[],"class_list":["post-223","post","type-post","status-publish","format-standard","hentry","category-portada"],"post_mailing_queue_ids":[],"_links":{"self":[{"href":"https:\/\/agora.xtec.cat\/iesmarti-i-pol\/wp-json\/wp\/v2\/posts\/223","targetHints":{"allow":["GET"]}}],"collection":[{"href":"https:\/\/agora.xtec.cat\/iesmarti-i-pol\/wp-json\/wp\/v2\/posts"}],"about":[{"href":"https:\/\/agora.xtec.cat\/iesmarti-i-pol\/wp-json\/wp\/v2\/types\/post"}],"author":[{"embeddable":true,"href":"https:\/\/agora.xtec.cat\/iesmarti-i-pol\/wp-json\/wp\/v2\/users\/1"}],"replies":[{"embeddable":true,"href":"https:\/\/agora.xtec.cat\/iesmarti-i-pol\/wp-json\/wp\/v2\/comments?post=223"}],"version-history":[{"count":1,"href":"https:\/\/agora.xtec.cat\/iesmarti-i-pol\/wp-json\/wp\/v2\/posts\/223\/revisions"}],"predecessor-version":[{"id":19209,"href":"https:\/\/agora.xtec.cat\/iesmarti-i-pol\/wp-json\/wp\/v2\/posts\/223\/revisions\/19209"}],"wp:attachment":[{"href":"https:\/\/agora.xtec.cat\/iesmarti-i-pol\/wp-json\/wp\/v2\/media?parent=223"}],"wp:term":[{"taxonomy":"category","embeddable":true,"href":"https:\/\/agora.xtec.cat\/iesmarti-i-pol\/wp-json\/wp\/v2\/categories?post=223"},{"taxonomy":"post_tag","embeddable":true,"href":"https:\/\/agora.xtec.cat\/iesmarti-i-pol\/wp-json\/wp\/v2\/tags?post=223"}],"curies":[{"name":"wp","href":"https:\/\/api.w.org\/{rel}","templated":true}]}}