{"id":21893,"date":"2022-04-05T19:00:58","date_gmt":"2022-04-05T17:00:58","guid":{"rendered":"https:\/\/agora.xtec.cat\/iesmarti-i-pol\/?p=21893"},"modified":"2022-04-05T19:21:55","modified_gmt":"2022-04-05T17:21:55","slug":"qisa-ponencia-canvi-climatic-setmana-de-la-fp","status":"publish","type":"post","link":"https:\/\/agora.xtec.cat\/iesmarti-i-pol\/general\/qisa-ponencia-canvi-climatic-setmana-de-la-fp\/","title":{"rendered":"QISA \u2013 PON\u00c8NCIA CANVI CLIM\u00c0TIC SETMANA DE LA FP"},"content":{"rendered":"<p class=\"p1\"><span class=\"s1\">El professorat del cicle de grau superior de Qu\u00edmica i Salut Ambiental amb motiu de la Setmana de la FP va organitzar una confer\u00e8ncia amb el tema central del <span style=\"color: #000080;\"><strong>Canvi Clim\u00e0tic<\/strong><\/span> amb un ponent excepcional, en <em><strong>Narc\u00eds Prat<\/strong><\/em>.<\/span><\/p>\n<p><a href=\"https:\/\/agora.xtec.cat\/iesmarti-i-pol\/wp-content\/uploads\/usu1292\/2022\/04\/IMG-20220324-WA0005.jpeg\"><img loading=\"lazy\" decoding=\"async\" class=\"alignright size-full wp-image-21895\" src=\"https:\/\/agora.xtec.cat\/iesmarti-i-pol\/wp-content\/uploads\/usu1292\/2022\/04\/IMG-20220324-WA0005.jpeg\" alt=\"\" width=\"2000\" height=\"1500\" srcset=\"https:\/\/agora.xtec.cat\/iesmarti-i-pol\/wp-content\/uploads\/usu1292\/2022\/04\/IMG-20220324-WA0005.jpeg 2000w, https:\/\/agora.xtec.cat\/iesmarti-i-pol\/wp-content\/uploads\/usu1292\/2022\/04\/IMG-20220324-WA0005-300x225.jpeg 300w, https:\/\/agora.xtec.cat\/iesmarti-i-pol\/wp-content\/uploads\/usu1292\/2022\/04\/IMG-20220324-WA0005-1024x768.jpeg 1024w, https:\/\/agora.xtec.cat\/iesmarti-i-pol\/wp-content\/uploads\/usu1292\/2022\/04\/IMG-20220324-WA0005-768x576.jpeg 768w, https:\/\/agora.xtec.cat\/iesmarti-i-pol\/wp-content\/uploads\/usu1292\/2022\/04\/IMG-20220324-WA0005-1536x1152.jpeg 1536w, https:\/\/agora.xtec.cat\/iesmarti-i-pol\/wp-content\/uploads\/usu1292\/2022\/04\/IMG-20220324-WA0005-200x150.jpeg 200w\" sizes=\"auto, (max-width: 2000px) 100vw, 2000px\" \/><\/a><\/p>\n<p class=\"p1\"><span class=\"s1\">En <em><strong>Narc\u00eds Prat<\/strong><\/em>, \u00e9s catedr\u00e0tic i professor em\u00e8rit de l\u2019UB, especialista en ecologia i gesti\u00f3 de les aig\u00fces, director del grup de recerca Freshwater Ecology and Management (FEM) i autor de m\u00e9s de dues-centes publicacions cient\u00edfiques. Ha estat guardonat amb diverses distincions i premis per les seves activitats de divulgaci\u00f3 cient\u00edfica i human\u00edstica, \u00e9s un ec\u00f2leg conegut per la seva implicaci\u00f3 de la defensa del medi ambient, va treballar durant gaireb\u00e9 15 anys com a\u00a0p\u00e8rit de la fiscalia\u00a0en casos de\u00a0delictes ecol\u00f2gics i ha estat sempre una veu molt cr\u00edtica i ferm activista en la defensa del medi ambient.<\/span><\/p>\n<p><a href=\"https:\/\/agora.xtec.cat\/iesmarti-i-pol\/wp-content\/uploads\/usu1292\/2022\/04\/IMG-20220324-WA0003.jpeg\"><img loading=\"lazy\" decoding=\"async\" class=\"alignright size-full wp-image-21896\" src=\"https:\/\/agora.xtec.cat\/iesmarti-i-pol\/wp-content\/uploads\/usu1292\/2022\/04\/IMG-20220324-WA0003.jpeg\" alt=\"\" width=\"2000\" height=\"1500\" srcset=\"https:\/\/agora.xtec.cat\/iesmarti-i-pol\/wp-content\/uploads\/usu1292\/2022\/04\/IMG-20220324-WA0003.jpeg 2000w, https:\/\/agora.xtec.cat\/iesmarti-i-pol\/wp-content\/uploads\/usu1292\/2022\/04\/IMG-20220324-WA0003-300x225.jpeg 300w, https:\/\/agora.xtec.cat\/iesmarti-i-pol\/wp-content\/uploads\/usu1292\/2022\/04\/IMG-20220324-WA0003-1024x768.jpeg 1024w, https:\/\/agora.xtec.cat\/iesmarti-i-pol\/wp-content\/uploads\/usu1292\/2022\/04\/IMG-20220324-WA0003-768x576.jpeg 768w, https:\/\/agora.xtec.cat\/iesmarti-i-pol\/wp-content\/uploads\/usu1292\/2022\/04\/IMG-20220324-WA0003-1536x1152.jpeg 1536w, https:\/\/agora.xtec.cat\/iesmarti-i-pol\/wp-content\/uploads\/usu1292\/2022\/04\/IMG-20220324-WA0003-200x150.jpeg 200w\" sizes=\"auto, (max-width: 2000px) 100vw, 2000px\" \/><\/a><\/p>\n<p class=\"p1\"><span class=\"s1\">Quantes vegades hem sentit la necessitat d&#8217;escoltar una veu experta i objectiva que ens aporti llum per entendre les amenaces en relaci\u00f3 amb el canvi clim\u00e0tic i com afectar\u00e0 aquest al medi ambient i com condicionar\u00e0 les nostres vides. Aquest va ser l&#8217;objectiu del nostre ponent durant aproximadament hora i mitja, durant aquest temps en Narc\u00eds Prat va donar resposta a les preguntes que els alumnes de Qu\u00edmica i Salut ambiental li havien traslladat pr\u00e8viament: <\/span><\/p>\n<p class=\"p1\"><span class=\"s1\"><i>\u201cQuines seran les poblacions que es veuran afectades per la pujada del nivell del mar, pel desgla\u00e7 dels pols, a Catalunya i quines mesures hauran de realitzar per fer front aquest canvi?; Podem contrarestar d&#8217;alguna manera el mal que ja hem fet?; Com creus que pot influir el canvi clim\u00e0tic en les reserves d&#8217;aigua (embassaments, aq\u00fc\u00edfers, llacunes&#8230;) en la conca mediterr\u00e0nia?; Qu\u00e8 li diries a una persona que pensa que aix\u00f2 del canvi clim\u00e0tic \u00e9s una not\u00edcia falsa (Fake New)?; Creus que hi ha un problema de conscienciaci\u00f3 en la poblaci\u00f3 sobre el tema?; Fins a quin punt les conductes purament individuals s\u00f3n efectives sense un recolzament social\/pol\u00edtic\/col\u00b7lectiu?; L\u2019energia nuclear \u00e9s una soluci\u00f3 al canvi clim\u00e0tic?, \u2026\u201d<\/i><\/span><\/p>\n<p><a href=\"https:\/\/agora.xtec.cat\/iesmarti-i-pol\/wp-content\/uploads\/usu1292\/2022\/04\/IMG-20220324-WA0002.jpeg\"><img loading=\"lazy\" decoding=\"async\" class=\"alignright size-full wp-image-21900\" src=\"https:\/\/agora.xtec.cat\/iesmarti-i-pol\/wp-content\/uploads\/usu1292\/2022\/04\/IMG-20220324-WA0002.jpeg\" alt=\"\" width=\"2000\" height=\"1500\" srcset=\"https:\/\/agora.xtec.cat\/iesmarti-i-pol\/wp-content\/uploads\/usu1292\/2022\/04\/IMG-20220324-WA0002.jpeg 2000w, https:\/\/agora.xtec.cat\/iesmarti-i-pol\/wp-content\/uploads\/usu1292\/2022\/04\/IMG-20220324-WA0002-300x225.jpeg 300w, https:\/\/agora.xtec.cat\/iesmarti-i-pol\/wp-content\/uploads\/usu1292\/2022\/04\/IMG-20220324-WA0002-1024x768.jpeg 1024w, https:\/\/agora.xtec.cat\/iesmarti-i-pol\/wp-content\/uploads\/usu1292\/2022\/04\/IMG-20220324-WA0002-768x576.jpeg 768w, https:\/\/agora.xtec.cat\/iesmarti-i-pol\/wp-content\/uploads\/usu1292\/2022\/04\/IMG-20220324-WA0002-1536x1152.jpeg 1536w, https:\/\/agora.xtec.cat\/iesmarti-i-pol\/wp-content\/uploads\/usu1292\/2022\/04\/IMG-20220324-WA0002-200x150.jpeg 200w\" sizes=\"auto, (max-width: 2000px) 100vw, 2000px\" \/><\/a><\/p>\n<p class=\"p1\"><span class=\"s1\">Donat que les mesures restrictives de seguretat aplicades als centres educatius per la Covid s\u2019havien relaxat es va convidar a alumnes de batxillerat d\u2019altres centres educatius de Cornell\u00e0 a assistir a la pon\u00e8ncia. Agra\u00efm l\u2019assist\u00e8ncia als alumnes de batxillerat del Maria Aur\u00e8lia Capmany (MAC) i del Francesc Maci\u00e0 que van acceptar la invitaci\u00f3 i ens van acompanyar en aquest acte.<\/span><\/p>\n<p><span style=\"color: #ff0000;\"><strong>Si esteu interessats en la pon\u00e8ncia que va fer el Narc\u00eds Prat, aqu\u00ed la teniu: <a href=\"https:\/\/agora.xtec.cat\/iesmarti-i-pol\/wp-content\/uploads\/usu1292\/2022\/04\/ponencia.pdf\" target=\"_blank\" rel=\"noopener\">power point<\/a><\/strong><\/span><\/p>\n","protected":false},"excerpt":{"rendered":"<p>El professorat del cicle de grau superior de Qu\u00edmica i Salut Ambiental amb motiu de la Setmana de la FP va organitzar una confer\u00e8ncia amb el tema central del Canvi Clim\u00e0tic amb un ponent excepcional, en Narc\u00eds Prat. En Narc\u00eds Prat, \u00e9s catedr\u00e0tic i professor em\u00e8rit de l\u2019UB, especialista en ecologia i gesti\u00f3 de les [&hellip;]<\/p>\n","protected":false},"author":37,"featured_media":21894,"comment_status":"open","ping_status":"closed","sticky":false,"template":"","format":"standard","meta":{"_bbp_topic_count":0,"_bbp_reply_count":0,"_bbp_total_topic_count":0,"_bbp_total_reply_count":0,"_bbp_voice_count":0,"_bbp_anonymous_reply_count":0,"_bbp_topic_count_hidden":0,"_bbp_reply_count_hidden":0,"_bbp_forum_subforum_count":0,"site-sidebar-layout":"default","site-content-layout":"","ast-site-content-layout":"","site-content-style":"default","site-sidebar-style":"default","ast-global-header-display":"","ast-banner-title-visibility":"","ast-main-header-display":"","ast-hfb-above-header-display":"","ast-hfb-below-header-display":"","ast-hfb-mobile-header-display":"","site-post-title":"","ast-breadcrumbs-content":"","ast-featured-img":"","footer-sml-layout":"","theme-transparent-header-meta":"","adv-header-id-meta":"","stick-header-meta":"","header-above-stick-meta":"","header-main-stick-meta":"","header-below-stick-meta":"","astra-migrate-meta-layouts":"default","ast-page-background-enabled":"default","ast-page-background-meta":{"desktop":{"background-color":"var(--ast-global-color-4)","background-image":"","background-repeat":"repeat","background-position":"center center","background-size":"auto","background-attachment":"scroll","background-type":"","background-media":"","overlay-type":"","overlay-color":"","overlay-opacity":"","overlay-gradient":""},"tablet":{"background-color":"","background-image":"","background-repeat":"repeat","background-position":"center center","background-size":"auto","background-attachment":"scroll","background-type":"","background-media":"","overlay-type":"","overlay-color":"","overlay-opacity":"","overlay-gradient":""},"mobile":{"background-color":"","background-image":"","background-repeat":"repeat","background-position":"center center","background-size":"auto","background-attachment":"scroll","background-type":"","background-media":"","overlay-type":"","overlay-color":"","overlay-opacity":"","overlay-gradient":""}},"ast-content-background-meta":{"desktop":{"background-color":"var(--ast-global-color-5)","background-image":"","background-repeat":"repeat","background-position":"center center","background-size":"auto","background-attachment":"scroll","background-type":"","background-media":"","overlay-type":"","overlay-color":"","overlay-opacity":"","overlay-gradient":""},"tablet":{"background-color":"var(--ast-global-color-5)","background-image":"","background-repeat":"repeat","background-position":"center center","background-size":"auto","background-attachment":"scroll","background-type":"","background-media":"","overlay-type":"","overlay-color":"","overlay-opacity":"","overlay-gradient":""},"mobile":{"background-color":"var(--ast-global-color-5)","background-image":"","background-repeat":"repeat","background-position":"center center","background-size":"auto","background-attachment":"scroll","background-type":"","background-media":"","overlay-type":"","overlay-color":"","overlay-opacity":"","overlay-gradient":""}},"footnotes":""},"categories":[1023,347,351,1025],"tags":[],"class_list":["post-21893","post","type-post","status-publish","format-standard","has-post-thumbnail","hentry","category-cicles-formatius-i-pfi","category-general","category-portada","category-seguretat-i-medi-ambient"],"post_mailing_queue_ids":[],"_links":{"self":[{"href":"https:\/\/agora.xtec.cat\/iesmarti-i-pol\/wp-json\/wp\/v2\/posts\/21893","targetHints":{"allow":["GET"]}}],"collection":[{"href":"https:\/\/agora.xtec.cat\/iesmarti-i-pol\/wp-json\/wp\/v2\/posts"}],"about":[{"href":"https:\/\/agora.xtec.cat\/iesmarti-i-pol\/wp-json\/wp\/v2\/types\/post"}],"author":[{"embeddable":true,"href":"https:\/\/agora.xtec.cat\/iesmarti-i-pol\/wp-json\/wp\/v2\/users\/37"}],"replies":[{"embeddable":true,"href":"https:\/\/agora.xtec.cat\/iesmarti-i-pol\/wp-json\/wp\/v2\/comments?post=21893"}],"version-history":[{"count":4,"href":"https:\/\/agora.xtec.cat\/iesmarti-i-pol\/wp-json\/wp\/v2\/posts\/21893\/revisions"}],"predecessor-version":[{"id":21910,"href":"https:\/\/agora.xtec.cat\/iesmarti-i-pol\/wp-json\/wp\/v2\/posts\/21893\/revisions\/21910"}],"wp:featuredmedia":[{"embeddable":true,"href":"https:\/\/agora.xtec.cat\/iesmarti-i-pol\/wp-json\/wp\/v2\/media\/21894"}],"wp:attachment":[{"href":"https:\/\/agora.xtec.cat\/iesmarti-i-pol\/wp-json\/wp\/v2\/media?parent=21893"}],"wp:term":[{"taxonomy":"category","embeddable":true,"href":"https:\/\/agora.xtec.cat\/iesmarti-i-pol\/wp-json\/wp\/v2\/categories?post=21893"},{"taxonomy":"post_tag","embeddable":true,"href":"https:\/\/agora.xtec.cat\/iesmarti-i-pol\/wp-json\/wp\/v2\/tags?post=21893"}],"curies":[{"name":"wp","href":"https:\/\/api.w.org\/{rel}","templated":true}]}}