{"id":21710,"date":"2022-03-17T10:19:47","date_gmt":"2022-03-17T09:19:47","guid":{"rendered":"https:\/\/agora.xtec.cat\/iesmarti-i-pol\/?p=21710"},"modified":"2022-03-18T16:11:22","modified_gmt":"2022-03-18T15:11:22","slug":"departamentd-de-sanitat-setmana-de-lfp","status":"publish","type":"post","link":"https:\/\/agora.xtec.cat\/iesmarti-i-pol\/departaments-cicles\/departamentd-de-sanitat-setmana-de-lfp\/","title":{"rendered":"Setmana de l&#8217;FP 2022"},"content":{"rendered":"<p>Aquest mes de mar\u00e7 estem celebrant la <span style=\"color: #ff0000;\"><strong>3a Setmana de l&#8217;FP<\/strong><\/span>. Els docents i alumnes de tots els cicles han organitzat sortides, xerrades i tallers que esperem siguin del vostre inter\u00e8s.<br \/>\nA sota teniu<em> els enlla\u00e7os<\/em> per veure els programes de cada fam\u00edlia professional. <span style=\"color: #008000;\"><strong>Que tingueu una bona setmana de l&#8217;FP!!<\/strong><\/span><\/p>\n<div><\/div>\n<table style=\"border-collapse: collapse; width: 100%;\">\n<tbody>\n<tr>\n<td style=\"width: 39.0443%; text-align: center;\"><span style=\"color: #000080;\"><strong>Departament de Sanitat i Seguretat i medi ambient<\/strong><\/span><\/p>\n<p><span style=\"color: #000000;\">(<em>per ampliar cal clicar els tres punts<\/em>)<\/span><\/td>\n<td style=\"width: 31.7016%; text-align: center;\"><span style=\"color: #000080;\"><strong>Departament de Fusta<\/strong><\/span><\/td>\n<td style=\"width: 29.254%; text-align: center;\"><span style=\"color: #000080;\"><strong>Departament d&#8217;Electricitat<\/strong><\/span><\/p>\n<p>(<em>clica sobre la imatge per veure el programa<\/em>)<\/td>\n<\/tr>\n<tr>\n<td style=\"width: 39.0443%; text-align: center;\">\n<div style=\"width: 100%;\">\n<div style=\"position: relative; padding-bottom: 56.25%; padding-top: 0; height: 0;\"><iframe loading=\"lazy\" style=\"position: absolute; top: 0; left: 0; width: 100%; height: 100%;\" src=\"https:\/\/view.genial.ly\/61a6535575e88a0d44f02aa1\" width=\"1200\" height=\"675\" frameborder=\"0\" scrolling=\"yes\" allowfullscreen=\"allowfullscreen\"><\/iframe><\/div>\n<\/div>\n<\/td>\n<td style=\"width: 31.7016%; text-align: center;\"><a href=\"https:\/\/agora.xtec.cat\/iesmarti-i-pol\/wp-content\/uploads\/usu1292\/2022\/03\/8309e487-ff0b-41bf-b5a6-c114f56c2c16.jpg\"><img loading=\"lazy\" decoding=\"async\" class=\"alignnone size-large wp-image-21759\" src=\"https:\/\/agora.xtec.cat\/iesmarti-i-pol\/wp-content\/uploads\/usu1292\/2022\/03\/8309e487-ff0b-41bf-b5a6-c114f56c2c16-724x1024.jpg\" alt=\"\" width=\"724\" height=\"1024\" srcset=\"https:\/\/agora.xtec.cat\/iesmarti-i-pol\/wp-content\/uploads\/usu1292\/2022\/03\/8309e487-ff0b-41bf-b5a6-c114f56c2c16-724x1024.jpg 724w, https:\/\/agora.xtec.cat\/iesmarti-i-pol\/wp-content\/uploads\/usu1292\/2022\/03\/8309e487-ff0b-41bf-b5a6-c114f56c2c16-212x300.jpg 212w, https:\/\/agora.xtec.cat\/iesmarti-i-pol\/wp-content\/uploads\/usu1292\/2022\/03\/8309e487-ff0b-41bf-b5a6-c114f56c2c16-768x1086.jpg 768w, https:\/\/agora.xtec.cat\/iesmarti-i-pol\/wp-content\/uploads\/usu1292\/2022\/03\/8309e487-ff0b-41bf-b5a6-c114f56c2c16-1086x1536.jpg 1086w, https:\/\/agora.xtec.cat\/iesmarti-i-pol\/wp-content\/uploads\/usu1292\/2022\/03\/8309e487-ff0b-41bf-b5a6-c114f56c2c16.jpg 1414w\" sizes=\"auto, (max-width: 724px) 100vw, 724px\" \/><\/a><\/td>\n<td style=\"width: 29.254%; text-align: center;\"><a href=\"https:\/\/docs.google.com\/presentation\/d\/1g2tdvEA6LZBlm6JJiWNN0Azc0I0KnG22\/edit#slide=id.p1\" target=\"_blank\" rel=\"noopener\"><img loading=\"lazy\" decoding=\"async\" class=\"alignright wp-image-21741 size-full\" src=\"https:\/\/agora.xtec.cat\/iesmarti-i-pol\/wp-content\/uploads\/usu1292\/2022\/03\/electrics2.jpg\" alt=\"\" width=\"1018\" height=\"559\" srcset=\"https:\/\/agora.xtec.cat\/iesmarti-i-pol\/wp-content\/uploads\/usu1292\/2022\/03\/electrics2.jpg 1018w, https:\/\/agora.xtec.cat\/iesmarti-i-pol\/wp-content\/uploads\/usu1292\/2022\/03\/electrics2-300x165.jpg 300w, https:\/\/agora.xtec.cat\/iesmarti-i-pol\/wp-content\/uploads\/usu1292\/2022\/03\/electrics2-768x422.jpg 768w\" sizes=\"auto, (max-width: 1018px) 100vw, 1018px\" \/><\/a><\/td>\n<\/tr>\n<\/tbody>\n<\/table>\n<p>&nbsp;<\/p>\n","protected":false},"excerpt":{"rendered":"<p>Aquest mes de mar\u00e7 estem celebrant la 3a Setmana de l&#8217;FP. Els docents i alumnes de tots els cicles han organitzat sortides, xerrades i tallers que esperem siguin del vostre inter\u00e8s. A sota teniu els enlla\u00e7os per veure els programes de cada fam\u00edlia professional. Que tingueu una bona setmana de l&#8217;FP!! Departament de Sanitat i [&hellip;]<\/p>\n","protected":false},"author":37,"featured_media":0,"comment_status":"open","ping_status":"closed","sticky":false,"template":"","format":"standard","meta":{"_bbp_topic_count":0,"_bbp_reply_count":0,"_bbp_total_topic_count":0,"_bbp_total_reply_count":0,"_bbp_voice_count":0,"_bbp_anonymous_reply_count":0,"_bbp_topic_count_hidden":0,"_bbp_reply_count_hidden":0,"_bbp_forum_subforum_count":0,"site-sidebar-layout":"default","site-content-layout":"","ast-site-content-layout":"","site-content-style":"default","site-sidebar-style":"default","ast-global-header-display":"","ast-banner-title-visibility":"","ast-main-header-display":"","ast-hfb-above-header-display":"","ast-hfb-below-header-display":"","ast-hfb-mobile-header-display":"","site-post-title":"","ast-breadcrumbs-content":"","ast-featured-img":"","footer-sml-layout":"","theme-transparent-header-meta":"","adv-header-id-meta":"","stick-header-meta":"","header-above-stick-meta":"","header-main-stick-meta":"","header-below-stick-meta":"","astra-migrate-meta-layouts":"default","ast-page-background-enabled":"default","ast-page-background-meta":{"desktop":{"background-color":"var(--ast-global-color-4)","background-image":"","background-repeat":"repeat","background-position":"center center","background-size":"auto","background-attachment":"scroll","background-type":"","background-media":"","overlay-type":"","overlay-color":"","overlay-opacity":"","overlay-gradient":""},"tablet":{"background-color":"","background-image":"","background-repeat":"repeat","background-position":"center center","background-size":"auto","background-attachment":"scroll","background-type":"","background-media":"","overlay-type":"","overlay-color":"","overlay-opacity":"","overlay-gradient":""},"mobile":{"background-color":"","background-image":"","background-repeat":"repeat","background-position":"center center","background-size":"auto","background-attachment":"scroll","background-type":"","background-media":"","overlay-type":"","overlay-color":"","overlay-opacity":"","overlay-gradient":""}},"ast-content-background-meta":{"desktop":{"background-color":"var(--ast-global-color-5)","background-image":"","background-repeat":"repeat","background-position":"center center","background-size":"auto","background-attachment":"scroll","background-type":"","background-media":"","overlay-type":"","overlay-color":"","overlay-opacity":"","overlay-gradient":""},"tablet":{"background-color":"var(--ast-global-color-5)","background-image":"","background-repeat":"repeat","background-position":"center center","background-size":"auto","background-attachment":"scroll","background-type":"","background-media":"","overlay-type":"","overlay-color":"","overlay-opacity":"","overlay-gradient":""},"mobile":{"background-color":"var(--ast-global-color-5)","background-image":"","background-repeat":"repeat","background-position":"center center","background-size":"auto","background-attachment":"scroll","background-type":"","background-media":"","overlay-type":"","overlay-color":"","overlay-opacity":"","overlay-gradient":""}},"footnotes":""},"categories":[1023,256,347,351],"tags":[],"class_list":["post-21710","post","type-post","status-publish","format-standard","hentry","category-cicles-formatius-i-pfi","category-departaments-cicles","category-general","category-portada"],"post_mailing_queue_ids":[],"_links":{"self":[{"href":"https:\/\/agora.xtec.cat\/iesmarti-i-pol\/wp-json\/wp\/v2\/posts\/21710","targetHints":{"allow":["GET"]}}],"collection":[{"href":"https:\/\/agora.xtec.cat\/iesmarti-i-pol\/wp-json\/wp\/v2\/posts"}],"about":[{"href":"https:\/\/agora.xtec.cat\/iesmarti-i-pol\/wp-json\/wp\/v2\/types\/post"}],"author":[{"embeddable":true,"href":"https:\/\/agora.xtec.cat\/iesmarti-i-pol\/wp-json\/wp\/v2\/users\/37"}],"replies":[{"embeddable":true,"href":"https:\/\/agora.xtec.cat\/iesmarti-i-pol\/wp-json\/wp\/v2\/comments?post=21710"}],"version-history":[{"count":4,"href":"https:\/\/agora.xtec.cat\/iesmarti-i-pol\/wp-json\/wp\/v2\/posts\/21710\/revisions"}],"predecessor-version":[{"id":21760,"href":"https:\/\/agora.xtec.cat\/iesmarti-i-pol\/wp-json\/wp\/v2\/posts\/21710\/revisions\/21760"}],"wp:attachment":[{"href":"https:\/\/agora.xtec.cat\/iesmarti-i-pol\/wp-json\/wp\/v2\/media?parent=21710"}],"wp:term":[{"taxonomy":"category","embeddable":true,"href":"https:\/\/agora.xtec.cat\/iesmarti-i-pol\/wp-json\/wp\/v2\/categories?post=21710"},{"taxonomy":"post_tag","embeddable":true,"href":"https:\/\/agora.xtec.cat\/iesmarti-i-pol\/wp-json\/wp\/v2\/tags?post=21710"}],"curies":[{"name":"wp","href":"https:\/\/api.w.org\/{rel}","templated":true}]}}