{"id":21111,"date":"2021-10-17T12:03:21","date_gmt":"2021-10-17T10:03:21","guid":{"rendered":"https:\/\/agora.xtec.cat\/iesmarti-i-pol\/?p=21111"},"modified":"2021-10-25T10:36:34","modified_gmt":"2021-10-25T08:36:34","slug":"alumnes-de-cicles-formatius-per-europa-amb-erasmus","status":"publish","type":"post","link":"https:\/\/agora.xtec.cat\/iesmarti-i-pol\/general\/alumnes-de-cicles-formatius-per-europa-amb-erasmus\/","title":{"rendered":"Alumnes de cicles formatius per Europa amb Erasmus+"},"content":{"rendered":"<p>Aquesta setmana tenim 16 alumnes de cicles repartits per Europa, gaudint de les seves beques Erasmus.<\/p>\n<p>La <span style=\"color: #ff0000;\"><strong>Carla<\/strong><\/span> i el <strong><span style=\"color: #ff0000;\">Robin<\/span><\/strong>, de CFGS de Disseny i moblament estan a <strong><span style=\"color: #ff0000;\">Flor\u00e8ncia (<span style=\"caret-color: #ff0000;\">It\u00e0lia<\/span>)<\/span><\/strong><\/p>\n<table style=\"border-collapse: collapse; width: 100%; height: 16px;\">\n<tbody>\n<tr style=\"height: 16px;\">\n<td style=\"width: 50%; height: 16px;\"><a href=\"https:\/\/agora.xtec.cat\/iesmarti-i-pol\/wp-content\/uploads\/usu1292\/2021\/10\/florencia2-1.jpg\"><img loading=\"lazy\" decoding=\"async\" class=\"size-full wp-image-21129 aligncenter\" src=\"https:\/\/agora.xtec.cat\/iesmarti-i-pol\/wp-content\/uploads\/usu1292\/2021\/10\/florencia2-1.jpg\" alt=\"\" width=\"1080\" height=\"1080\" srcset=\"https:\/\/agora.xtec.cat\/iesmarti-i-pol\/wp-content\/uploads\/usu1292\/2021\/10\/florencia2-1.jpg 1080w, https:\/\/agora.xtec.cat\/iesmarti-i-pol\/wp-content\/uploads\/usu1292\/2021\/10\/florencia2-1-300x300.jpg 300w, https:\/\/agora.xtec.cat\/iesmarti-i-pol\/wp-content\/uploads\/usu1292\/2021\/10\/florencia2-1-1024x1024.jpg 1024w, https:\/\/agora.xtec.cat\/iesmarti-i-pol\/wp-content\/uploads\/usu1292\/2021\/10\/florencia2-1-150x150.jpg 150w, https:\/\/agora.xtec.cat\/iesmarti-i-pol\/wp-content\/uploads\/usu1292\/2021\/10\/florencia2-1-768x768.jpg 768w\" sizes=\"auto, (max-width: 1080px) 100vw, 1080px\" \/><\/a><\/td>\n<td style=\"width: 50%; height: 16px;\"><a href=\"https:\/\/agora.xtec.cat\/iesmarti-i-pol\/wp-content\/uploads\/usu1292\/2021\/10\/florencia1.jpg\"><img loading=\"lazy\" decoding=\"async\" class=\"size-full wp-image-21130 aligncenter\" src=\"https:\/\/agora.xtec.cat\/iesmarti-i-pol\/wp-content\/uploads\/usu1292\/2021\/10\/florencia1.jpg\" alt=\"\" width=\"1080\" height=\"1080\" srcset=\"https:\/\/agora.xtec.cat\/iesmarti-i-pol\/wp-content\/uploads\/usu1292\/2021\/10\/florencia1.jpg 1080w, https:\/\/agora.xtec.cat\/iesmarti-i-pol\/wp-content\/uploads\/usu1292\/2021\/10\/florencia1-300x300.jpg 300w, https:\/\/agora.xtec.cat\/iesmarti-i-pol\/wp-content\/uploads\/usu1292\/2021\/10\/florencia1-1024x1024.jpg 1024w, https:\/\/agora.xtec.cat\/iesmarti-i-pol\/wp-content\/uploads\/usu1292\/2021\/10\/florencia1-150x150.jpg 150w, https:\/\/agora.xtec.cat\/iesmarti-i-pol\/wp-content\/uploads\/usu1292\/2021\/10\/florencia1-768x768.jpg 768w\" sizes=\"auto, (max-width: 1080px) 100vw, 1080px\" \/><\/a><\/td>\n<\/tr>\n<\/tbody>\n<\/table>\n<p>L&#8217;<span style=\"color: #333399;\"><strong>Ainhoa<\/strong><\/span>, <strong><span style=\"color: #333399;\">Andrea<\/span><\/strong>, <span style=\"color: #333399;\"><strong>Iris<\/strong><\/span>, <span style=\"color: #333399;\"><strong>Irune<\/strong><\/span> i <span style=\"color: #333399;\"><strong>Alba<\/strong><\/span>, dels CFGM de Farm\u00e0cia i parafarm\u00e0cia i CAI fan les seves pr\u00e0ctiques a <span style=\"color: #333399;\"><strong>Arad<\/strong> (<strong>Romania<\/strong>)<\/span><\/p>\n<table style=\"border-collapse: collapse; width: 100%;\">\n<tbody>\n<tr>\n<td style=\"width: 50%;\"><a href=\"https:\/\/agora.xtec.cat\/iesmarti-i-pol\/wp-content\/uploads\/usu1292\/2021\/10\/rumania2-scaled.jpg\"><img loading=\"lazy\" decoding=\"async\" class=\"size-full wp-image-21121 aligncenter\" src=\"https:\/\/agora.xtec.cat\/iesmarti-i-pol\/wp-content\/uploads\/usu1292\/2021\/10\/rumania2-scaled.jpg\" alt=\"\" width=\"2560\" height=\"1917\" srcset=\"https:\/\/agora.xtec.cat\/iesmarti-i-pol\/wp-content\/uploads\/usu1292\/2021\/10\/rumania2-scaled.jpg 2560w, https:\/\/agora.xtec.cat\/iesmarti-i-pol\/wp-content\/uploads\/usu1292\/2021\/10\/rumania2-300x225.jpg 300w, https:\/\/agora.xtec.cat\/iesmarti-i-pol\/wp-content\/uploads\/usu1292\/2021\/10\/rumania2-1024x767.jpg 1024w, https:\/\/agora.xtec.cat\/iesmarti-i-pol\/wp-content\/uploads\/usu1292\/2021\/10\/rumania2-768x575.jpg 768w, https:\/\/agora.xtec.cat\/iesmarti-i-pol\/wp-content\/uploads\/usu1292\/2021\/10\/rumania2-1536x1150.jpg 1536w, https:\/\/agora.xtec.cat\/iesmarti-i-pol\/wp-content\/uploads\/usu1292\/2021\/10\/rumania2-2048x1534.jpg 2048w, https:\/\/agora.xtec.cat\/iesmarti-i-pol\/wp-content\/uploads\/usu1292\/2021\/10\/rumania2-200x150.jpg 200w\" sizes=\"auto, (max-width: 2560px) 100vw, 2560px\" \/><\/a><\/td>\n<td style=\"width: 50%;\"><a href=\"https:\/\/agora.xtec.cat\/iesmarti-i-pol\/wp-content\/uploads\/usu1292\/2021\/10\/rumania1-scaled.jpg\"><img loading=\"lazy\" decoding=\"async\" class=\"aligncenter wp-image-21120 size-full\" src=\"https:\/\/agora.xtec.cat\/iesmarti-i-pol\/wp-content\/uploads\/usu1292\/2021\/10\/rumania1-scaled.jpg\" alt=\"\" width=\"2560\" height=\"1917\" srcset=\"https:\/\/agora.xtec.cat\/iesmarti-i-pol\/wp-content\/uploads\/usu1292\/2021\/10\/rumania1-scaled.jpg 2560w, https:\/\/agora.xtec.cat\/iesmarti-i-pol\/wp-content\/uploads\/usu1292\/2021\/10\/rumania1-300x225.jpg 300w, https:\/\/agora.xtec.cat\/iesmarti-i-pol\/wp-content\/uploads\/usu1292\/2021\/10\/rumania1-1024x767.jpg 1024w, https:\/\/agora.xtec.cat\/iesmarti-i-pol\/wp-content\/uploads\/usu1292\/2021\/10\/rumania1-768x575.jpg 768w, https:\/\/agora.xtec.cat\/iesmarti-i-pol\/wp-content\/uploads\/usu1292\/2021\/10\/rumania1-1536x1150.jpg 1536w, https:\/\/agora.xtec.cat\/iesmarti-i-pol\/wp-content\/uploads\/usu1292\/2021\/10\/rumania1-2048x1534.jpg 2048w, https:\/\/agora.xtec.cat\/iesmarti-i-pol\/wp-content\/uploads\/usu1292\/2021\/10\/rumania1-200x150.jpg 200w\" sizes=\"auto, (max-width: 2560px) 100vw, 2560px\" \/><\/a><\/td>\n<\/tr>\n<\/tbody>\n<\/table>\n<p>La <strong><span style=\"color: #339966;\">Neus<\/span><\/strong>, <span style=\"color: #339966;\"><strong>No\u00e8lia<\/strong><\/span>, <span style=\"color: #339966;\"><strong>Alejandro<\/strong><\/span>, <strong><span style=\"color: #339966;\">Dilcia<\/span><\/strong> i <strong><span style=\"color: #339966;\">Nicole<\/span><\/strong>, dels CFGS d&#8217;Anatomia patol\u00f2gica i citodiagn\u00f2stic i de Laboratori cl\u00ednic i biom\u00e8dic fan la seva estada a <span style=\"color: #339966;\"><strong>Atenes (Gr\u00e8cia)<\/strong><\/span><\/p>\n<table style=\"border-collapse: collapse; width: 100%;\">\n<tbody>\n<tr>\n<td style=\"width: 50%;\"><a href=\"https:\/\/agora.xtec.cat\/iesmarti-i-pol\/wp-content\/uploads\/usu1292\/2021\/10\/atenas1.jpg\"><img loading=\"lazy\" decoding=\"async\" class=\"size-full wp-image-21123 aligncenter\" src=\"https:\/\/agora.xtec.cat\/iesmarti-i-pol\/wp-content\/uploads\/usu1292\/2021\/10\/atenas1.jpg\" alt=\"\" width=\"1080\" height=\"1080\" srcset=\"https:\/\/agora.xtec.cat\/iesmarti-i-pol\/wp-content\/uploads\/usu1292\/2021\/10\/atenas1.jpg 1080w, https:\/\/agora.xtec.cat\/iesmarti-i-pol\/wp-content\/uploads\/usu1292\/2021\/10\/atenas1-300x300.jpg 300w, https:\/\/agora.xtec.cat\/iesmarti-i-pol\/wp-content\/uploads\/usu1292\/2021\/10\/atenas1-1024x1024.jpg 1024w, https:\/\/agora.xtec.cat\/iesmarti-i-pol\/wp-content\/uploads\/usu1292\/2021\/10\/atenas1-150x150.jpg 150w, https:\/\/agora.xtec.cat\/iesmarti-i-pol\/wp-content\/uploads\/usu1292\/2021\/10\/atenas1-768x768.jpg 768w\" sizes=\"auto, (max-width: 1080px) 100vw, 1080px\" \/><\/a><\/td>\n<td style=\"width: 50%;\"><a href=\"https:\/\/agora.xtec.cat\/iesmarti-i-pol\/wp-content\/uploads\/usu1292\/2021\/10\/atenas2.jpg\"><img loading=\"lazy\" decoding=\"async\" class=\"size-full wp-image-21124 aligncenter\" src=\"https:\/\/agora.xtec.cat\/iesmarti-i-pol\/wp-content\/uploads\/usu1292\/2021\/10\/atenas2.jpg\" alt=\"\" width=\"970\" height=\"970\" srcset=\"https:\/\/agora.xtec.cat\/iesmarti-i-pol\/wp-content\/uploads\/usu1292\/2021\/10\/atenas2.jpg 970w, https:\/\/agora.xtec.cat\/iesmarti-i-pol\/wp-content\/uploads\/usu1292\/2021\/10\/atenas2-300x300.jpg 300w, https:\/\/agora.xtec.cat\/iesmarti-i-pol\/wp-content\/uploads\/usu1292\/2021\/10\/atenas2-150x150.jpg 150w, https:\/\/agora.xtec.cat\/iesmarti-i-pol\/wp-content\/uploads\/usu1292\/2021\/10\/atenas2-768x768.jpg 768w\" sizes=\"auto, (max-width: 970px) 100vw, 970px\" \/><\/a><\/td>\n<\/tr>\n<\/tbody>\n<\/table>\n<p>I el <span style=\"color: #800000;\"><strong>Diego<\/strong><\/span>, <span style=\"color: #800000;\"><strong>Alba<\/strong><\/span>, <strong><span style=\"color: #800000;\">Carmen<\/span><\/strong> i <span style=\"color: #800000;\"><strong>Aniol<\/strong><\/span>, del CFGM de CAI han viatjat a <span style=\"color: #800000;\"><strong>Maribor (Eslov\u00e8nia)<\/strong><\/span><\/p>\n<table style=\"border-collapse: collapse; width: 100%;\">\n<tbody>\n<tr>\n<td style=\"width: 50%;\"><a href=\"https:\/\/agora.xtec.cat\/iesmarti-i-pol\/wp-content\/uploads\/usu1292\/2021\/10\/eslovenia2.jpg\"><img loading=\"lazy\" decoding=\"async\" class=\"size-full wp-image-21125 aligncenter\" src=\"https:\/\/agora.xtec.cat\/iesmarti-i-pol\/wp-content\/uploads\/usu1292\/2021\/10\/eslovenia2.jpg\" alt=\"\" width=\"1080\" height=\"1080\" srcset=\"https:\/\/agora.xtec.cat\/iesmarti-i-pol\/wp-content\/uploads\/usu1292\/2021\/10\/eslovenia2.jpg 1080w, https:\/\/agora.xtec.cat\/iesmarti-i-pol\/wp-content\/uploads\/usu1292\/2021\/10\/eslovenia2-300x300.jpg 300w, https:\/\/agora.xtec.cat\/iesmarti-i-pol\/wp-content\/uploads\/usu1292\/2021\/10\/eslovenia2-1024x1024.jpg 1024w, https:\/\/agora.xtec.cat\/iesmarti-i-pol\/wp-content\/uploads\/usu1292\/2021\/10\/eslovenia2-150x150.jpg 150w, https:\/\/agora.xtec.cat\/iesmarti-i-pol\/wp-content\/uploads\/usu1292\/2021\/10\/eslovenia2-768x768.jpg 768w\" sizes=\"auto, (max-width: 1080px) 100vw, 1080px\" \/><\/a><\/td>\n<td style=\"width: 50%;\"><a href=\"https:\/\/agora.xtec.cat\/iesmarti-i-pol\/wp-content\/uploads\/usu1292\/2021\/10\/eslovenia1.jpg\"><img loading=\"lazy\" decoding=\"async\" class=\"size-full wp-image-21127 aligncenter\" src=\"https:\/\/agora.xtec.cat\/iesmarti-i-pol\/wp-content\/uploads\/usu1292\/2021\/10\/eslovenia1.jpg\" alt=\"\" width=\"1200\" height=\"1200\" srcset=\"https:\/\/agora.xtec.cat\/iesmarti-i-pol\/wp-content\/uploads\/usu1292\/2021\/10\/eslovenia1.jpg 1200w, https:\/\/agora.xtec.cat\/iesmarti-i-pol\/wp-content\/uploads\/usu1292\/2021\/10\/eslovenia1-300x300.jpg 300w, https:\/\/agora.xtec.cat\/iesmarti-i-pol\/wp-content\/uploads\/usu1292\/2021\/10\/eslovenia1-1024x1024.jpg 1024w, https:\/\/agora.xtec.cat\/iesmarti-i-pol\/wp-content\/uploads\/usu1292\/2021\/10\/eslovenia1-150x150.jpg 150w, https:\/\/agora.xtec.cat\/iesmarti-i-pol\/wp-content\/uploads\/usu1292\/2021\/10\/eslovenia1-768x768.jpg 768w\" sizes=\"auto, (max-width: 1200px) 100vw, 1200px\" \/><\/a><\/td>\n<\/tr>\n<\/tbody>\n<\/table>\n<p>No ens oblidem del Pau i la Hedda que dilluns viatgen a Milan (It\u00e0lia).<\/p>\n<p><span style=\"color: #ff0000;\"><em><strong>Goog luck and remember this: we are so proud of all of you!!!!!!<\/strong><\/em><\/span><\/p>\n<p style=\"text-align: center;\"><a href=\"https:\/\/agora.xtec.cat\/iesmarti-i-pol\/wp-content\/uploads\/usu1292\/2021\/04\/erasmus.png\"><img loading=\"lazy\" decoding=\"async\" class=\"wp-image-19717 aligncenter\" src=\"https:\/\/agora.xtec.cat\/iesmarti-i-pol\/wp-content\/uploads\/usu1292\/2021\/04\/erasmus.png\" alt=\"\" width=\"296\" height=\"120\" srcset=\"https:\/\/agora.xtec.cat\/iesmarti-i-pol\/wp-content\/uploads\/usu1292\/2021\/04\/erasmus.png 353w, https:\/\/agora.xtec.cat\/iesmarti-i-pol\/wp-content\/uploads\/usu1292\/2021\/04\/erasmus-300x122.png 300w\" sizes=\"auto, (max-width: 296px) 100vw, 296px\" \/><\/a><\/p>\n","protected":false},"excerpt":{"rendered":"<p>Aquesta setmana tenim 16 alumnes de cicles repartits per Europa, gaudint de les seves beques Erasmus. La Carla i el Robin, de CFGS de Disseny i moblament estan a Flor\u00e8ncia (It\u00e0lia) L&#8217;Ainhoa, Andrea, Iris, Irune i Alba, dels CFGM de Farm\u00e0cia i parafarm\u00e0cia i CAI fan les seves pr\u00e0ctiques a Arad (Romania) La Neus, No\u00e8lia, [&hellip;]<\/p>\n","protected":false},"author":37,"featured_media":0,"comment_status":"open","ping_status":"closed","sticky":false,"template":"","format":"standard","meta":{"_bbp_topic_count":0,"_bbp_reply_count":0,"_bbp_total_topic_count":0,"_bbp_total_reply_count":0,"_bbp_voice_count":0,"_bbp_anonymous_reply_count":0,"_bbp_topic_count_hidden":0,"_bbp_reply_count_hidden":0,"_bbp_forum_subforum_count":0,"site-sidebar-layout":"default","site-content-layout":"","ast-site-content-layout":"","site-content-style":"default","site-sidebar-style":"default","ast-global-header-display":"","ast-banner-title-visibility":"","ast-main-header-display":"","ast-hfb-above-header-display":"","ast-hfb-below-header-display":"","ast-hfb-mobile-header-display":"","site-post-title":"","ast-breadcrumbs-content":"","ast-featured-img":"","footer-sml-layout":"","theme-transparent-header-meta":"","adv-header-id-meta":"","stick-header-meta":"","header-above-stick-meta":"","header-main-stick-meta":"","header-below-stick-meta":"","astra-migrate-meta-layouts":"default","ast-page-background-enabled":"default","ast-page-background-meta":{"desktop":{"background-color":"var(--ast-global-color-4)","background-image":"","background-repeat":"repeat","background-position":"center center","background-size":"auto","background-attachment":"scroll","background-type":"","background-media":"","overlay-type":"","overlay-color":"","overlay-opacity":"","overlay-gradient":""},"tablet":{"background-color":"","background-image":"","background-repeat":"repeat","background-position":"center center","background-size":"auto","background-attachment":"scroll","background-type":"","background-media":"","overlay-type":"","overlay-color":"","overlay-opacity":"","overlay-gradient":""},"mobile":{"background-color":"","background-image":"","background-repeat":"repeat","background-position":"center center","background-size":"auto","background-attachment":"scroll","background-type":"","background-media":"","overlay-type":"","overlay-color":"","overlay-opacity":"","overlay-gradient":""}},"ast-content-background-meta":{"desktop":{"background-color":"var(--ast-global-color-5)","background-image":"","background-repeat":"repeat","background-position":"center center","background-size":"auto","background-attachment":"scroll","background-type":"","background-media":"","overlay-type":"","overlay-color":"","overlay-opacity":"","overlay-gradient":""},"tablet":{"background-color":"var(--ast-global-color-5)","background-image":"","background-repeat":"repeat","background-position":"center center","background-size":"auto","background-attachment":"scroll","background-type":"","background-media":"","overlay-type":"","overlay-color":"","overlay-opacity":"","overlay-gradient":""},"mobile":{"background-color":"var(--ast-global-color-5)","background-image":"","background-repeat":"repeat","background-position":"center center","background-size":"auto","background-attachment":"scroll","background-type":"","background-media":"","overlay-type":"","overlay-color":"","overlay-opacity":"","overlay-gradient":""}},"footnotes":""},"categories":[347,351],"tags":[],"class_list":["post-21111","post","type-post","status-publish","format-standard","hentry","category-general","category-portada"],"post_mailing_queue_ids":[],"_links":{"self":[{"href":"https:\/\/agora.xtec.cat\/iesmarti-i-pol\/wp-json\/wp\/v2\/posts\/21111","targetHints":{"allow":["GET"]}}],"collection":[{"href":"https:\/\/agora.xtec.cat\/iesmarti-i-pol\/wp-json\/wp\/v2\/posts"}],"about":[{"href":"https:\/\/agora.xtec.cat\/iesmarti-i-pol\/wp-json\/wp\/v2\/types\/post"}],"author":[{"embeddable":true,"href":"https:\/\/agora.xtec.cat\/iesmarti-i-pol\/wp-json\/wp\/v2\/users\/37"}],"replies":[{"embeddable":true,"href":"https:\/\/agora.xtec.cat\/iesmarti-i-pol\/wp-json\/wp\/v2\/comments?post=21111"}],"version-history":[{"count":3,"href":"https:\/\/agora.xtec.cat\/iesmarti-i-pol\/wp-json\/wp\/v2\/posts\/21111\/revisions"}],"predecessor-version":[{"id":21131,"href":"https:\/\/agora.xtec.cat\/iesmarti-i-pol\/wp-json\/wp\/v2\/posts\/21111\/revisions\/21131"}],"wp:attachment":[{"href":"https:\/\/agora.xtec.cat\/iesmarti-i-pol\/wp-json\/wp\/v2\/media?parent=21111"}],"wp:term":[{"taxonomy":"category","embeddable":true,"href":"https:\/\/agora.xtec.cat\/iesmarti-i-pol\/wp-json\/wp\/v2\/categories?post=21111"},{"taxonomy":"post_tag","embeddable":true,"href":"https:\/\/agora.xtec.cat\/iesmarti-i-pol\/wp-json\/wp\/v2\/tags?post=21111"}],"curies":[{"name":"wp","href":"https:\/\/api.w.org\/{rel}","templated":true}]}}