{"id":21025,"date":"2021-10-11T17:55:36","date_gmt":"2021-10-11T15:55:36","guid":{"rendered":"https:\/\/agora.xtec.cat\/iesmarti-i-pol\/?p=21025"},"modified":"2021-10-11T17:58:04","modified_gmt":"2021-10-11T15:58:04","slug":"taller-autoretrat-1r-eso","status":"publish","type":"post","link":"https:\/\/agora.xtec.cat\/iesmarti-i-pol\/general\/taller-autoretrat-1r-eso\/","title":{"rendered":"Taller autoretrat 1r ESO"},"content":{"rendered":"<p>En el projecte de 1r d&#8217;ESO, All about me, hem fet un taller d&#8217;autoretrats amb l&#8217;Olga, artista de Cornell\u00e0. El projecte ens serveix per saber qui som i d&#8217;on venim. Amb tota la classe, compartim com som, com ara, a trav\u00e9s d&#8217;aquests autoretrats.<\/p>\n<p>M\u00e9s fotografies <a href=\"https:\/\/photos.app.goo.gl\/UaGMk46AgZawDLJcA\">aqu\u00ed<\/a><a href=\"https:\/\/agora.xtec.cat\/iesmarti-i-pol\/wp-content\/uploads\/usu1292\/2021\/10\/IMG-20211008-WA0035.jpg\"><img loading=\"lazy\" decoding=\"async\" class=\"size-medium wp-image-21026 aligncenter\" src=\"https:\/\/agora.xtec.cat\/iesmarti-i-pol\/wp-content\/uploads\/usu1292\/2021\/10\/IMG-20211008-WA0035-300x225.jpg\" alt=\"\" width=\"300\" height=\"225\" srcset=\"https:\/\/agora.xtec.cat\/iesmarti-i-pol\/wp-content\/uploads\/usu1292\/2021\/10\/IMG-20211008-WA0035-300x225.jpg 300w, https:\/\/agora.xtec.cat\/iesmarti-i-pol\/wp-content\/uploads\/usu1292\/2021\/10\/IMG-20211008-WA0035-1024x768.jpg 1024w, https:\/\/agora.xtec.cat\/iesmarti-i-pol\/wp-content\/uploads\/usu1292\/2021\/10\/IMG-20211008-WA0035-768x576.jpg 768w, https:\/\/agora.xtec.cat\/iesmarti-i-pol\/wp-content\/uploads\/usu1292\/2021\/10\/IMG-20211008-WA0035-1536x1152.jpg 1536w, https:\/\/agora.xtec.cat\/iesmarti-i-pol\/wp-content\/uploads\/usu1292\/2021\/10\/IMG-20211008-WA0035-200x150.jpg 200w, https:\/\/agora.xtec.cat\/iesmarti-i-pol\/wp-content\/uploads\/usu1292\/2021\/10\/IMG-20211008-WA0035.jpg 2000w\" sizes=\"auto, (max-width: 300px) 100vw, 300px\" \/><\/a><a href=\"https:\/\/agora.xtec.cat\/iesmarti-i-pol\/wp-content\/uploads\/usu1292\/2021\/10\/IMG-20211008-WA0024.jpg\"><img loading=\"lazy\" decoding=\"async\" class=\"size-medium wp-image-21027 aligncenter\" src=\"https:\/\/agora.xtec.cat\/iesmarti-i-pol\/wp-content\/uploads\/usu1292\/2021\/10\/IMG-20211008-WA0024-300x225.jpg\" alt=\"\" width=\"300\" height=\"225\" srcset=\"https:\/\/agora.xtec.cat\/iesmarti-i-pol\/wp-content\/uploads\/usu1292\/2021\/10\/IMG-20211008-WA0024-300x225.jpg 300w, https:\/\/agora.xtec.cat\/iesmarti-i-pol\/wp-content\/uploads\/usu1292\/2021\/10\/IMG-20211008-WA0024-1024x768.jpg 1024w, https:\/\/agora.xtec.cat\/iesmarti-i-pol\/wp-content\/uploads\/usu1292\/2021\/10\/IMG-20211008-WA0024-768x576.jpg 768w, https:\/\/agora.xtec.cat\/iesmarti-i-pol\/wp-content\/uploads\/usu1292\/2021\/10\/IMG-20211008-WA0024-1536x1152.jpg 1536w, https:\/\/agora.xtec.cat\/iesmarti-i-pol\/wp-content\/uploads\/usu1292\/2021\/10\/IMG-20211008-WA0024-200x150.jpg 200w, https:\/\/agora.xtec.cat\/iesmarti-i-pol\/wp-content\/uploads\/usu1292\/2021\/10\/IMG-20211008-WA0024.jpg 2000w\" sizes=\"auto, (max-width: 300px) 100vw, 300px\" \/><\/a><\/p>\n","protected":false},"excerpt":{"rendered":"<p>En el projecte de 1r d&#8217;ESO, All about me, hem fet un taller d&#8217;autoretrats amb l&#8217;Olga, artista de Cornell\u00e0. El projecte ens serveix per saber qui som i d&#8217;on venim. Amb tota la classe, compartim com som, com ara, a trav\u00e9s d&#8217;aquests autoretrats. M\u00e9s fotografies aqu\u00ed<\/p>\n","protected":false},"author":20,"featured_media":21028,"comment_status":"open","ping_status":"closed","sticky":false,"template":"","format":"standard","meta":{"_bbp_topic_count":0,"_bbp_reply_count":0,"_bbp_total_topic_count":0,"_bbp_total_reply_count":0,"_bbp_voice_count":0,"_bbp_anonymous_reply_count":0,"_bbp_topic_count_hidden":0,"_bbp_reply_count_hidden":0,"_bbp_forum_subforum_count":0,"site-sidebar-layout":"default","site-content-layout":"","ast-site-content-layout":"","site-content-style":"default","site-sidebar-style":"default","ast-global-header-display":"","ast-banner-title-visibility":"","ast-main-header-display":"","ast-hfb-above-header-display":"","ast-hfb-below-header-display":"","ast-hfb-mobile-header-display":"","site-post-title":"","ast-breadcrumbs-content":"","ast-featured-img":"","footer-sml-layout":"","theme-transparent-header-meta":"","adv-header-id-meta":"","stick-header-meta":"","header-above-stick-meta":"","header-main-stick-meta":"","header-below-stick-meta":"","astra-migrate-meta-layouts":"default","ast-page-background-enabled":"default","ast-page-background-meta":{"desktop":{"background-color":"var(--ast-global-color-4)","background-image":"","background-repeat":"repeat","background-position":"center center","background-size":"auto","background-attachment":"scroll","background-type":"","background-media":"","overlay-type":"","overlay-color":"","overlay-opacity":"","overlay-gradient":""},"tablet":{"background-color":"","background-image":"","background-repeat":"repeat","background-position":"center center","background-size":"auto","background-attachment":"scroll","background-type":"","background-media":"","overlay-type":"","overlay-color":"","overlay-opacity":"","overlay-gradient":""},"mobile":{"background-color":"","background-image":"","background-repeat":"repeat","background-position":"center center","background-size":"auto","background-attachment":"scroll","background-type":"","background-media":"","overlay-type":"","overlay-color":"","overlay-opacity":"","overlay-gradient":""}},"ast-content-background-meta":{"desktop":{"background-color":"var(--ast-global-color-5)","background-image":"","background-repeat":"repeat","background-position":"center center","background-size":"auto","background-attachment":"scroll","background-type":"","background-media":"","overlay-type":"","overlay-color":"","overlay-opacity":"","overlay-gradient":""},"tablet":{"background-color":"var(--ast-global-color-5)","background-image":"","background-repeat":"repeat","background-position":"center center","background-size":"auto","background-attachment":"scroll","background-type":"","background-media":"","overlay-type":"","overlay-color":"","overlay-opacity":"","overlay-gradient":""},"mobile":{"background-color":"var(--ast-global-color-5)","background-image":"","background-repeat":"repeat","background-position":"center center","background-size":"auto","background-attachment":"scroll","background-type":"","background-media":"","overlay-type":"","overlay-color":"","overlay-opacity":"","overlay-gradient":""}},"footnotes":""},"categories":[1105,884,621,347,351,950,643],"tags":[],"class_list":["post-21025","post","type-post","status-publish","format-standard","has-post-thumbnail","hentry","category-activitats-del-curs-2021-2022","category-all-about-me-ca","category-eso-1-ca","category-general","category-portada","category-projectes","category-projectes-globalitzats-i-dambit"],"post_mailing_queue_ids":[],"_links":{"self":[{"href":"https:\/\/agora.xtec.cat\/iesmarti-i-pol\/wp-json\/wp\/v2\/posts\/21025","targetHints":{"allow":["GET"]}}],"collection":[{"href":"https:\/\/agora.xtec.cat\/iesmarti-i-pol\/wp-json\/wp\/v2\/posts"}],"about":[{"href":"https:\/\/agora.xtec.cat\/iesmarti-i-pol\/wp-json\/wp\/v2\/types\/post"}],"author":[{"embeddable":true,"href":"https:\/\/agora.xtec.cat\/iesmarti-i-pol\/wp-json\/wp\/v2\/users\/20"}],"replies":[{"embeddable":true,"href":"https:\/\/agora.xtec.cat\/iesmarti-i-pol\/wp-json\/wp\/v2\/comments?post=21025"}],"version-history":[{"count":1,"href":"https:\/\/agora.xtec.cat\/iesmarti-i-pol\/wp-json\/wp\/v2\/posts\/21025\/revisions"}],"predecessor-version":[{"id":21029,"href":"https:\/\/agora.xtec.cat\/iesmarti-i-pol\/wp-json\/wp\/v2\/posts\/21025\/revisions\/21029"}],"wp:featuredmedia":[{"embeddable":true,"href":"https:\/\/agora.xtec.cat\/iesmarti-i-pol\/wp-json\/wp\/v2\/media\/21028"}],"wp:attachment":[{"href":"https:\/\/agora.xtec.cat\/iesmarti-i-pol\/wp-json\/wp\/v2\/media?parent=21025"}],"wp:term":[{"taxonomy":"category","embeddable":true,"href":"https:\/\/agora.xtec.cat\/iesmarti-i-pol\/wp-json\/wp\/v2\/categories?post=21025"},{"taxonomy":"post_tag","embeddable":true,"href":"https:\/\/agora.xtec.cat\/iesmarti-i-pol\/wp-json\/wp\/v2\/tags?post=21025"}],"curies":[{"name":"wp","href":"https:\/\/api.w.org\/{rel}","templated":true}]}}