{"id":20369,"date":"2021-05-26T18:49:09","date_gmt":"2021-05-26T16:49:09","guid":{"rendered":"http:\/\/agora.xtec.cat\/iesmarti-i-pol\/?p=20369"},"modified":"2021-05-26T18:49:09","modified_gmt":"2021-05-26T16:49:09","slug":"visita-a-la-llibreria-pati-blau","status":"publish","type":"post","link":"https:\/\/agora.xtec.cat\/iesmarti-i-pol\/general\/visita-a-la-llibreria-pati-blau\/","title":{"rendered":"Visita a la llibreria Pati Blau"},"content":{"rendered":"<p><a href=\"https:\/\/agora.xtec.cat\/iesmarti-i-pol\/wp-content\/uploads\/usu1292\/2021\/05\/pativblau1_Easy-Resize.com_.jpg\"><img loading=\"lazy\" decoding=\"async\" class=\"alignnone wp-image-20370\" src=\"https:\/\/agora.xtec.cat\/iesmarti-i-pol\/wp-content\/uploads\/usu1292\/2021\/05\/pativblau1_Easy-Resize.com_-300x225.jpg\" alt=\"\" width=\"287\" height=\"215\" srcset=\"https:\/\/agora.xtec.cat\/iesmarti-i-pol\/wp-content\/uploads\/usu1292\/2021\/05\/pativblau1_Easy-Resize.com_-300x225.jpg 300w, https:\/\/agora.xtec.cat\/iesmarti-i-pol\/wp-content\/uploads\/usu1292\/2021\/05\/pativblau1_Easy-Resize.com_-768x577.jpg 768w, https:\/\/agora.xtec.cat\/iesmarti-i-pol\/wp-content\/uploads\/usu1292\/2021\/05\/pativblau1_Easy-Resize.com_-1024x769.jpg 1024w, https:\/\/agora.xtec.cat\/iesmarti-i-pol\/wp-content\/uploads\/usu1292\/2021\/05\/pativblau1_Easy-Resize.com_-200x150.jpg 200w, https:\/\/agora.xtec.cat\/iesmarti-i-pol\/wp-content\/uploads\/usu1292\/2021\/05\/pativblau1_Easy-Resize.com_.jpg 1280w\" sizes=\"auto, (max-width: 287px) 100vw, 287px\" \/><\/a> <a href=\"https:\/\/agora.xtec.cat\/iesmarti-i-pol\/wp-content\/uploads\/usu1292\/2021\/05\/patiblau6_Easy-Resize.com_.jpg\"><img loading=\"lazy\" decoding=\"async\" class=\"alignnone size-medium wp-image-20375\" src=\"https:\/\/agora.xtec.cat\/iesmarti-i-pol\/wp-content\/uploads\/usu1292\/2021\/05\/patiblau6_Easy-Resize.com_-225x300.jpg\" alt=\"\" width=\"225\" height=\"300\" srcset=\"https:\/\/agora.xtec.cat\/iesmarti-i-pol\/wp-content\/uploads\/usu1292\/2021\/05\/patiblau6_Easy-Resize.com_-225x300.jpg 225w, https:\/\/agora.xtec.cat\/iesmarti-i-pol\/wp-content\/uploads\/usu1292\/2021\/05\/patiblau6_Easy-Resize.com_-768x1023.jpg 768w, https:\/\/agora.xtec.cat\/iesmarti-i-pol\/wp-content\/uploads\/usu1292\/2021\/05\/patiblau6_Easy-Resize.com_-769x1024.jpg 769w, https:\/\/agora.xtec.cat\/iesmarti-i-pol\/wp-content\/uploads\/usu1292\/2021\/05\/patiblau6_Easy-Resize.com_.jpg 961w\" sizes=\"auto, (max-width: 225px) 100vw, 225px\" \/><\/a> <a href=\"https:\/\/agora.xtec.cat\/iesmarti-i-pol\/wp-content\/uploads\/usu1292\/2021\/05\/patiblau2_Easy-Resize.com_.jpg\"><img loading=\"lazy\" decoding=\"async\" class=\"alignnone size-medium wp-image-20371\" src=\"https:\/\/agora.xtec.cat\/iesmarti-i-pol\/wp-content\/uploads\/usu1292\/2021\/05\/patiblau2_Easy-Resize.com_-300x225.jpg\" alt=\"\" width=\"300\" height=\"225\" srcset=\"https:\/\/agora.xtec.cat\/iesmarti-i-pol\/wp-content\/uploads\/usu1292\/2021\/05\/patiblau2_Easy-Resize.com_-300x225.jpg 300w, https:\/\/agora.xtec.cat\/iesmarti-i-pol\/wp-content\/uploads\/usu1292\/2021\/05\/patiblau2_Easy-Resize.com_-768x577.jpg 768w, https:\/\/agora.xtec.cat\/iesmarti-i-pol\/wp-content\/uploads\/usu1292\/2021\/05\/patiblau2_Easy-Resize.com_-1024x769.jpg 1024w, https:\/\/agora.xtec.cat\/iesmarti-i-pol\/wp-content\/uploads\/usu1292\/2021\/05\/patiblau2_Easy-Resize.com_-200x150.jpg 200w, https:\/\/agora.xtec.cat\/iesmarti-i-pol\/wp-content\/uploads\/usu1292\/2021\/05\/patiblau2_Easy-Resize.com_.jpg 1280w\" sizes=\"auto, (max-width: 300px) 100vw, 300px\" \/><\/a><\/p>\n<p style=\"text-align: justify;\">El dimecres 26 de maig els voluntaris de la biblioteca hem anat a la llibreria Pati Blau a comprar llibres i a buscar el premi dels punts de llibre de 2n cicle. Els alumnes que van participar a la parada de llibres de Sant Jordi: Ariadna Garc\u00eda, Karen Garrido, Edurne Ru\u00edz, Gemma Roca, Hiba Ahehch, Joel de la Rosa, Laia Mu\u00f1oz, Manar Lazar, Marc Brugu\u00e9, Samantha Alvarado, Bernat Garriga, V\u00edctor Sacrist\u00e1n i J\u00falia Uriol;\u00a0 \u00a0acompanyats del coordinador de biblioteca Carles Casas i la professora de catal\u00e0 Alejandra Pascual hem anat a buscar els llibres que pr\u00e8viament hav\u00edem encarregat a la llibreria.<\/p>\n<p style=\"text-align: justify;\">El llistat de llibres ha estat elaborat a partir dels \u00e0lbums il\u00b7lustrats que ens van presentar les propiet\u00e0ries de la llibreria i encara no ten\u00edem a la biblioteca; i tamb\u00e9 amb recomanacions liter\u00e0ries que ens havien fet el seminari del BEC ( Biblioteques Escolars de Cornell\u00e0), aix\u00ed com de recomanacions de diversos professors, alumnes i les mateixes venedores.<\/p>\n<p style=\"text-align: justify;\"><iframe loading=\"lazy\" src=\"\/\/www.youtube.com\/embed\/s2ZQNHqW1Oc\" width=\"560\" height=\"314\"><\/iframe><\/p>\n<p style=\"text-align: justify;\">Una vegada comprades les lectures, una de les venedores ens ha presentat tots els llibres que hem comprat; d&#8217;aquesta manera tot l&#8217;alumnat ha sabut la tem\u00e0tica de cadascuna de les lectures i podr\u00e0 demanar-los en pr\u00e9stec a la nostra\u00a0 biblioteca<\/p>\n<p style=\"text-align: justify;\">D&#8217;entre els llibres que ha presentat tamb\u00e9 hi eren els quatre que corresponen\u00a0 al premi de punts de llibre de segon cicle guanyat per\u00a0 Petra Montserrat de tercer B.<\/p>\n<p style=\"text-align: justify;\"><a href=\"https:\/\/agora.xtec.cat\/iesmarti-i-pol\/wp-content\/uploads\/usu1292\/2021\/05\/patiblau3_Easy-Resize.com_.jpg\"><img loading=\"lazy\" decoding=\"async\" class=\"alignnone size-medium wp-image-20372\" src=\"https:\/\/agora.xtec.cat\/iesmarti-i-pol\/wp-content\/uploads\/usu1292\/2021\/05\/patiblau3_Easy-Resize.com_-300x225.jpg\" alt=\"\" width=\"300\" height=\"225\" srcset=\"https:\/\/agora.xtec.cat\/iesmarti-i-pol\/wp-content\/uploads\/usu1292\/2021\/05\/patiblau3_Easy-Resize.com_-300x225.jpg 300w, https:\/\/agora.xtec.cat\/iesmarti-i-pol\/wp-content\/uploads\/usu1292\/2021\/05\/patiblau3_Easy-Resize.com_-768x577.jpg 768w, https:\/\/agora.xtec.cat\/iesmarti-i-pol\/wp-content\/uploads\/usu1292\/2021\/05\/patiblau3_Easy-Resize.com_-1024x769.jpg 1024w, https:\/\/agora.xtec.cat\/iesmarti-i-pol\/wp-content\/uploads\/usu1292\/2021\/05\/patiblau3_Easy-Resize.com_-200x150.jpg 200w, https:\/\/agora.xtec.cat\/iesmarti-i-pol\/wp-content\/uploads\/usu1292\/2021\/05\/patiblau3_Easy-Resize.com_.jpg 1280w\" sizes=\"auto, (max-width: 300px) 100vw, 300px\" \/>\u00a0\u00a0\u00a0\u00a0\u00a0\u00a0\u00a0\u00a0\u00a0\u00a0\u00a0\u00a0\u00a0<\/a> <a href=\"https:\/\/agora.xtec.cat\/iesmarti-i-pol\/wp-content\/uploads\/usu1292\/2021\/05\/patiblau4_Easy-Resize.com_.jpg\"><img loading=\"lazy\" decoding=\"async\" class=\"alignnone size-medium wp-image-20373\" src=\"https:\/\/agora.xtec.cat\/iesmarti-i-pol\/wp-content\/uploads\/usu1292\/2021\/05\/patiblau4_Easy-Resize.com_-300x225.jpg\" alt=\"\" width=\"300\" height=\"225\" srcset=\"https:\/\/agora.xtec.cat\/iesmarti-i-pol\/wp-content\/uploads\/usu1292\/2021\/05\/patiblau4_Easy-Resize.com_-300x225.jpg 300w, https:\/\/agora.xtec.cat\/iesmarti-i-pol\/wp-content\/uploads\/usu1292\/2021\/05\/patiblau4_Easy-Resize.com_-768x577.jpg 768w, https:\/\/agora.xtec.cat\/iesmarti-i-pol\/wp-content\/uploads\/usu1292\/2021\/05\/patiblau4_Easy-Resize.com_-1024x769.jpg 1024w, https:\/\/agora.xtec.cat\/iesmarti-i-pol\/wp-content\/uploads\/usu1292\/2021\/05\/patiblau4_Easy-Resize.com_-200x150.jpg 200w, https:\/\/agora.xtec.cat\/iesmarti-i-pol\/wp-content\/uploads\/usu1292\/2021\/05\/patiblau4_Easy-Resize.com_.jpg 1280w\" sizes=\"auto, (max-width: 300px) 100vw, 300px\" \/><\/a><\/p>\n<p style=\"text-align: justify;\">\n","protected":false},"excerpt":{"rendered":"<p>El dimecres 26 de maig els voluntaris de la biblioteca hem anat a la llibreria Pati Blau a comprar llibres i a buscar el premi dels punts de llibre de 2n cicle. Els alumnes que van participar a la parada de llibres de Sant Jordi: Ariadna Garc\u00eda, Karen Garrido, Edurne Ru\u00edz, Gemma Roca, Hiba Ahehch, [&hellip;]<\/p>\n","protected":false},"author":1,"featured_media":20375,"comment_status":"open","ping_status":"closed","sticky":false,"template":"","format":"standard","meta":{"_bbp_topic_count":0,"_bbp_reply_count":0,"_bbp_total_topic_count":0,"_bbp_total_reply_count":0,"_bbp_voice_count":0,"_bbp_anonymous_reply_count":0,"_bbp_topic_count_hidden":0,"_bbp_reply_count_hidden":0,"_bbp_forum_subforum_count":0,"site-sidebar-layout":"default","site-content-layout":"","ast-site-content-layout":"","site-content-style":"default","site-sidebar-style":"default","ast-global-header-display":"","ast-banner-title-visibility":"","ast-main-header-display":"","ast-hfb-above-header-display":"","ast-hfb-below-header-display":"","ast-hfb-mobile-header-display":"","site-post-title":"","ast-breadcrumbs-content":"","ast-featured-img":"","footer-sml-layout":"","theme-transparent-header-meta":"","adv-header-id-meta":"","stick-header-meta":"","header-above-stick-meta":"","header-main-stick-meta":"","header-below-stick-meta":"","astra-migrate-meta-layouts":"default","ast-page-background-enabled":"default","ast-page-background-meta":{"desktop":{"background-color":"var(--ast-global-color-4)","background-image":"","background-repeat":"repeat","background-position":"center center","background-size":"auto","background-attachment":"scroll","background-type":"","background-media":"","overlay-type":"","overlay-color":"","overlay-opacity":"","overlay-gradient":""},"tablet":{"background-color":"","background-image":"","background-repeat":"repeat","background-position":"center center","background-size":"auto","background-attachment":"scroll","background-type":"","background-media":"","overlay-type":"","overlay-color":"","overlay-opacity":"","overlay-gradient":""},"mobile":{"background-color":"","background-image":"","background-repeat":"repeat","background-position":"center center","background-size":"auto","background-attachment":"scroll","background-type":"","background-media":"","overlay-type":"","overlay-color":"","overlay-opacity":"","overlay-gradient":""}},"ast-content-background-meta":{"desktop":{"background-color":"var(--ast-global-color-5)","background-image":"","background-repeat":"repeat","background-position":"center center","background-size":"auto","background-attachment":"scroll","background-type":"","background-media":"","overlay-type":"","overlay-color":"","overlay-opacity":"","overlay-gradient":""},"tablet":{"background-color":"var(--ast-global-color-5)","background-image":"","background-repeat":"repeat","background-position":"center center","background-size":"auto","background-attachment":"scroll","background-type":"","background-media":"","overlay-type":"","overlay-color":"","overlay-opacity":"","overlay-gradient":""},"mobile":{"background-color":"var(--ast-global-color-5)","background-image":"","background-repeat":"repeat","background-position":"center center","background-size":"auto","background-attachment":"scroll","background-type":"","background-media":"","overlay-type":"","overlay-color":"","overlay-opacity":"","overlay-gradient":""}},"footnotes":""},"categories":[587,347,351],"tags":[619,703],"class_list":["post-20369","post","type-post","status-publish","format-standard","has-post-thumbnail","hentry","category-biblioteca-pere-morros-ca","category-general","category-portada","tag-lectura-ca","tag-llibres-ca"],"post_mailing_queue_ids":[],"_links":{"self":[{"href":"https:\/\/agora.xtec.cat\/iesmarti-i-pol\/wp-json\/wp\/v2\/posts\/20369","targetHints":{"allow":["GET"]}}],"collection":[{"href":"https:\/\/agora.xtec.cat\/iesmarti-i-pol\/wp-json\/wp\/v2\/posts"}],"about":[{"href":"https:\/\/agora.xtec.cat\/iesmarti-i-pol\/wp-json\/wp\/v2\/types\/post"}],"author":[{"embeddable":true,"href":"https:\/\/agora.xtec.cat\/iesmarti-i-pol\/wp-json\/wp\/v2\/users\/1"}],"replies":[{"embeddable":true,"href":"https:\/\/agora.xtec.cat\/iesmarti-i-pol\/wp-json\/wp\/v2\/comments?post=20369"}],"version-history":[{"count":1,"href":"https:\/\/agora.xtec.cat\/iesmarti-i-pol\/wp-json\/wp\/v2\/posts\/20369\/revisions"}],"predecessor-version":[{"id":20376,"href":"https:\/\/agora.xtec.cat\/iesmarti-i-pol\/wp-json\/wp\/v2\/posts\/20369\/revisions\/20376"}],"wp:featuredmedia":[{"embeddable":true,"href":"https:\/\/agora.xtec.cat\/iesmarti-i-pol\/wp-json\/wp\/v2\/media\/20375"}],"wp:attachment":[{"href":"https:\/\/agora.xtec.cat\/iesmarti-i-pol\/wp-json\/wp\/v2\/media?parent=20369"}],"wp:term":[{"taxonomy":"category","embeddable":true,"href":"https:\/\/agora.xtec.cat\/iesmarti-i-pol\/wp-json\/wp\/v2\/categories?post=20369"},{"taxonomy":"post_tag","embeddable":true,"href":"https:\/\/agora.xtec.cat\/iesmarti-i-pol\/wp-json\/wp\/v2\/tags?post=20369"}],"curies":[{"name":"wp","href":"https:\/\/api.w.org\/{rel}","templated":true}]}}