{"id":20094,"date":"2021-04-28T15:27:56","date_gmt":"2021-04-28T13:27:56","guid":{"rendered":"http:\/\/agora.xtec.cat\/iesmarti-i-pol\/?p=20094"},"modified":"2021-04-28T15:27:56","modified_gmt":"2021-04-28T13:27:56","slug":"projectes-deducacio-per-la-salut-i-el-medi-ambient","status":"publish","type":"post","link":"https:\/\/agora.xtec.cat\/iesmarti-i-pol\/departaments-cicles\/projectes-deducacio-per-la-salut-i-el-medi-ambient\/","title":{"rendered":"Projectes d&#8217;educaci\u00f3 per la salut i el medi ambient"},"content":{"rendered":"<p><a href=\"https:\/\/sites.google.com\/mmpol.cat\/m2-eduacio-qsamb-mmpol\/inici\"><img loading=\"lazy\" decoding=\"async\" class=\"alignnone size-full wp-image-20095\" src=\"https:\/\/agora.xtec.cat\/iesmarti-i-pol\/wp-content\/uploads\/usu1292\/2021\/04\/medi-ambient.png\" alt=\"\" width=\"633\" height=\"193\" srcset=\"https:\/\/agora.xtec.cat\/iesmarti-i-pol\/wp-content\/uploads\/usu1292\/2021\/04\/medi-ambient.png 633w, https:\/\/agora.xtec.cat\/iesmarti-i-pol\/wp-content\/uploads\/usu1292\/2021\/04\/medi-ambient-300x91.png 300w\" sizes=\"auto, (max-width: 633px) 100vw, 633px\" \/><\/a><\/p>\n<p>Al llarg del m\u00f2dul 2 d&#8217;Educaci\u00f3 per la salut i el medi ambient, els alumnes estan generant un projecte d&#8217;educaci\u00f3 que inclou tot tipus de materials, presentacions i canals de comunicaci\u00f3, on internet t\u00e9 una import\u00e0ncia cabdal (portal de projecte, xarxes socials,&#8230;)<\/p>\n<p>El m\u00f2dul 2 t\u00e9 una portal que s&#8217;inclouen materials diversos, activitats realitzades al llarg del curs i un enlla\u00e7 a la p\u00e0gina web de cada projecte.<\/p>\n<p><a href=\"https:\/\/sites.google.com\/mmpol.cat\/m2-eduacio-qsamb-mmpol\/inici\">Feu click a la imatge i us portar\u00e0 al portal QSAMB.<\/a><\/p>\n<p>Bona navegaci\u00f3!<\/p>\n","protected":false},"excerpt":{"rendered":"<p>Al llarg del m\u00f2dul 2 d&#8217;Educaci\u00f3 per la salut i el medi ambient, els alumnes estan generant un projecte d&#8217;educaci\u00f3 que inclou tot tipus de materials, presentacions i canals de comunicaci\u00f3, on internet t\u00e9 una import\u00e0ncia cabdal (portal de projecte, xarxes socials,&#8230;) El m\u00f2dul 2 t\u00e9 una portal que s&#8217;inclouen materials diversos, activitats realitzades al [&hellip;]<\/p>\n","protected":false},"author":1,"featured_media":20095,"comment_status":"closed","ping_status":"closed","sticky":false,"template":"","format":"standard","meta":{"_bbp_topic_count":0,"_bbp_reply_count":0,"_bbp_total_topic_count":0,"_bbp_total_reply_count":0,"_bbp_voice_count":0,"_bbp_anonymous_reply_count":0,"_bbp_topic_count_hidden":0,"_bbp_reply_count_hidden":0,"_bbp_forum_subforum_count":0,"site-sidebar-layout":"default","site-content-layout":"","ast-site-content-layout":"","site-content-style":"default","site-sidebar-style":"default","ast-global-header-display":"","ast-banner-title-visibility":"","ast-main-header-display":"","ast-hfb-above-header-display":"","ast-hfb-below-header-display":"","ast-hfb-mobile-header-display":"","site-post-title":"","ast-breadcrumbs-content":"","ast-featured-img":"","footer-sml-layout":"","theme-transparent-header-meta":"","adv-header-id-meta":"","stick-header-meta":"","header-above-stick-meta":"","header-main-stick-meta":"","header-below-stick-meta":"","astra-migrate-meta-layouts":"default","ast-page-background-enabled":"default","ast-page-background-meta":{"desktop":{"background-color":"var(--ast-global-color-4)","background-image":"","background-repeat":"repeat","background-position":"center center","background-size":"auto","background-attachment":"scroll","background-type":"","background-media":"","overlay-type":"","overlay-color":"","overlay-opacity":"","overlay-gradient":""},"tablet":{"background-color":"","background-image":"","background-repeat":"repeat","background-position":"center center","background-size":"auto","background-attachment":"scroll","background-type":"","background-media":"","overlay-type":"","overlay-color":"","overlay-opacity":"","overlay-gradient":""},"mobile":{"background-color":"","background-image":"","background-repeat":"repeat","background-position":"center center","background-size":"auto","background-attachment":"scroll","background-type":"","background-media":"","overlay-type":"","overlay-color":"","overlay-opacity":"","overlay-gradient":""}},"ast-content-background-meta":{"desktop":{"background-color":"var(--ast-global-color-5)","background-image":"","background-repeat":"repeat","background-position":"center center","background-size":"auto","background-attachment":"scroll","background-type":"","background-media":"","overlay-type":"","overlay-color":"","overlay-opacity":"","overlay-gradient":""},"tablet":{"background-color":"var(--ast-global-color-5)","background-image":"","background-repeat":"repeat","background-position":"center center","background-size":"auto","background-attachment":"scroll","background-type":"","background-media":"","overlay-type":"","overlay-color":"","overlay-opacity":"","overlay-gradient":""},"mobile":{"background-color":"var(--ast-global-color-5)","background-image":"","background-repeat":"repeat","background-position":"center center","background-size":"auto","background-attachment":"scroll","background-type":"","background-media":"","overlay-type":"","overlay-color":"","overlay-opacity":"","overlay-gradient":""}},"footnotes":""},"categories":[1021,1023,256,347,351,1025],"tags":[1099,1101,1097],"class_list":["post-20094","post","type-post","status-publish","format-standard","has-post-thumbnail","hentry","category-activitats-del-curs-2020-2021-ca","category-cicles-formatius-i-pfi","category-departaments-cicles","category-general","category-portada","category-seguretat-i-medi-ambient","tag-educacio","tag-projecte","tag-salut-i-medi-ambient"],"post_mailing_queue_ids":[],"_links":{"self":[{"href":"https:\/\/agora.xtec.cat\/iesmarti-i-pol\/wp-json\/wp\/v2\/posts\/20094","targetHints":{"allow":["GET"]}}],"collection":[{"href":"https:\/\/agora.xtec.cat\/iesmarti-i-pol\/wp-json\/wp\/v2\/posts"}],"about":[{"href":"https:\/\/agora.xtec.cat\/iesmarti-i-pol\/wp-json\/wp\/v2\/types\/post"}],"author":[{"embeddable":true,"href":"https:\/\/agora.xtec.cat\/iesmarti-i-pol\/wp-json\/wp\/v2\/users\/1"}],"replies":[{"embeddable":true,"href":"https:\/\/agora.xtec.cat\/iesmarti-i-pol\/wp-json\/wp\/v2\/comments?post=20094"}],"version-history":[{"count":4,"href":"https:\/\/agora.xtec.cat\/iesmarti-i-pol\/wp-json\/wp\/v2\/posts\/20094\/revisions"}],"predecessor-version":[{"id":20100,"href":"https:\/\/agora.xtec.cat\/iesmarti-i-pol\/wp-json\/wp\/v2\/posts\/20094\/revisions\/20100"}],"wp:featuredmedia":[{"embeddable":true,"href":"https:\/\/agora.xtec.cat\/iesmarti-i-pol\/wp-json\/wp\/v2\/media\/20095"}],"wp:attachment":[{"href":"https:\/\/agora.xtec.cat\/iesmarti-i-pol\/wp-json\/wp\/v2\/media?parent=20094"}],"wp:term":[{"taxonomy":"category","embeddable":true,"href":"https:\/\/agora.xtec.cat\/iesmarti-i-pol\/wp-json\/wp\/v2\/categories?post=20094"},{"taxonomy":"post_tag","embeddable":true,"href":"https:\/\/agora.xtec.cat\/iesmarti-i-pol\/wp-json\/wp\/v2\/tags?post=20094"}],"curies":[{"name":"wp","href":"https:\/\/api.w.org\/{rel}","templated":true}]}}