{"id":19516,"date":"2021-03-06T23:55:39","date_gmt":"2021-03-06T22:55:39","guid":{"rendered":"http:\/\/agora.xtec.cat\/iesmarti-i-pol\/?p=19516"},"modified":"2021-03-17T16:44:50","modified_gmt":"2021-03-17T15:44:50","slug":"projecte-blue-containers","status":"publish","type":"post","link":"https:\/\/agora.xtec.cat\/iesmarti-i-pol\/departaments-cicles\/fusta\/projecte-blue-containers\/","title":{"rendered":"Projecte Blue Containers"},"content":{"rendered":"<p style=\"text-align: justify;\">Els alumnes de segon curs del CFGS de Disseny i Moblament, dins del M\u00f2dul 4 d\u2019Automatitzaci\u00f3, estem participant col\u00b7laborativament amb altres instituts en el projecte <a href=\"http:\/\/www.bluecontainersproject.com\" target=\"_blank\" rel=\"noopener noreferrer\">www.bluecontainersproject.com<\/a>. Es tracta de donar-li una segona vida als contenidors de transport mar\u00edtim. En aquest cas s&#8217;ha optat per fer un viver d&#8217;empreses. Un espai que reunir\u00e0 les condicions id\u00f2nies per qu\u00e8 els alumnes i ex-alumnes puguin compartir idees i trobar punts en com\u00fa per emprendre els seus nous i innovadors projectes.<\/p>\n<p style=\"text-align: justify;\">Nosaltres ens encarreguem de la fabricaci\u00f3 en Control Num\u00e8ric del mobiliari interior. Fabriquem unes estanteries de 9 m\u00f2duls seguits horitzontalment pel sostre amb 5 nivells de prestatges. Totes les peces tenen un costat corbat i totes les corbes son diferents. A m\u00e9s s\u00f3n amb taulell doblat per aconseguir m\u00e9s gruix i resist\u00e8ncia. Tamb\u00e9 es faran dues taules de treball de 2 x 1 metres.<\/p>\n<p style=\"text-align: justify;\">Aquest tipus de projectes reals poden ser un gran est\u00edmul per els i les alumnes ja que materialitzen un producte d\u2019envergadura que donar\u00e0 un servei als futurs usuaris.<\/p>\n<div id='gallery-1' class='gallery galleryid-19516 gallery-columns-3 gallery-size-medium'><figure class='gallery-item'>\n\t\t\t<div class='gallery-icon landscape'>\n\t\t\t\t<a href='https:\/\/agora.xtec.cat\/iesmarti-i-pol\/wp-content\/uploads\/usu1292\/2021\/03\/2021-bluecontainer03-e1615969031661.jpg'><img loading=\"lazy\" decoding=\"async\" width=\"300\" height=\"243\" src=\"https:\/\/agora.xtec.cat\/iesmarti-i-pol\/wp-content\/uploads\/usu1292\/2021\/03\/2021-bluecontainer03-300x243.jpg\" class=\"attachment-medium size-medium\" alt=\"\" srcset=\"https:\/\/agora.xtec.cat\/iesmarti-i-pol\/wp-content\/uploads\/usu1292\/2021\/03\/2021-bluecontainer03-300x243.jpg 300w, https:\/\/agora.xtec.cat\/iesmarti-i-pol\/wp-content\/uploads\/usu1292\/2021\/03\/2021-bluecontainer03-768x621.jpg 768w, https:\/\/agora.xtec.cat\/iesmarti-i-pol\/wp-content\/uploads\/usu1292\/2021\/03\/2021-bluecontainer03-1024x828.jpg 1024w, https:\/\/agora.xtec.cat\/iesmarti-i-pol\/wp-content\/uploads\/usu1292\/2021\/03\/2021-bluecontainer03-e1615969031661.jpg 500w\" sizes=\"auto, (max-width: 300px) 100vw, 300px\" \/><\/a>\n\t\t\t<\/div><\/figure><figure class='gallery-item'>\n\t\t\t<div class='gallery-icon landscape'>\n\t\t\t\t<a href='https:\/\/agora.xtec.cat\/iesmarti-i-pol\/wp-content\/uploads\/usu1292\/2021\/03\/2021-bluecontainer04.jpg'><img loading=\"lazy\" decoding=\"async\" width=\"300\" height=\"190\" src=\"https:\/\/agora.xtec.cat\/iesmarti-i-pol\/wp-content\/uploads\/usu1292\/2021\/03\/2021-bluecontainer04-300x190.jpg\" class=\"attachment-medium size-medium\" alt=\"\" srcset=\"https:\/\/agora.xtec.cat\/iesmarti-i-pol\/wp-content\/uploads\/usu1292\/2021\/03\/2021-bluecontainer04-300x190.jpg 300w, https:\/\/agora.xtec.cat\/iesmarti-i-pol\/wp-content\/uploads\/usu1292\/2021\/03\/2021-bluecontainer04-768x486.jpg 768w, https:\/\/agora.xtec.cat\/iesmarti-i-pol\/wp-content\/uploads\/usu1292\/2021\/03\/2021-bluecontainer04-1024x647.jpg 1024w, https:\/\/agora.xtec.cat\/iesmarti-i-pol\/wp-content\/uploads\/usu1292\/2021\/03\/2021-bluecontainer04.jpg 1493w\" sizes=\"auto, (max-width: 300px) 100vw, 300px\" \/><\/a>\n\t\t\t<\/div><\/figure><figure class='gallery-item'>\n\t\t\t<div class='gallery-icon landscape'>\n\t\t\t\t<a href='https:\/\/agora.xtec.cat\/iesmarti-i-pol\/wp-content\/uploads\/usu1292\/2021\/03\/2021-bluecontainer01.jpg'><img loading=\"lazy\" decoding=\"async\" width=\"300\" height=\"145\" src=\"https:\/\/agora.xtec.cat\/iesmarti-i-pol\/wp-content\/uploads\/usu1292\/2021\/03\/2021-bluecontainer01-300x145.jpg\" class=\"attachment-medium size-medium\" alt=\"\" srcset=\"https:\/\/agora.xtec.cat\/iesmarti-i-pol\/wp-content\/uploads\/usu1292\/2021\/03\/2021-bluecontainer01-300x145.jpg 300w, https:\/\/agora.xtec.cat\/iesmarti-i-pol\/wp-content\/uploads\/usu1292\/2021\/03\/2021-bluecontainer01-768x372.jpg 768w, https:\/\/agora.xtec.cat\/iesmarti-i-pol\/wp-content\/uploads\/usu1292\/2021\/03\/2021-bluecontainer01-1024x495.jpg 1024w, https:\/\/agora.xtec.cat\/iesmarti-i-pol\/wp-content\/uploads\/usu1292\/2021\/03\/2021-bluecontainer01.jpg 1984w\" sizes=\"auto, (max-width: 300px) 100vw, 300px\" \/><\/a>\n\t\t\t<\/div><\/figure><figure class='gallery-item'>\n\t\t\t<div class='gallery-icon portrait'>\n\t\t\t\t<a href='https:\/\/agora.xtec.cat\/iesmarti-i-pol\/wp-content\/uploads\/usu1292\/2021\/03\/2021-bluecontainer02.jpg'><img loading=\"lazy\" decoding=\"async\" width=\"177\" height=\"300\" src=\"https:\/\/agora.xtec.cat\/iesmarti-i-pol\/wp-content\/uploads\/usu1292\/2021\/03\/2021-bluecontainer02-177x300.jpg\" class=\"attachment-medium size-medium\" alt=\"\" srcset=\"https:\/\/agora.xtec.cat\/iesmarti-i-pol\/wp-content\/uploads\/usu1292\/2021\/03\/2021-bluecontainer02-177x300.jpg 177w, https:\/\/agora.xtec.cat\/iesmarti-i-pol\/wp-content\/uploads\/usu1292\/2021\/03\/2021-bluecontainer02-768x1300.jpg 768w, https:\/\/agora.xtec.cat\/iesmarti-i-pol\/wp-content\/uploads\/usu1292\/2021\/03\/2021-bluecontainer02-605x1024.jpg 605w, https:\/\/agora.xtec.cat\/iesmarti-i-pol\/wp-content\/uploads\/usu1292\/2021\/03\/2021-bluecontainer02.jpg 850w\" sizes=\"auto, (max-width: 177px) 100vw, 177px\" \/><\/a>\n\t\t\t<\/div><\/figure>\n\t\t<\/div>\n\n","protected":false},"excerpt":{"rendered":"<p>Els alumnes de segon curs del CFGS de Disseny i Moblament, dins del M\u00f2dul 4 d\u2019Automatitzaci\u00f3, estem participant col\u00b7laborativament amb altres instituts en el projecte www.bluecontainersproject.com. Es tracta de donar-li una segona vida als contenidors de transport mar\u00edtim. En aquest cas s&#8217;ha optat per fer un viver d&#8217;empreses. Un espai que reunir\u00e0 les condicions id\u00f2nies [&hellip;]<\/p>\n","protected":false},"author":1,"featured_media":19524,"comment_status":"closed","ping_status":"closed","sticky":false,"template":"","format":"standard","meta":{"_bbp_topic_count":0,"_bbp_reply_count":0,"_bbp_total_topic_count":0,"_bbp_total_reply_count":0,"_bbp_voice_count":0,"_bbp_anonymous_reply_count":0,"_bbp_topic_count_hidden":0,"_bbp_reply_count_hidden":0,"_bbp_forum_subforum_count":0,"site-sidebar-layout":"default","site-content-layout":"","ast-site-content-layout":"","site-content-style":"default","site-sidebar-style":"default","ast-global-header-display":"","ast-banner-title-visibility":"","ast-main-header-display":"","ast-hfb-above-header-display":"","ast-hfb-below-header-display":"","ast-hfb-mobile-header-display":"","site-post-title":"","ast-breadcrumbs-content":"","ast-featured-img":"","footer-sml-layout":"","theme-transparent-header-meta":"","adv-header-id-meta":"","stick-header-meta":"","header-above-stick-meta":"","header-main-stick-meta":"","header-below-stick-meta":"","astra-migrate-meta-layouts":"default","ast-page-background-enabled":"default","ast-page-background-meta":{"desktop":{"background-color":"var(--ast-global-color-4)","background-image":"","background-repeat":"repeat","background-position":"center center","background-size":"auto","background-attachment":"scroll","background-type":"","background-media":"","overlay-type":"","overlay-color":"","overlay-opacity":"","overlay-gradient":""},"tablet":{"background-color":"","background-image":"","background-repeat":"repeat","background-position":"center center","background-size":"auto","background-attachment":"scroll","background-type":"","background-media":"","overlay-type":"","overlay-color":"","overlay-opacity":"","overlay-gradient":""},"mobile":{"background-color":"","background-image":"","background-repeat":"repeat","background-position":"center center","background-size":"auto","background-attachment":"scroll","background-type":"","background-media":"","overlay-type":"","overlay-color":"","overlay-opacity":"","overlay-gradient":""}},"ast-content-background-meta":{"desktop":{"background-color":"var(--ast-global-color-5)","background-image":"","background-repeat":"repeat","background-position":"center center","background-size":"auto","background-attachment":"scroll","background-type":"","background-media":"","overlay-type":"","overlay-color":"","overlay-opacity":"","overlay-gradient":""},"tablet":{"background-color":"var(--ast-global-color-5)","background-image":"","background-repeat":"repeat","background-position":"center center","background-size":"auto","background-attachment":"scroll","background-type":"","background-media":"","overlay-type":"","overlay-color":"","overlay-opacity":"","overlay-gradient":""},"mobile":{"background-color":"var(--ast-global-color-5)","background-image":"","background-repeat":"repeat","background-position":"center center","background-size":"auto","background-attachment":"scroll","background-type":"","background-media":"","overlay-type":"","overlay-color":"","overlay-opacity":"","overlay-gradient":""}},"footnotes":""},"categories":[1023,256,254,351],"tags":[],"class_list":["post-19516","post","type-post","status-publish","format-standard","has-post-thumbnail","hentry","category-cicles-formatius-i-pfi","category-departaments-cicles","category-fusta","category-portada"],"post_mailing_queue_ids":[],"_links":{"self":[{"href":"https:\/\/agora.xtec.cat\/iesmarti-i-pol\/wp-json\/wp\/v2\/posts\/19516","targetHints":{"allow":["GET"]}}],"collection":[{"href":"https:\/\/agora.xtec.cat\/iesmarti-i-pol\/wp-json\/wp\/v2\/posts"}],"about":[{"href":"https:\/\/agora.xtec.cat\/iesmarti-i-pol\/wp-json\/wp\/v2\/types\/post"}],"author":[{"embeddable":true,"href":"https:\/\/agora.xtec.cat\/iesmarti-i-pol\/wp-json\/wp\/v2\/users\/1"}],"replies":[{"embeddable":true,"href":"https:\/\/agora.xtec.cat\/iesmarti-i-pol\/wp-json\/wp\/v2\/comments?post=19516"}],"version-history":[{"count":4,"href":"https:\/\/agora.xtec.cat\/iesmarti-i-pol\/wp-json\/wp\/v2\/posts\/19516\/revisions"}],"predecessor-version":[{"id":19534,"href":"https:\/\/agora.xtec.cat\/iesmarti-i-pol\/wp-json\/wp\/v2\/posts\/19516\/revisions\/19534"}],"wp:featuredmedia":[{"embeddable":true,"href":"https:\/\/agora.xtec.cat\/iesmarti-i-pol\/wp-json\/wp\/v2\/media\/19524"}],"wp:attachment":[{"href":"https:\/\/agora.xtec.cat\/iesmarti-i-pol\/wp-json\/wp\/v2\/media?parent=19516"}],"wp:term":[{"taxonomy":"category","embeddable":true,"href":"https:\/\/agora.xtec.cat\/iesmarti-i-pol\/wp-json\/wp\/v2\/categories?post=19516"},{"taxonomy":"post_tag","embeddable":true,"href":"https:\/\/agora.xtec.cat\/iesmarti-i-pol\/wp-json\/wp\/v2\/tags?post=19516"}],"curies":[{"name":"wp","href":"https:\/\/api.w.org\/{rel}","templated":true}]}}