{"id":182,"date":"2008-05-07T01:00:00","date_gmt":"2008-05-07T01:00:00","guid":{"rendered":"http:\/\/mmpol.cat\/home2\/mmpolcat\/wordpress\/?p=182"},"modified":"2021-03-05T19:41:42","modified_gmt":"2021-03-05T18:41:42","slug":"ellos-tienen-corazjo-recomano-biblioteca","status":"publish","type":"post","link":"https:\/\/agora.xtec.cat\/iesmarti-i-pol\/general\/ellos-tienen-corazjo-recomano-biblioteca\/","title":{"rendered":"Ellos tienen coraz\u00f3n"},"content":{"rendered":"<p>&nbsp;<\/p>\n<table width=\"502\" cellspacing=\"1\" cellpadding=\"1\" border=\"0\" style=\"width: 502px; height: 112px\">\n<tbody>\n<tr>\n<td valign=\"top\"><img loading=\"lazy\" decoding=\"async\" class=\" size-full wp-image-181\" width=\"100\" height=\"150\" src=\"http:\/\/agora.xtec.cat\/iesmarti-i-pol\/wp-content\/uploads\/usu1292\/2008\/05\/ellostienencorazon.jpg\" alt=\"\" \/><\/p>\n<p>             &nbsp;<\/td>\n<td><span style=\"color: #000099\"><strong>             <\/p>\n<div><span style=\"font-family: Desyrel\">&iquest;Ellos tienen coraz\u00f3n? De Meg Cabot.<br \/>             PDA de Cal Langdon<br \/>             [&#8230;] Juro per D\u00e9u que no s\u00e9 com ha passat. L&rsquo;\u00faltim que recordo \u00e9s que dormia pl\u00e0cidament. Llavors, un m\u00edssil petit per\u00f2 molt decidit ha enva\u00eft la meva habitaci\u00f3, ha arrencat els llen\u00e7ols del meu llit i m&rsquo;ha cridat a l&rsquo;orella que era hora d&rsquo;aixecar-se i pujar al cotxe.<br \/>             Recordo vagament que el m\u00edssil semblava tenir formes femenines, la qual cosa no \u00e9s una manera desagradable de despertar-se. [&#8230;]<br \/>             Oh, clar. Ara em vaig recordant. Se suposa que anem a acompanyar<br \/>             Mark i Holly a Roma perqu\u00e8 sol&middot;licitin un document a l&rsquo;ambaixada<br \/>             de EE.UU. Per\u00f2 per algun motiu, no semblen estar en el cotxe amb<br \/>             nosaltres.<br \/>             &ldquo;Eh, Jane &ndash;pregunto amb un to que espero que sigui suau per no<br \/>             espantar a la jove que \u00e9s al meu costat i que sembla conduir amb ulls desorbitats-. No ens hem deixat res? O, millor dit, a alg\u00fa? A un parell de persones?&rdquo;<br \/>             &ldquo;En Mark i la Holly han patit una intoxicaci\u00f3 &ndash;\u00e9s la seva sorprenent resposta-. No poden venir. Hem d&rsquo;anar sense ells.&rdquo;<br \/>             &ldquo;Ja veig. I suposo que nosaltres anem a sol&middot;licitar l&rsquo;impr\u00e8s que els falta?&rdquo;<br \/>             &ldquo;Si. No et preocupis, tinc els seus passaports i tamb\u00e9 les seves partides de naixement&rdquo;<br \/>             Aix\u00f2 em resulta divertid\u00edssim.<br \/>             I realment creus que l&rsquo;ambaixada d&rsquo;EEUU ens lliurar\u00e0 aquell impr\u00e8s pel simple fet de portar els passaports i les partides de naixement dels nostres amics? &ndash;pregunto, seguint-li el joc-, nom\u00e9s<br \/>             perqu\u00e8 els els demanem com un favor?&rdquo;<br \/>             &ldquo;No &ndash;\u00e9s la resposta una mica sorprenent de Jane Harris-. Ens lliuraran el document perqu\u00e8 els direm que som Mark Levine i Holly Caputo.&rdquo;<br \/>             Sens dubte \u00e9s la cosa m\u00e9s divertida que he escoltat en tot el mat\u00ed. [&#8230;]<br \/>             <span style=\"color: #800000\"><br \/>             Opini\u00f3:<\/span> El llibre ha estat entretingut i m&rsquo;ha semblat molt lleuger de llegir. T\u00e9 el seu punt c\u00f2mic i ir\u00f2nic, i aix\u00f2 fa que el llibre no es faci pesat. El recomano per als amants de les com\u00e8dies rom\u00e0ntiques, i tamb\u00e9, per als qui els agradi els llocs tranquils i apartats de l&rsquo;estr\u00e8s de la ciutat, ja que la novel&middot;la es situa en <em>Le Merche<\/em>, un petit poble muntanyenc d&rsquo;It\u00e0lia.<br \/>             <em><br \/>             Si busques riure una estona amb un grup<br \/>             De persones molt diferents unes de<br \/>             les altres, i aventurar-te en la pac\u00edfica It\u00e0lia,<br \/>             aquest \u00e9s el teu llibre.<br \/>             <\/em><br \/>             Estefania Pla<\/span><span style=\"font-family: Desyrel\"> <\/span><\/div>\n<p>             <\/strong><\/span><\/td>\n<\/tr>\n<\/tbody>\n<\/table>\n<p>&nbsp;<\/p>\n","protected":false},"excerpt":{"rendered":"<p>&nbsp; &nbsp; &iquest;Ellos tienen coraz\u00f3n? De Meg Cabot. PDA de Cal Langdon [&#8230;] Juro per D\u00e9u que no s\u00e9 com ha passat. L&rsquo;\u00faltim que recordo \u00e9s que dormia pl\u00e0cidament. Llavors, un m\u00edssil petit per\u00f2 molt decidit ha enva\u00eft la meva habitaci\u00f3, ha arrencat els llen\u00e7ols del meu llit i m&rsquo;ha cridat a l&rsquo;orella que era [&hellip;]<\/p>\n","protected":false},"author":1,"featured_media":2202,"comment_status":"open","ping_status":"open","sticky":false,"template":"","format":"standard","meta":{"_bbp_topic_count":0,"_bbp_reply_count":0,"_bbp_total_topic_count":0,"_bbp_total_reply_count":0,"_bbp_voice_count":0,"_bbp_anonymous_reply_count":0,"_bbp_topic_count_hidden":0,"_bbp_reply_count_hidden":0,"_bbp_forum_subforum_count":0,"site-sidebar-layout":"default","site-content-layout":"","ast-site-content-layout":"","site-content-style":"default","site-sidebar-style":"default","ast-global-header-display":"","ast-banner-title-visibility":"","ast-main-header-display":"","ast-hfb-above-header-display":"","ast-hfb-below-header-display":"","ast-hfb-mobile-header-display":"","site-post-title":"","ast-breadcrumbs-content":"","ast-featured-img":"","footer-sml-layout":"","theme-transparent-header-meta":"","adv-header-id-meta":"","stick-header-meta":"","header-above-stick-meta":"","header-main-stick-meta":"","header-below-stick-meta":"","astra-migrate-meta-layouts":"default","ast-page-background-enabled":"default","ast-page-background-meta":{"desktop":{"background-color":"var(--ast-global-color-4)","background-image":"","background-repeat":"repeat","background-position":"center center","background-size":"auto","background-attachment":"scroll","background-type":"","background-media":"","overlay-type":"","overlay-color":"","overlay-opacity":"","overlay-gradient":""},"tablet":{"background-color":"","background-image":"","background-repeat":"repeat","background-position":"center center","background-size":"auto","background-attachment":"scroll","background-type":"","background-media":"","overlay-type":"","overlay-color":"","overlay-opacity":"","overlay-gradient":""},"mobile":{"background-color":"","background-image":"","background-repeat":"repeat","background-position":"center center","background-size":"auto","background-attachment":"scroll","background-type":"","background-media":"","overlay-type":"","overlay-color":"","overlay-opacity":"","overlay-gradient":""}},"ast-content-background-meta":{"desktop":{"background-color":"var(--ast-global-color-5)","background-image":"","background-repeat":"repeat","background-position":"center center","background-size":"auto","background-attachment":"scroll","background-type":"","background-media":"","overlay-type":"","overlay-color":"","overlay-opacity":"","overlay-gradient":""},"tablet":{"background-color":"var(--ast-global-color-5)","background-image":"","background-repeat":"repeat","background-position":"center center","background-size":"auto","background-attachment":"scroll","background-type":"","background-media":"","overlay-type":"","overlay-color":"","overlay-opacity":"","overlay-gradient":""},"mobile":{"background-color":"var(--ast-global-color-5)","background-image":"","background-repeat":"repeat","background-position":"center center","background-size":"auto","background-attachment":"scroll","background-type":"","background-media":"","overlay-type":"","overlay-color":"","overlay-opacity":"","overlay-gradient":""}},"footnotes":""},"categories":[347,351],"tags":[],"class_list":["post-182","post","type-post","status-publish","format-standard","has-post-thumbnail","hentry","category-general","category-portada"],"post_mailing_queue_ids":[],"_links":{"self":[{"href":"https:\/\/agora.xtec.cat\/iesmarti-i-pol\/wp-json\/wp\/v2\/posts\/182","targetHints":{"allow":["GET"]}}],"collection":[{"href":"https:\/\/agora.xtec.cat\/iesmarti-i-pol\/wp-json\/wp\/v2\/posts"}],"about":[{"href":"https:\/\/agora.xtec.cat\/iesmarti-i-pol\/wp-json\/wp\/v2\/types\/post"}],"author":[{"embeddable":true,"href":"https:\/\/agora.xtec.cat\/iesmarti-i-pol\/wp-json\/wp\/v2\/users\/1"}],"replies":[{"embeddable":true,"href":"https:\/\/agora.xtec.cat\/iesmarti-i-pol\/wp-json\/wp\/v2\/comments?post=182"}],"version-history":[{"count":1,"href":"https:\/\/agora.xtec.cat\/iesmarti-i-pol\/wp-json\/wp\/v2\/posts\/182\/revisions"}],"predecessor-version":[{"id":19289,"href":"https:\/\/agora.xtec.cat\/iesmarti-i-pol\/wp-json\/wp\/v2\/posts\/182\/revisions\/19289"}],"wp:featuredmedia":[{"embeddable":true,"href":"https:\/\/agora.xtec.cat\/iesmarti-i-pol\/wp-json\/wp\/v2\/media\/2202"}],"wp:attachment":[{"href":"https:\/\/agora.xtec.cat\/iesmarti-i-pol\/wp-json\/wp\/v2\/media?parent=182"}],"wp:term":[{"taxonomy":"category","embeddable":true,"href":"https:\/\/agora.xtec.cat\/iesmarti-i-pol\/wp-json\/wp\/v2\/categories?post=182"},{"taxonomy":"post_tag","embeddable":true,"href":"https:\/\/agora.xtec.cat\/iesmarti-i-pol\/wp-json\/wp\/v2\/tags?post=182"}],"curies":[{"name":"wp","href":"https:\/\/api.w.org\/{rel}","templated":true}]}}