{"id":17972,"date":"2021-01-12T16:28:35","date_gmt":"2021-01-12T15:28:35","guid":{"rendered":"http:\/\/agora.xtec.cat\/iesmarti-i-pol\/?p=17972"},"modified":"2021-03-05T19:34:24","modified_gmt":"2021-03-05T18:34:24","slug":"en-frances","status":"publish","type":"post","link":"https:\/\/agora.xtec.cat\/iesmarti-i-pol\/portada\/en-frances\/","title":{"rendered":"En franc\u00e8s i preparant el DELF"},"content":{"rendered":"<p>Els alumnes de segon i de tercer d&#8217;ESO aprofiten qualsevol oportunitat per practicar el franc\u00e8s, des d&#8217;uns cartells per celebrar una festa d&#8217;aniversari, fins a uns v\u00eddeos sobre el dia a dia i les activitats quotidianes que fem cada dia per utilitzar els verbs en present i el vocabulari relacionat amb aquesta tem\u00e0tica. Aix\u00ed utilitzen el franc\u00e8s de moltes maneres i aprofiten per fer volar la creativitat tot usant les noves tecnologies.<\/p>\n<p>Ara alguns d&#8217;ells han comen\u00e7at a preparar-se les proves del <a href=\"https:\/\/www.delf-dalf.es\/\">DELF<\/a>, les proves oficials per treure el Diploma oficial d&#8217;estudis en llengua francesa del Ministeri d&#8217;Educaci\u00f3 Nacional de Fran\u00e7a. Els animem a estudiar i practicar molt aquesta llengua ve\u00efna tan interessant!<\/p>\n<p><a href=\"https:\/\/drive.google.com\/file\/d\/150hrq8cHWSnDk2DtS95FcJlRy-F6Db7s\/view?usp=sharing\">V\u00eddeo 1<\/a><\/p>\n<p><a href=\"https:\/\/drive.google.com\/file\/d\/1RyBmQHigTCxeJn5opmivw-7r8sZQ1wa9\/view?usp=sharing\">V\u00eddeo 2<\/a><\/p>\n<p><a href=\"https:\/\/drive.google.com\/file\/d\/16qKncqOWIA9aznJJVao1zY8y8tCht6OE\/view?usp=sharing\">V\u00eddeo 3<\/a><\/p>\n<p><a href=\"https:\/\/agora.xtec.cat\/iesmarti-i-pol\/wp-content\/uploads\/usu1292\/2021\/01\/aniversaire-jpg.png\"><img loading=\"lazy\" decoding=\"async\" class=\"alignnone size-full wp-image-17973\" src=\"https:\/\/agora.xtec.cat\/iesmarti-i-pol\/wp-content\/uploads\/usu1292\/2021\/01\/aniversaire-jpg.png\" alt=\"\" width=\"395\" height=\"557\" srcset=\"https:\/\/agora.xtec.cat\/iesmarti-i-pol\/wp-content\/uploads\/usu1292\/2021\/01\/aniversaire-jpg.png 395w, https:\/\/agora.xtec.cat\/iesmarti-i-pol\/wp-content\/uploads\/usu1292\/2021\/01\/aniversaire-jpg-213x300.png 213w\" sizes=\"auto, (max-width: 395px) 100vw, 395px\" \/><\/a> <a href=\"https:\/\/agora.xtec.cat\/iesmarti-i-pol\/wp-content\/uploads\/usu1292\/2021\/01\/anniversaire-Angela.gif\"><img loading=\"lazy\" decoding=\"async\" class=\"alignnone size-large wp-image-17974\" src=\"https:\/\/agora.xtec.cat\/iesmarti-i-pol\/wp-content\/uploads\/usu1292\/2021\/01\/anniversaire-Angela.gif\" alt=\"\" width=\"710\" height=\"444\" \/><\/a><\/p>\n<p>&nbsp;<\/p>\n","protected":false},"excerpt":{"rendered":"<p>Els alumnes de segon i de tercer d&#8217;ESO aprofiten qualsevol oportunitat per practicar el franc\u00e8s, des d&#8217;uns cartells per celebrar una festa d&#8217;aniversari, fins a uns v\u00eddeos sobre el dia a dia i les activitats quotidianes que fem cada dia per utilitzar els verbs en present i el vocabulari relacionat amb aquesta tem\u00e0tica. Aix\u00ed utilitzen [&hellip;]<\/p>\n","protected":false},"author":20,"featured_media":17974,"comment_status":"open","ping_status":"closed","sticky":false,"template":"","format":"standard","meta":{"_bbp_topic_count":0,"_bbp_reply_count":0,"_bbp_total_topic_count":0,"_bbp_total_reply_count":0,"_bbp_voice_count":0,"_bbp_anonymous_reply_count":0,"_bbp_topic_count_hidden":0,"_bbp_reply_count_hidden":0,"_bbp_forum_subforum_count":0,"site-sidebar-layout":"default","site-content-layout":"","ast-site-content-layout":"","site-content-style":"default","site-sidebar-style":"default","ast-global-header-display":"","ast-banner-title-visibility":"","ast-main-header-display":"","ast-hfb-above-header-display":"","ast-hfb-below-header-display":"","ast-hfb-mobile-header-display":"","site-post-title":"","ast-breadcrumbs-content":"","ast-featured-img":"","footer-sml-layout":"","theme-transparent-header-meta":"","adv-header-id-meta":"","stick-header-meta":"","header-above-stick-meta":"","header-main-stick-meta":"","header-below-stick-meta":"","astra-migrate-meta-layouts":"default","ast-page-background-enabled":"default","ast-page-background-meta":{"desktop":{"background-color":"var(--ast-global-color-4)","background-image":"","background-repeat":"repeat","background-position":"center center","background-size":"auto","background-attachment":"scroll","background-type":"","background-media":"","overlay-type":"","overlay-color":"","overlay-opacity":"","overlay-gradient":""},"tablet":{"background-color":"","background-image":"","background-repeat":"repeat","background-position":"center center","background-size":"auto","background-attachment":"scroll","background-type":"","background-media":"","overlay-type":"","overlay-color":"","overlay-opacity":"","overlay-gradient":""},"mobile":{"background-color":"","background-image":"","background-repeat":"repeat","background-position":"center center","background-size":"auto","background-attachment":"scroll","background-type":"","background-media":"","overlay-type":"","overlay-color":"","overlay-opacity":"","overlay-gradient":""}},"ast-content-background-meta":{"desktop":{"background-color":"var(--ast-global-color-5)","background-image":"","background-repeat":"repeat","background-position":"center center","background-size":"auto","background-attachment":"scroll","background-type":"","background-media":"","overlay-type":"","overlay-color":"","overlay-opacity":"","overlay-gradient":""},"tablet":{"background-color":"var(--ast-global-color-5)","background-image":"","background-repeat":"repeat","background-position":"center center","background-size":"auto","background-attachment":"scroll","background-type":"","background-media":"","overlay-type":"","overlay-color":"","overlay-opacity":"","overlay-gradient":""},"mobile":{"background-color":"var(--ast-global-color-5)","background-image":"","background-repeat":"repeat","background-position":"center center","background-size":"auto","background-attachment":"scroll","background-type":"","background-media":"","overlay-type":"","overlay-color":"","overlay-opacity":"","overlay-gradient":""}},"footnotes":""},"categories":[1021,964,351],"tags":[],"class_list":["post-17972","post","type-post","status-publish","format-standard","has-post-thumbnail","hentry","category-activitats-del-curs-2020-2021-ca","category-idiomes-francais","category-portada"],"post_mailing_queue_ids":[],"_links":{"self":[{"href":"https:\/\/agora.xtec.cat\/iesmarti-i-pol\/wp-json\/wp\/v2\/posts\/17972","targetHints":{"allow":["GET"]}}],"collection":[{"href":"https:\/\/agora.xtec.cat\/iesmarti-i-pol\/wp-json\/wp\/v2\/posts"}],"about":[{"href":"https:\/\/agora.xtec.cat\/iesmarti-i-pol\/wp-json\/wp\/v2\/types\/post"}],"author":[{"embeddable":true,"href":"https:\/\/agora.xtec.cat\/iesmarti-i-pol\/wp-json\/wp\/v2\/users\/20"}],"replies":[{"embeddable":true,"href":"https:\/\/agora.xtec.cat\/iesmarti-i-pol\/wp-json\/wp\/v2\/comments?post=17972"}],"version-history":[{"count":3,"href":"https:\/\/agora.xtec.cat\/iesmarti-i-pol\/wp-json\/wp\/v2\/posts\/17972\/revisions"}],"predecessor-version":[{"id":17978,"href":"https:\/\/agora.xtec.cat\/iesmarti-i-pol\/wp-json\/wp\/v2\/posts\/17972\/revisions\/17978"}],"wp:featuredmedia":[{"embeddable":true,"href":"https:\/\/agora.xtec.cat\/iesmarti-i-pol\/wp-json\/wp\/v2\/media\/17974"}],"wp:attachment":[{"href":"https:\/\/agora.xtec.cat\/iesmarti-i-pol\/wp-json\/wp\/v2\/media?parent=17972"}],"wp:term":[{"taxonomy":"category","embeddable":true,"href":"https:\/\/agora.xtec.cat\/iesmarti-i-pol\/wp-json\/wp\/v2\/categories?post=17972"},{"taxonomy":"post_tag","embeddable":true,"href":"https:\/\/agora.xtec.cat\/iesmarti-i-pol\/wp-json\/wp\/v2\/tags?post=17972"}],"curies":[{"name":"wp","href":"https:\/\/api.w.org\/{rel}","templated":true}]}}