{"id":17718,"date":"2020-10-30T18:54:11","date_gmt":"2020-10-30T17:54:11","guid":{"rendered":"http:\/\/agora.xtec.cat\/iesmarti-i-pol\/?p=17718"},"modified":"2021-03-05T19:34:27","modified_gmt":"2021-03-05T18:34:27","slug":"castanyada-4","status":"publish","type":"post","link":"https:\/\/agora.xtec.cat\/iesmarti-i-pol\/portada\/castanyada-4\/","title":{"rendered":"Castanyada"},"content":{"rendered":"<p>Quan arriba el temps de la tardor, arriba el temps de celebrar la Castanyada. A l&#8217;institut l&#8217;hem celebrada amb mascareta enguany amb diferents activitats. A 1r i 2n d&#8217;ESO hem cercat informaci\u00f3 de diferents tradicions que se celebren el dia 31 d&#8217;octubre i 1 de novembre arreu del m\u00f3n i, en acabat, hem decorat una carabassa de diferents formes! Tamb\u00e9 ens hem endinsat en la tardor a partir del poema de Josep Carner, &#8220;Dos amants&#8221; per celebrar l&#8217;Any Carner. A m\u00e9s, les classes de 1r d&#8217;ESO van ser decorades durant la setmana. <a href=\"https:\/\/agora.xtec.cat\/iesmarti-i-pol\/wp-content\/uploads\/usu1292\/2020\/11\/IMG-20201030-WA0007.jpg\"><img loading=\"lazy\" decoding=\"async\" class=\"wp-image-17720 aligncenter\" src=\"https:\/\/agora.xtec.cat\/iesmarti-i-pol\/wp-content\/uploads\/usu1292\/2020\/11\/IMG-20201030-WA0007-577x1024.jpg\" alt=\"\" width=\"300\" height=\"533\" srcset=\"https:\/\/agora.xtec.cat\/iesmarti-i-pol\/wp-content\/uploads\/usu1292\/2020\/11\/IMG-20201030-WA0007-577x1024.jpg 577w, https:\/\/agora.xtec.cat\/iesmarti-i-pol\/wp-content\/uploads\/usu1292\/2020\/11\/IMG-20201030-WA0007-169x300.jpg 169w, https:\/\/agora.xtec.cat\/iesmarti-i-pol\/wp-content\/uploads\/usu1292\/2020\/11\/IMG-20201030-WA0007-768x1364.jpg 768w, https:\/\/agora.xtec.cat\/iesmarti-i-pol\/wp-content\/uploads\/usu1292\/2020\/11\/IMG-20201030-WA0007.jpg 901w\" sizes=\"auto, (max-width: 300px) 100vw, 300px\" \/><\/a><\/p>\n<p>A 3r i 4t d&#8217;ESO ens hem convertit en experts cient\u00edfics per descobrir crims. A partir tamb\u00e9 del mateix poema de Carner, hem ajudat a descobrir el crim perfecte per celebrar la nit m\u00e9s terror\u00edfica de l&#8217;any.<\/p>\n<p>A Batxillerat ens hem deixat portar per la part m\u00e9s art\u00edstica i melanc\u00f2lica de la tardor a partir del <a href=\"https:\/\/drive.google.com\/file\/d\/1-EMAVRuXy0AI2B3jmqWdJpzEbUoYyY1h\/view?usp=sharing\">primer concurs fotogr\u00e0fic de tardor.<\/a><\/p>\n<p>Per a m\u00e9s fotografies, cliqueu <a href=\"https:\/\/photos.app.goo.gl\/1t5fEYoZ61AXALrg9\">aqu\u00ed<\/a><\/p>\n<p>&nbsp;<\/p>\n","protected":false},"excerpt":{"rendered":"<p>Quan arriba el temps de la tardor, arriba el temps de celebrar la Castanyada. A l&#8217;institut l&#8217;hem celebrada amb mascareta enguany amb diferents activitats. A 1r i 2n d&#8217;ESO hem cercat informaci\u00f3 de diferents tradicions que se celebren el dia 31 d&#8217;octubre i 1 de novembre arreu del m\u00f3n i, en acabat, hem decorat una [&hellip;]<\/p>\n","protected":false},"author":20,"featured_media":17719,"comment_status":"open","ping_status":"closed","sticky":false,"template":"","format":"standard","meta":{"_bbp_topic_count":0,"_bbp_reply_count":0,"_bbp_total_topic_count":0,"_bbp_total_reply_count":0,"_bbp_voice_count":0,"_bbp_anonymous_reply_count":0,"_bbp_topic_count_hidden":0,"_bbp_reply_count_hidden":0,"_bbp_forum_subforum_count":0,"site-sidebar-layout":"default","site-content-layout":"","ast-site-content-layout":"","site-content-style":"default","site-sidebar-style":"default","ast-global-header-display":"","ast-banner-title-visibility":"","ast-main-header-display":"","ast-hfb-above-header-display":"","ast-hfb-below-header-display":"","ast-hfb-mobile-header-display":"","site-post-title":"","ast-breadcrumbs-content":"","ast-featured-img":"","footer-sml-layout":"","theme-transparent-header-meta":"","adv-header-id-meta":"","stick-header-meta":"","header-above-stick-meta":"","header-main-stick-meta":"","header-below-stick-meta":"","astra-migrate-meta-layouts":"default","ast-page-background-enabled":"default","ast-page-background-meta":{"desktop":{"background-color":"var(--ast-global-color-4)","background-image":"","background-repeat":"repeat","background-position":"center center","background-size":"auto","background-attachment":"scroll","background-type":"","background-media":"","overlay-type":"","overlay-color":"","overlay-opacity":"","overlay-gradient":""},"tablet":{"background-color":"","background-image":"","background-repeat":"repeat","background-position":"center center","background-size":"auto","background-attachment":"scroll","background-type":"","background-media":"","overlay-type":"","overlay-color":"","overlay-opacity":"","overlay-gradient":""},"mobile":{"background-color":"","background-image":"","background-repeat":"repeat","background-position":"center center","background-size":"auto","background-attachment":"scroll","background-type":"","background-media":"","overlay-type":"","overlay-color":"","overlay-opacity":"","overlay-gradient":""}},"ast-content-background-meta":{"desktop":{"background-color":"var(--ast-global-color-5)","background-image":"","background-repeat":"repeat","background-position":"center center","background-size":"auto","background-attachment":"scroll","background-type":"","background-media":"","overlay-type":"","overlay-color":"","overlay-opacity":"","overlay-gradient":""},"tablet":{"background-color":"var(--ast-global-color-5)","background-image":"","background-repeat":"repeat","background-position":"center center","background-size":"auto","background-attachment":"scroll","background-type":"","background-media":"","overlay-type":"","overlay-color":"","overlay-opacity":"","overlay-gradient":""},"mobile":{"background-color":"var(--ast-global-color-5)","background-image":"","background-repeat":"repeat","background-position":"center center","background-size":"auto","background-attachment":"scroll","background-type":"","background-media":"","overlay-type":"","overlay-color":"","overlay-opacity":"","overlay-gradient":""}},"footnotes":""},"categories":[1021,607,621,651,597,941,351],"tags":[],"class_list":["post-17718","post","type-post","status-publish","format-standard","has-post-thumbnail","hentry","category-activitats-del-curs-2020-2021-ca","category-batxillerat-ca","category-eso-1-ca","category-eso-2-ca","category-eso-3-ca","category-eso-4-ca","category-portada"],"post_mailing_queue_ids":[],"_links":{"self":[{"href":"https:\/\/agora.xtec.cat\/iesmarti-i-pol\/wp-json\/wp\/v2\/posts\/17718","targetHints":{"allow":["GET"]}}],"collection":[{"href":"https:\/\/agora.xtec.cat\/iesmarti-i-pol\/wp-json\/wp\/v2\/posts"}],"about":[{"href":"https:\/\/agora.xtec.cat\/iesmarti-i-pol\/wp-json\/wp\/v2\/types\/post"}],"author":[{"embeddable":true,"href":"https:\/\/agora.xtec.cat\/iesmarti-i-pol\/wp-json\/wp\/v2\/users\/20"}],"replies":[{"embeddable":true,"href":"https:\/\/agora.xtec.cat\/iesmarti-i-pol\/wp-json\/wp\/v2\/comments?post=17718"}],"version-history":[{"count":3,"href":"https:\/\/agora.xtec.cat\/iesmarti-i-pol\/wp-json\/wp\/v2\/posts\/17718\/revisions"}],"predecessor-version":[{"id":17725,"href":"https:\/\/agora.xtec.cat\/iesmarti-i-pol\/wp-json\/wp\/v2\/posts\/17718\/revisions\/17725"}],"wp:featuredmedia":[{"embeddable":true,"href":"https:\/\/agora.xtec.cat\/iesmarti-i-pol\/wp-json\/wp\/v2\/media\/17719"}],"wp:attachment":[{"href":"https:\/\/agora.xtec.cat\/iesmarti-i-pol\/wp-json\/wp\/v2\/media?parent=17718"}],"wp:term":[{"taxonomy":"category","embeddable":true,"href":"https:\/\/agora.xtec.cat\/iesmarti-i-pol\/wp-json\/wp\/v2\/categories?post=17718"},{"taxonomy":"post_tag","embeddable":true,"href":"https:\/\/agora.xtec.cat\/iesmarti-i-pol\/wp-json\/wp\/v2\/tags?post=17718"}],"curies":[{"name":"wp","href":"https:\/\/api.w.org\/{rel}","templated":true}]}}