{"id":17668,"date":"2020-11-09T12:08:36","date_gmt":"2020-11-09T11:08:36","guid":{"rendered":"http:\/\/agora.xtec.cat\/iesmarti-i-pol\/?p=17668"},"modified":"2021-03-05T19:34:27","modified_gmt":"2021-03-05T18:34:27","slug":"collaboracio-entre-leoi-de-cornella-i-linstitut","status":"publish","type":"post","link":"https:\/\/agora.xtec.cat\/iesmarti-i-pol\/general\/collaboracio-entre-leoi-de-cornella-i-linstitut\/","title":{"rendered":"Col\u00b7laboraci\u00f3 entre l\u2019EOI de Cornell\u00e0 i l\u2019institut"},"content":{"rendered":"<div style=\"text-align: justify;\">Un any m\u00e9s, s&#8217;ha posat en marxa el Pla d&#8217;Instituts,\u00a0<strong>un programa de\u00a0<span id=\"m_6969541711724038790gmail-m_374897357725808373m_10311442911896598:ss.1\">col\u00b7laboraci\u00f3<\/span>\u00a0<\/strong><strong>entre\u00a0<span id=\"m_6969541711724038790gmail-m_374897357725808373m_10311442911896598:ss.2\">l&#8217;EOI<\/span>\u00a0de Cornell\u00e0 i l&#8217;institut\u00a0<\/strong>per a qu\u00e8 l&#8217;alumnat de <strong>4t\u00a0<span id=\"m_6969541711724038790gmail-m_374897357725808373m_10311442911896598:ss.3\">d&#8217;ESO<\/span>\u00a0i Batxillerat<\/strong> pugui<\/div>\n<div style=\"text-align: justify;\">obtenir<strong>\u00a0els certificats d&#8217;angl\u00e8s\u00a0B1\u00a0i\u00a0B2<\/strong>\u00a0de\u00a0<span id=\"m_6969541711724038790gmail-m_374897357725808373m_10311442911896598:ss.4\">l&#8217;EOI<\/span>.<a href=\"https:\/\/agora.xtec.cat\/iesmarti-i-pol\/wp-content\/uploads\/usu1292\/2020\/11\/depositphotos_96147636-stock-illustration-concept-of-studying-english.jpg\"><img loading=\"lazy\" decoding=\"async\" class=\"wp-image-17665 alignright\" src=\"https:\/\/agora.xtec.cat\/iesmarti-i-pol\/wp-content\/uploads\/usu1292\/2020\/11\/depositphotos_96147636-stock-illustration-concept-of-studying-english.jpg\" alt=\"\" width=\"357\" height=\"357\" srcset=\"https:\/\/agora.xtec.cat\/iesmarti-i-pol\/wp-content\/uploads\/usu1292\/2020\/11\/depositphotos_96147636-stock-illustration-concept-of-studying-english.jpg 1024w, https:\/\/agora.xtec.cat\/iesmarti-i-pol\/wp-content\/uploads\/usu1292\/2020\/11\/depositphotos_96147636-stock-illustration-concept-of-studying-english-150x150.jpg 150w, https:\/\/agora.xtec.cat\/iesmarti-i-pol\/wp-content\/uploads\/usu1292\/2020\/11\/depositphotos_96147636-stock-illustration-concept-of-studying-english-300x300.jpg 300w, https:\/\/agora.xtec.cat\/iesmarti-i-pol\/wp-content\/uploads\/usu1292\/2020\/11\/depositphotos_96147636-stock-illustration-concept-of-studying-english-768x768.jpg 768w\" sizes=\"auto, (max-width: 357px) 100vw, 357px\" \/><\/a><\/div>\n<div style=\"text-align: justify;\">Aquest any, el curs comen\u00e7ar\u00e0 l&#8217;11 gener\u00a0 i tindr\u00e0 una durada de 30 hores, que es faran\u00a0<strong>online.<\/strong>\u00a0L&#8217;alumnat interessat ens ho ha de comunicar durant aquesta setmana (del 9 al 13 de novembre)\u00a0per\u00a0poder-los fer una petita prova selectiva d&#8217;inscripci\u00f3 als\u00a0cursos. L&#8217;alumnat seleccionat despr\u00e9s far\u00e0 una segona prova online de\u00a0<span id=\"m_6969541711724038790gmail-m_374897357725808373m_10311442911896598:ss.5\">l&#8217;EOI<\/span>\u00a0en les dates que els donarem i, si surten seleccionats, es podran inscriure aquest curs de 30 hores que finalitzar\u00e0 amb la prova\u00a0per\u00a0l&#8217;obtenci\u00f3 del t\u00edtol oficial de\u00a0B1\u00a0o\u00a0B2. Aquest curs t\u00e9 un cost, la taxa d&#8217;inscripci\u00f3 est\u00e0 al voltant de 85\u20ac, m\u00e9s les despeses de la prova. Cada centre de secund\u00e0ria disposa d&#8217;unes places limitades per als seus alumnes.<\/div>\n<div style=\"text-align: justify;\"><\/div>\n<div style=\"text-align: justify;\">Tots aquells\/es que estigueu interessats i\/o necessiteu m\u00e9s informaci\u00f3, envieu un\u00a0<span id=\"m_6969541711724038790gmail-m_374897357725808373m_10311442911896598:ss.8\">email<\/span> a la Gemma Ribes, cap de departament d&#8217;idiomes durant aquesta setmana.<\/div>\n","protected":false},"excerpt":{"rendered":"<p>Un any m\u00e9s, s&#8217;ha posat en marxa el Pla d&#8217;Instituts,\u00a0un programa de\u00a0col\u00b7laboraci\u00f3\u00a0entre\u00a0l&#8217;EOI\u00a0de Cornell\u00e0 i l&#8217;institut\u00a0per a qu\u00e8 l&#8217;alumnat de 4t\u00a0d&#8217;ESO\u00a0i Batxillerat pugui obtenir\u00a0els certificats d&#8217;angl\u00e8s\u00a0B1\u00a0i\u00a0B2\u00a0de\u00a0l&#8217;EOI. Aquest any, el curs comen\u00e7ar\u00e0 l&#8217;11 gener\u00a0 i tindr\u00e0 una durada de 30 hores, que es faran\u00a0online.\u00a0L&#8217;alumnat interessat ens ho ha de comunicar durant aquesta setmana (del 9 al 13 [&hellip;]<\/p>\n","protected":false},"author":1,"featured_media":0,"comment_status":"open","ping_status":"closed","sticky":false,"template":"","format":"standard","meta":{"_bbp_topic_count":0,"_bbp_reply_count":0,"_bbp_total_topic_count":0,"_bbp_total_reply_count":0,"_bbp_voice_count":0,"_bbp_anonymous_reply_count":0,"_bbp_topic_count_hidden":0,"_bbp_reply_count_hidden":0,"_bbp_forum_subforum_count":0,"site-sidebar-layout":"default","site-content-layout":"","ast-site-content-layout":"","site-content-style":"default","site-sidebar-style":"default","ast-global-header-display":"","ast-banner-title-visibility":"","ast-main-header-display":"","ast-hfb-above-header-display":"","ast-hfb-below-header-display":"","ast-hfb-mobile-header-display":"","site-post-title":"","ast-breadcrumbs-content":"","ast-featured-img":"","footer-sml-layout":"","theme-transparent-header-meta":"","adv-header-id-meta":"","stick-header-meta":"","header-above-stick-meta":"","header-main-stick-meta":"","header-below-stick-meta":"","astra-migrate-meta-layouts":"default","ast-page-background-enabled":"default","ast-page-background-meta":{"desktop":{"background-color":"var(--ast-global-color-4)","background-image":"","background-repeat":"repeat","background-position":"center center","background-size":"auto","background-attachment":"scroll","background-type":"","background-media":"","overlay-type":"","overlay-color":"","overlay-opacity":"","overlay-gradient":""},"tablet":{"background-color":"","background-image":"","background-repeat":"repeat","background-position":"center center","background-size":"auto","background-attachment":"scroll","background-type":"","background-media":"","overlay-type":"","overlay-color":"","overlay-opacity":"","overlay-gradient":""},"mobile":{"background-color":"","background-image":"","background-repeat":"repeat","background-position":"center center","background-size":"auto","background-attachment":"scroll","background-type":"","background-media":"","overlay-type":"","overlay-color":"","overlay-opacity":"","overlay-gradient":""}},"ast-content-background-meta":{"desktop":{"background-color":"var(--ast-global-color-5)","background-image":"","background-repeat":"repeat","background-position":"center center","background-size":"auto","background-attachment":"scroll","background-type":"","background-media":"","overlay-type":"","overlay-color":"","overlay-opacity":"","overlay-gradient":""},"tablet":{"background-color":"var(--ast-global-color-5)","background-image":"","background-repeat":"repeat","background-position":"center center","background-size":"auto","background-attachment":"scroll","background-type":"","background-media":"","overlay-type":"","overlay-color":"","overlay-opacity":"","overlay-gradient":""},"mobile":{"background-color":"var(--ast-global-color-5)","background-image":"","background-repeat":"repeat","background-position":"center center","background-size":"auto","background-attachment":"scroll","background-type":"","background-media":"","overlay-type":"","overlay-color":"","overlay-opacity":"","overlay-gradient":""}},"footnotes":""},"categories":[1012,941,347,981,351],"tags":[],"class_list":["post-17668","post","type-post","status-publish","format-standard","hentry","category-activitats-del-curs-2020-2021","category-eso-4-ca","category-general","category-idiomes","category-portada"],"post_mailing_queue_ids":[],"_links":{"self":[{"href":"https:\/\/agora.xtec.cat\/iesmarti-i-pol\/wp-json\/wp\/v2\/posts\/17668","targetHints":{"allow":["GET"]}}],"collection":[{"href":"https:\/\/agora.xtec.cat\/iesmarti-i-pol\/wp-json\/wp\/v2\/posts"}],"about":[{"href":"https:\/\/agora.xtec.cat\/iesmarti-i-pol\/wp-json\/wp\/v2\/types\/post"}],"author":[{"embeddable":true,"href":"https:\/\/agora.xtec.cat\/iesmarti-i-pol\/wp-json\/wp\/v2\/users\/1"}],"replies":[{"embeddable":true,"href":"https:\/\/agora.xtec.cat\/iesmarti-i-pol\/wp-json\/wp\/v2\/comments?post=17668"}],"version-history":[{"count":2,"href":"https:\/\/agora.xtec.cat\/iesmarti-i-pol\/wp-json\/wp\/v2\/posts\/17668\/revisions"}],"predecessor-version":[{"id":17670,"href":"https:\/\/agora.xtec.cat\/iesmarti-i-pol\/wp-json\/wp\/v2\/posts\/17668\/revisions\/17670"}],"wp:attachment":[{"href":"https:\/\/agora.xtec.cat\/iesmarti-i-pol\/wp-json\/wp\/v2\/media?parent=17668"}],"wp:term":[{"taxonomy":"category","embeddable":true,"href":"https:\/\/agora.xtec.cat\/iesmarti-i-pol\/wp-json\/wp\/v2\/categories?post=17668"},{"taxonomy":"post_tag","embeddable":true,"href":"https:\/\/agora.xtec.cat\/iesmarti-i-pol\/wp-json\/wp\/v2\/tags?post=17668"}],"curies":[{"name":"wp","href":"https:\/\/api.w.org\/{rel}","templated":true}]}}