{"id":1759,"date":"2016-05-23T00:00:00","date_gmt":"2016-05-23T00:00:00","guid":{"rendered":"http:\/\/mmpol.cat\/home2\/mmpolcat\/wordpress\/?p=1759"},"modified":"2021-03-05T19:38:32","modified_gmt":"2021-03-05T18:38:32","slug":"jornada-matematiques-2016-1r-eso","status":"publish","type":"post","link":"https:\/\/agora.xtec.cat\/iesmarti-i-pol\/portada\/jornada-matematiques-2016-1r-eso\/","title":{"rendered":"Jornada Matem\u00e0tiques 2016 (1r ESO)"},"content":{"rendered":"<p style=\"text-align: center;\"><a href=\"https:\/\/goo.gl\/photos\/DRgPE6fLFQR1J3ZV8\" target=\"_blank\" rel=\"noopener noreferrer\"><img loading=\"lazy\" decoding=\"async\" class=\"wp-image-1758 aligncenter\" style=\"width: 128px; height: 72px;\" src=\"http:\/\/mmpol.cat\/home2\/mmpolcat\/wordpress\/wp-content\/uploads\/2016\/05\/2016_matematiquesprimereso.jpg\" alt=\"m\u00e9s fotografies de l'activitat\" width=\"128\" height=\"72\" \/><\/a><em><a href=\"https:\/\/goo.gl\/photos\/DRgPE6fLFQR1J3ZV8\" target=\"_blank\" rel=\"noopener noreferrer\"><span style=\"color: #333333;\"><span style=\"font-size: xx-small;\"><span style=\"font-size: 12px;\">fotografies<\/span><\/span><\/span><\/a><\/em><br \/>\n<span style=\"color: #ff0000;\"><span style=\"font-size: 14px;\"><span style=\"color: #ff0000;\"><span style=\"font-size: 14px;\">Jornada Matem\u00e0tiques 2016 (1r ESO)<\/span><\/span><\/span><\/span><\/p>\n<p><span style=\"color: #333333;\"><span style=\"font-size: xx-small;\"><span style=\"font-size: 12px;\"><span style=\"font-family: Verdana;\"><span style=\"font-size: 11px;\"><span style=\"font-family: verdana,geneva,sans-serif;\">Per segon any, el dia 12 de maig va ser el dia que tot Cornell\u00e0 va organitzar la Jornada de Matem\u00e0tiques amb alumnes de 1r d&#8217;ESO i 6\u00e8 de prim\u00e0ria <\/span><\/span><\/span><\/span><\/span><\/span><\/p>\n<p><!--more--><\/p>\n<table border=\"0\" width=\"486\" cellspacing=\"1\" cellpadding=\"1\">\n<tbody>\n<tr>\n<td style=\"text-align: justify;\" colspan=\"2\"><span style=\"color: #333333;\"><span style=\"font-size: xx-small;\"><span style=\"font-size: 12px;\"><span style=\"font-family: Verdana;\"><span style=\"font-size: 11px;\"><span style=\"font-family: verdana,geneva,sans-serif;\"><span style=\"color: #000080;\">Per segon any, el dia 12 de maig va ser el dia que tot Cornell\u00e0 va organitzar la Jornada de Matem\u00e0tiques amb alumnes de 1r d&#8217;ESO i 6\u00e8 de prim\u00e0ria. Enguany, la vam celebrar conjuntament amb l&#8217;institut Joan Mir\u00f3 a l&#8217;aparcament de l&#8217;institut. Les escoles de prim\u00e0ria que van assistir van ser l&#8217;Abat Oliba, l&#8217;Areny, l&#8217;Anselm Clav\u00e9, Dolors Almera i Suris. Cada escola-institut port\u00e0vem un color diferent i durant una hora i mitja ens vam dividir en tres zones per fer una gimcana d&#8217;enigmes matem\u00e0tics. Cada grup controlava una taula i la soluci\u00f3 de l&#8217;enigma, on hi anava passant cada grup. Cada grup va fer un munt de proves. La jornada va ser un \u00e8xit i va demostrar, com se sol dir en les operacions, que les matem\u00e0tiques poden ser divertides i l\u00fadiques. Al cap i a la fi, \u00e9s un goig descobrir els enigmes diferents que ens deixen descobrir aquesta mat\u00e8ria tan important<\/span> <\/span><\/span><\/span><\/span><\/span><\/span><\/td>\n<\/tr>\n<\/tbody>\n<\/table>\n","protected":false},"excerpt":{"rendered":"<p>fotografies Jornada Matem\u00e0tiques 2016 (1r ESO) Per segon any, el dia 12 de maig va ser el dia que tot Cornell\u00e0 va organitzar la Jornada de Matem\u00e0tiques amb alumnes de 1r d&#8217;ESO i 6\u00e8 de prim\u00e0ria<\/p>\n","protected":false},"author":1,"featured_media":0,"comment_status":"open","ping_status":"open","sticky":false,"template":"","format":"standard","meta":{"_bbp_topic_count":0,"_bbp_reply_count":0,"_bbp_total_topic_count":0,"_bbp_total_reply_count":0,"_bbp_voice_count":0,"_bbp_anonymous_reply_count":0,"_bbp_topic_count_hidden":0,"_bbp_reply_count_hidden":0,"_bbp_forum_subforum_count":0,"site-sidebar-layout":"default","site-content-layout":"","ast-site-content-layout":"","site-content-style":"default","site-sidebar-style":"default","ast-global-header-display":"","ast-banner-title-visibility":"","ast-main-header-display":"","ast-hfb-above-header-display":"","ast-hfb-below-header-display":"","ast-hfb-mobile-header-display":"","site-post-title":"","ast-breadcrumbs-content":"","ast-featured-img":"","footer-sml-layout":"","theme-transparent-header-meta":"","adv-header-id-meta":"","stick-header-meta":"","header-above-stick-meta":"","header-main-stick-meta":"","header-below-stick-meta":"","astra-migrate-meta-layouts":"default","ast-page-background-enabled":"default","ast-page-background-meta":{"desktop":{"background-color":"var(--ast-global-color-4)","background-image":"","background-repeat":"repeat","background-position":"center center","background-size":"auto","background-attachment":"scroll","background-type":"","background-media":"","overlay-type":"","overlay-color":"","overlay-opacity":"","overlay-gradient":""},"tablet":{"background-color":"","background-image":"","background-repeat":"repeat","background-position":"center center","background-size":"auto","background-attachment":"scroll","background-type":"","background-media":"","overlay-type":"","overlay-color":"","overlay-opacity":"","overlay-gradient":""},"mobile":{"background-color":"","background-image":"","background-repeat":"repeat","background-position":"center center","background-size":"auto","background-attachment":"scroll","background-type":"","background-media":"","overlay-type":"","overlay-color":"","overlay-opacity":"","overlay-gradient":""}},"ast-content-background-meta":{"desktop":{"background-color":"var(--ast-global-color-5)","background-image":"","background-repeat":"repeat","background-position":"center center","background-size":"auto","background-attachment":"scroll","background-type":"","background-media":"","overlay-type":"","overlay-color":"","overlay-opacity":"","overlay-gradient":""},"tablet":{"background-color":"var(--ast-global-color-5)","background-image":"","background-repeat":"repeat","background-position":"center center","background-size":"auto","background-attachment":"scroll","background-type":"","background-media":"","overlay-type":"","overlay-color":"","overlay-opacity":"","overlay-gradient":""},"mobile":{"background-color":"var(--ast-global-color-5)","background-image":"","background-repeat":"repeat","background-position":"center center","background-size":"auto","background-attachment":"scroll","background-type":"","background-media":"","overlay-type":"","overlay-color":"","overlay-opacity":"","overlay-gradient":""}},"footnotes":""},"categories":[351],"tags":[],"class_list":["post-1759","post","type-post","status-publish","format-standard","hentry","category-portada"],"post_mailing_queue_ids":[],"_links":{"self":[{"href":"https:\/\/agora.xtec.cat\/iesmarti-i-pol\/wp-json\/wp\/v2\/posts\/1759","targetHints":{"allow":["GET"]}}],"collection":[{"href":"https:\/\/agora.xtec.cat\/iesmarti-i-pol\/wp-json\/wp\/v2\/posts"}],"about":[{"href":"https:\/\/agora.xtec.cat\/iesmarti-i-pol\/wp-json\/wp\/v2\/types\/post"}],"author":[{"embeddable":true,"href":"https:\/\/agora.xtec.cat\/iesmarti-i-pol\/wp-json\/wp\/v2\/users\/1"}],"replies":[{"embeddable":true,"href":"https:\/\/agora.xtec.cat\/iesmarti-i-pol\/wp-json\/wp\/v2\/comments?post=1759"}],"version-history":[{"count":4,"href":"https:\/\/agora.xtec.cat\/iesmarti-i-pol\/wp-json\/wp\/v2\/posts\/1759\/revisions"}],"predecessor-version":[{"id":18787,"href":"https:\/\/agora.xtec.cat\/iesmarti-i-pol\/wp-json\/wp\/v2\/posts\/1759\/revisions\/18787"}],"wp:attachment":[{"href":"https:\/\/agora.xtec.cat\/iesmarti-i-pol\/wp-json\/wp\/v2\/media?parent=1759"}],"wp:term":[{"taxonomy":"category","embeddable":true,"href":"https:\/\/agora.xtec.cat\/iesmarti-i-pol\/wp-json\/wp\/v2\/categories?post=1759"},{"taxonomy":"post_tag","embeddable":true,"href":"https:\/\/agora.xtec.cat\/iesmarti-i-pol\/wp-json\/wp\/v2\/tags?post=1759"}],"curies":[{"name":"wp","href":"https:\/\/api.w.org\/{rel}","templated":true}]}}