{"id":17456,"date":"2020-11-09T12:32:11","date_gmt":"2020-11-09T11:32:11","guid":{"rendered":"http:\/\/agora.xtec.cat\/iesmarti-i-pol\/?p=17456"},"modified":"2021-03-05T19:34:27","modified_gmt":"2021-03-05T18:34:27","slug":"aquesta-setmana-sona-2","status":"publish","type":"post","link":"https:\/\/agora.xtec.cat\/iesmarti-i-pol\/portada\/aquesta-setmana-sona-2\/","title":{"rendered":"#Aquesta setmana sona"},"content":{"rendered":"<p>Aquesta setmana sonar\u00e0 a l&#8217;institut la can\u00e7\u00f3 <em>Eso que tu me das de Jarabe de palo.<\/em><\/p>\n<p>Tot i ser una can\u00e7\u00f3 de comiat alhora \u00e9s d&#8217;agra\u00efment i t\u00e9 un ritme optimista. Despr\u00e9s de tants mesos d&#8217;incerteses no volem oblidar per\u00f2 som optimistes respecte al futur.<\/p>\n<p>Us deixem el link a la nostra <em>playlist<\/em> i la lletra de la can\u00e7\u00f3.<\/p>\n<div class=\"ast-oembed-container \" style=\"height: 100%;\"><iframe title=\"Spotify Embed: Curs 2020-21\" style=\"border-radius: 12px\" width=\"100%\" height=\"352\" frameborder=\"0\" allowfullscreen allow=\"autoplay; clipboard-write; encrypted-media; fullscreen; picture-in-picture\" loading=\"lazy\" src=\"https:\/\/open.spotify.com\/embed\/playlist\/1s8UiAidkBLFA4hd84Dpsg?si=RLIO_6ZeQ62dccXwvpcefg&#038;utm_source=oembed\"><\/iframe><\/div>\n<p><a href=\"https:\/\/agora.xtec.cat\/iesmarti-i-pol\/wp-content\/uploads\/usu1292\/2020\/09\/Jarabe-de-palo.jpg\"><img loading=\"lazy\" decoding=\"async\" class=\"alignnone wp-image-17455 alignleft\" src=\"https:\/\/agora.xtec.cat\/iesmarti-i-pol\/wp-content\/uploads\/usu1292\/2020\/09\/Jarabe-de-palo-724x1024.jpg\" alt=\"\" width=\"527\" height=\"745\" srcset=\"https:\/\/agora.xtec.cat\/iesmarti-i-pol\/wp-content\/uploads\/usu1292\/2020\/09\/Jarabe-de-palo-724x1024.jpg 724w, https:\/\/agora.xtec.cat\/iesmarti-i-pol\/wp-content\/uploads\/usu1292\/2020\/09\/Jarabe-de-palo-212x300.jpg 212w, https:\/\/agora.xtec.cat\/iesmarti-i-pol\/wp-content\/uploads\/usu1292\/2020\/09\/Jarabe-de-palo-768x1086.jpg 768w, https:\/\/agora.xtec.cat\/iesmarti-i-pol\/wp-content\/uploads\/usu1292\/2020\/09\/Jarabe-de-palo.jpg 1587w\" sizes=\"auto, (max-width: 527px) 100vw, 527px\" \/><\/a><\/p>\n<p>&nbsp;<\/p>\n<p>&nbsp;<\/p>\n<p>&nbsp;<\/p>\n<p>&nbsp;<\/p>\n<p>&nbsp;<\/p>\n<p>&nbsp;<\/p>\n<p>&nbsp;<\/p>\n<p>&nbsp;<\/p>\n<p>&nbsp;<\/p>\n<p>&nbsp;<\/p>\n<p>&nbsp;<\/p>\n<p>&nbsp;<\/p>\n<p>&nbsp;<\/p>\n<p>&nbsp;<\/p>\n<p>&nbsp;<\/p>\n<p>&nbsp;<\/p>\n<p>&nbsp;<\/p>\n<p><a href=\"https:\/\/agora.xtec.cat\/iesmarti-i-pol\/wp-content\/uploads\/usu1292\/2020\/09\/Jarabe-de-palo.jpg\">Lletra<\/a><\/p>\n<p>Eso que tu me das<\/p>\n<p>Es mucho m\u00e1s de lo que pido<\/p>\n<p>Todo lo que me das<\/p>\n<p>Es lo que ahora necesito<\/p>\n<p>Eso que t\u00fa me das<\/p>\n<p>No creo lo tenga merecido<\/p>\n<p>Por todo lo que me das<\/p>\n<p>Te estar\u00e9 siempre agradecido<\/p>\n<p>As\u00ed que gracias por estar<\/p>\n<p>Por tu amistad y tu compa\u00f1\u00eda<\/p>\n<p>Eres lo, lo mejor que me ha dado la vida<\/p>\n<p>Por todo lo que recib\u00ed<\/p>\n<p>Estar aqu\u00ed vale la pena<\/p>\n<p>Gracias a ti segu\u00ed<\/p>\n<p>Remando contra la marea<\/p>\n<p>Por todo lo que recib\u00ed<\/p>\n<p>Ahora s\u00e9 que no estoy solo<\/p>\n<p>Ahora te tengo a ti<\/p>\n<p>Amigo m\u00edo, mi tesoro<\/p>\n<p>As\u00ed que gracias por estar<\/p>\n<p>Por tu amistad y tu compa\u00f1\u00eda<\/p>\n<p>Eres lo, lo mejor que me ha dado la vida<\/p>\n<p>Todo te lo voy a dar<\/p>\n<p>&nbsp;<\/p>\n<p>Por tu calidad, por tu alegr\u00eda<\/p>\n<p>Me ayudaste a remontar<\/p>\n<p>A superarme d\u00eda a d\u00eda<\/p>\n<p>Todo te lo voy a dar<\/p>\n<p>Fuiste mi mejor medicina<\/p>\n<p>Todo te lo dar\u00e9<\/p>\n<p>Sea lo que sea lo que pidas<\/p>\n<p>Y eso que t\u00fa me das<\/p>\n<p>Es mucho m\u00e1s<\/p>\n<p>Es mucho m\u00e1s<\/p>\n<p>De lo que nunca te he pedido<\/p>\n<p>Todo lo que me das<\/p>\n<p>Es mucho mas<\/p>\n<p>Es mucho m\u00e1s<\/p>\n<p>De lo que nunca he merecido<\/p>\n<p>Eso que t\u00fa me das<\/p>\n<p>Eso que t\u00fa me das<\/p>\n","protected":false},"excerpt":{"rendered":"<p>Aquesta setmana sonar\u00e0 a l&#8217;institut la can\u00e7\u00f3 Eso que tu me das de Jarabe de palo. Tot i ser una can\u00e7\u00f3 de comiat alhora \u00e9s d&#8217;agra\u00efment i t\u00e9 un ritme optimista. Despr\u00e9s de tants mesos d&#8217;incerteses no volem oblidar per\u00f2 som optimistes respecte al futur. Us deixem el link a la nostra playlist i la [&hellip;]<\/p>\n","protected":false},"author":1,"featured_media":16616,"comment_status":"open","ping_status":"closed","sticky":false,"template":"","format":"standard","meta":{"_bbp_topic_count":0,"_bbp_reply_count":0,"_bbp_total_topic_count":0,"_bbp_total_reply_count":0,"_bbp_voice_count":0,"_bbp_anonymous_reply_count":0,"_bbp_topic_count_hidden":0,"_bbp_reply_count_hidden":0,"_bbp_forum_subforum_count":0,"site-sidebar-layout":"default","site-content-layout":"","ast-site-content-layout":"","site-content-style":"default","site-sidebar-style":"default","ast-global-header-display":"","ast-banner-title-visibility":"","ast-main-header-display":"","ast-hfb-above-header-display":"","ast-hfb-below-header-display":"","ast-hfb-mobile-header-display":"","site-post-title":"","ast-breadcrumbs-content":"","ast-featured-img":"","footer-sml-layout":"","theme-transparent-header-meta":"","adv-header-id-meta":"","stick-header-meta":"","header-above-stick-meta":"","header-main-stick-meta":"","header-below-stick-meta":"","astra-migrate-meta-layouts":"default","ast-page-background-enabled":"default","ast-page-background-meta":{"desktop":{"background-color":"var(--ast-global-color-4)","background-image":"","background-repeat":"repeat","background-position":"center center","background-size":"auto","background-attachment":"scroll","background-type":"","background-media":"","overlay-type":"","overlay-color":"","overlay-opacity":"","overlay-gradient":""},"tablet":{"background-color":"","background-image":"","background-repeat":"repeat","background-position":"center center","background-size":"auto","background-attachment":"scroll","background-type":"","background-media":"","overlay-type":"","overlay-color":"","overlay-opacity":"","overlay-gradient":""},"mobile":{"background-color":"","background-image":"","background-repeat":"repeat","background-position":"center center","background-size":"auto","background-attachment":"scroll","background-type":"","background-media":"","overlay-type":"","overlay-color":"","overlay-opacity":"","overlay-gradient":""}},"ast-content-background-meta":{"desktop":{"background-color":"var(--ast-global-color-5)","background-image":"","background-repeat":"repeat","background-position":"center center","background-size":"auto","background-attachment":"scroll","background-type":"","background-media":"","overlay-type":"","overlay-color":"","overlay-opacity":"","overlay-gradient":""},"tablet":{"background-color":"var(--ast-global-color-5)","background-image":"","background-repeat":"repeat","background-position":"center center","background-size":"auto","background-attachment":"scroll","background-type":"","background-media":"","overlay-type":"","overlay-color":"","overlay-opacity":"","overlay-gradient":""},"mobile":{"background-color":"var(--ast-global-color-5)","background-image":"","background-repeat":"repeat","background-position":"center center","background-size":"auto","background-attachment":"scroll","background-type":"","background-media":"","overlay-type":"","overlay-color":"","overlay-opacity":"","overlay-gradient":""}},"footnotes":""},"categories":[1019,1012,351],"tags":[],"class_list":["post-17456","post","type-post","status-publish","format-standard","has-post-thumbnail","hentry","category-aquestasetmanasona","category-activitats-del-curs-2020-2021","category-portada"],"post_mailing_queue_ids":[],"_links":{"self":[{"href":"https:\/\/agora.xtec.cat\/iesmarti-i-pol\/wp-json\/wp\/v2\/posts\/17456","targetHints":{"allow":["GET"]}}],"collection":[{"href":"https:\/\/agora.xtec.cat\/iesmarti-i-pol\/wp-json\/wp\/v2\/posts"}],"about":[{"href":"https:\/\/agora.xtec.cat\/iesmarti-i-pol\/wp-json\/wp\/v2\/types\/post"}],"author":[{"embeddable":true,"href":"https:\/\/agora.xtec.cat\/iesmarti-i-pol\/wp-json\/wp\/v2\/users\/1"}],"replies":[{"embeddable":true,"href":"https:\/\/agora.xtec.cat\/iesmarti-i-pol\/wp-json\/wp\/v2\/comments?post=17456"}],"version-history":[{"count":3,"href":"https:\/\/agora.xtec.cat\/iesmarti-i-pol\/wp-json\/wp\/v2\/posts\/17456\/revisions"}],"predecessor-version":[{"id":17671,"href":"https:\/\/agora.xtec.cat\/iesmarti-i-pol\/wp-json\/wp\/v2\/posts\/17456\/revisions\/17671"}],"wp:featuredmedia":[{"embeddable":true,"href":"https:\/\/agora.xtec.cat\/iesmarti-i-pol\/wp-json\/wp\/v2\/media\/16616"}],"wp:attachment":[{"href":"https:\/\/agora.xtec.cat\/iesmarti-i-pol\/wp-json\/wp\/v2\/media?parent=17456"}],"wp:term":[{"taxonomy":"category","embeddable":true,"href":"https:\/\/agora.xtec.cat\/iesmarti-i-pol\/wp-json\/wp\/v2\/categories?post=17456"},{"taxonomy":"post_tag","embeddable":true,"href":"https:\/\/agora.xtec.cat\/iesmarti-i-pol\/wp-json\/wp\/v2\/tags?post=17456"}],"curies":[{"name":"wp","href":"https:\/\/api.w.org\/{rel}","templated":true}]}}