{"id":1663,"date":"2016-05-13T00:00:00","date_gmt":"2016-05-13T00:00:00","guid":{"rendered":"http:\/\/mmpol.cat\/home2\/mmpolcat\/wordpress\/?p=1663"},"modified":"2021-03-05T19:38:32","modified_gmt":"2021-03-05T18:38:32","slug":"trobada-de-musica-com-sona-l-eso","status":"publish","type":"post","link":"https:\/\/agora.xtec.cat\/iesmarti-i-pol\/portada\/trobada-de-musica-com-sona-l-eso\/","title":{"rendered":"Trobada de m\u00fasica Com Sona l&#8217;ESO"},"content":{"rendered":"<p style=\"text-align: center;\"><em><a href=\"https:\/\/goo.gl\/photos\/D1wudKrvsXVTZ4az8\" target=\"_blank\" rel=\"noopener noreferrer\"><span style=\"color: #333333;\"><span style=\"font-size: xx-small;\"><span style=\"font-size: 12px;\"><img loading=\"lazy\" decoding=\"async\" class=\"wp-image-1662 size-full alignnone\" style=\"width: 128px; height: 96px;\" src=\"http:\/\/agora.xtec.cat\/iesmarti-i-pol\/wp-content\/uploads\/usu1292\/2016\/05\/2016_comsonaleso.jpg\" alt=\"\" width=\"128\" height=\"96\" \/><\/span><\/span><\/span><\/a><\/em><\/p>\n<p style=\"text-align: center;\"><em><a href=\"https:\/\/goo.gl\/photos\/D1wudKrvsXVTZ4az8\" target=\"_blank\" rel=\"noopener noreferrer\"><span style=\"color: #333333;\"><span style=\"font-size: xx-small;\"><span style=\"font-size: 12px;\">fotografies<\/span><\/span><\/span><\/a><br \/>\n<a href=\"https:\/\/youtu.be\/n6cW1y1Cjio\" target=\"_blank\" rel=\"noopener noreferrer\"><span style=\"color: #333333;\"><span style=\"font-size: xx-small;\"><span style=\"font-size: 12px;\">v\u00eddeo<\/span><\/span><\/span><\/a><\/em><\/p>\n<div style=\"text-align: center;\"><span style=\"color: #ff0000;\"><span style=\"font-size: 14px;\">Trobada de m\u00fasica Com Sona l&#8217;ESO<\/span><\/span><\/div>\n<div style=\"text-align: justify;\"><span style=\"color: #333333;\"><span style=\"font-size: xx-small;\"><span style=\"font-size: 12px;\"><span style=\"font-family: Verdana;\"><span style=\"font-size: 11px;\"><span style=\"font-family: verdana,geneva,sans-serif;\">Vam arribar a Val\u00e8ncia el dimecres 11 cap a les 12\u201930. En muntar les tendes de campanya i dinar vam fer un primer assaig a les 16\u201900 a la carpa. Despr\u00e8s vam tenir el primer torn per sopar, a les 21\u201900. A partir de les 22\u201930 van comen\u00e7ar l\u2019Offestival, on 4 grups de rock d\u2019alguns instituts i alguns profes es van animar a pujar a l\u2019escenari a cantar<\/span><\/span><\/span><\/span><\/span><\/span><\/div>\n<p><!--more--><\/p>\n<table border=\"0\" width=\"486\" cellspacing=\"1\" cellpadding=\"1\">\n<tbody>\n<tr>\n<td colspan=\"2\">\n<p style=\"text-align: justify;\"><span style=\"font-size: 11px;\"><span style=\"color: #000080;\"><span style=\"font-family: verdana,geneva,sans-serif;\">Vam arribar a Val\u00e8ncia el dimecres 11 cap a les 12\u201930. En muntar les tendes de campanya i dinar vam fer un primer assaig a les 16\u201900 a la carpa. Despr\u00e8s vam tenir el primer torn per sopar, a les 21\u201900. A partir de les 22\u201930 van comen\u00e7ar l\u2019Offestival, on 4 grups de rock d\u2019alguns instituts i alguns profes es van animar a pujar a l\u2019escenari a cantar.<\/span><\/span><\/span><\/p>\n<p style=\"text-align: justify;\"><span style=\"font-size: 11px;\"><span style=\"color: #000080;\"><span style=\"font-family: verdana,geneva,sans-serif;\">El dijous 12 vam tenir assaig a la carpa al mat\u00ed i despr\u00e9s Galbis va fer una de les seves paelles gegants, per a 1500 persones. Estava bon\u00edssima!! A les 16\u201900 van sortir els autobusos cap a l\u2019esplanada de la Ciutat de les Arts i les Ci\u00e8ncies, on ja estava muntat l\u2019escenari i vam fer l\u2019assaig de com pujar a dalt i les proves de so. Despr\u00e9s vam fer un petit assaig. Quan vam acabar vam anar caminant a la Pla\u00e7a de la Verge, on hi havia preparat un escenari i un grup de folk va pujar i vam poder fer uns balls molt divertits; polka, tarantel\u00b7la, entre altres. Vam sopar all\u00ed mateix i despr\u00e9s vam tornar al c\u00e0mping amb els autobusos que ens esperaven a les Torres de Serrans. A la nit va actuar el grup Zoo i el Dj \u00c0ries.<\/span><\/span><\/span><\/p>\n<p style=\"text-align: justify;\"><span style=\"font-size: 11px;\"><span style=\"color: #000080;\"><span style=\"font-family: verdana,geneva,sans-serif;\">El divendres vam tenir el mat\u00ed lliure per poder anar a la piscina, descansar, prendre el sol&#8230;i despr\u00e9s de dinar vam agafar els autobusos per anar al CAC a fer un assaig general i tot seguit el concert. Vam sopar all\u00ed mateix despr\u00e9s del concert. A les 22\u201900 en punt ja est\u00e0vem a dalt de l\u2019escenari tots per comen\u00e7ar puntuals, que ho retransmetien 36 canals de tv locals i hav\u00edem de ser molt curosos. <\/span><\/span><\/span><\/p>\n<p style=\"text-align: justify;\"><span style=\"font-size: 11px;\"><span style=\"color: #000080;\"><span style=\"font-family: verdana,geneva,sans-serif;\">El concert va sortir molt b\u00e9, com sempre, espectacular. Tothom va fer molt b\u00e9 la seva part i el p\u00fablic va poder gaudir d\u2019un espectacle \u00fanic amb 1500 alumnes de secund\u00e0ria dels Pa\u00efsos Catalans, juntament amb els seus professors. Una trobada \u00fanica, espectacular i emocionant, tal i com van dir els mateixos alumnes i algunes de les fam\u00edlies que van anar a gaudir de l\u2019espectacle en directe. I a la nit&#8230;a deixar-ho tot cantant i ballant amb la Kinki Band, que ens ho vam guanyar.<\/span><\/span><\/span><\/p>\n<p style=\"text-align: justify;\"><span style=\"font-size: 11px;\"><span style=\"color: #000080;\"><span style=\"font-family: verdana,geneva,sans-serif;\">El dissabte al mati, cansats per\u00f2 contents, vam desmuntar les tendes i despr\u00e9s del desdejuni cap a l\u2019autocar i tornada a casa.<\/span><\/span><\/span><\/p>\n<p style=\"text-align: justify;\"><span style=\"font-size: 11px;\"><span style=\"color: #000080;\"><span style=\"font-family: verdana,geneva,sans-serif;\">Al curs vinent tornarem&#8230;segur. I qui ho prova, repeteix!! <\/span><\/span><\/span><\/p>\n<p><embed src=\"https:\/\/static.googleusercontent.com\/external_content\/picasaweb.googleusercontent.com\/slideshow.swf\" type=\"application\/x-shockwave-flash\" width=\"500\" height=\"333\"><\/embed><\/p>\n<p><iframe loading=\"lazy\" src=\"https:\/\/www.youtube.com\/embed\/PFO1eFoMtj8\" width=\"500\" height=\"333\" frameborder=\"0\" allowfullscreen=\"allowfullscreen\"><\/iframe><\/td>\n<\/tr>\n<\/tbody>\n<\/table>\n","protected":false},"excerpt":{"rendered":"<p>fotografies v\u00eddeo Trobada de m\u00fasica Com Sona l&#8217;ESO Vam arribar a Val\u00e8ncia el dimecres 11 cap a les 12\u201930. En muntar les tendes de campanya i dinar vam fer un primer assaig a les 16\u201900 a la carpa. Despr\u00e8s vam tenir el primer torn per sopar, a les 21\u201900. A partir de les 22\u201930 van [&hellip;]<\/p>\n","protected":false},"author":1,"featured_media":0,"comment_status":"open","ping_status":"open","sticky":false,"template":"","format":"standard","meta":{"_bbp_topic_count":0,"_bbp_reply_count":0,"_bbp_total_topic_count":0,"_bbp_total_reply_count":0,"_bbp_voice_count":0,"_bbp_anonymous_reply_count":0,"_bbp_topic_count_hidden":0,"_bbp_reply_count_hidden":0,"_bbp_forum_subforum_count":0,"site-sidebar-layout":"default","site-content-layout":"","ast-site-content-layout":"","site-content-style":"default","site-sidebar-style":"default","ast-global-header-display":"","ast-banner-title-visibility":"","ast-main-header-display":"","ast-hfb-above-header-display":"","ast-hfb-below-header-display":"","ast-hfb-mobile-header-display":"","site-post-title":"","ast-breadcrumbs-content":"","ast-featured-img":"","footer-sml-layout":"","theme-transparent-header-meta":"","adv-header-id-meta":"","stick-header-meta":"","header-above-stick-meta":"","header-main-stick-meta":"","header-below-stick-meta":"","astra-migrate-meta-layouts":"default","ast-page-background-enabled":"default","ast-page-background-meta":{"desktop":{"background-color":"var(--ast-global-color-4)","background-image":"","background-repeat":"repeat","background-position":"center center","background-size":"auto","background-attachment":"scroll","background-type":"","background-media":"","overlay-type":"","overlay-color":"","overlay-opacity":"","overlay-gradient":""},"tablet":{"background-color":"","background-image":"","background-repeat":"repeat","background-position":"center center","background-size":"auto","background-attachment":"scroll","background-type":"","background-media":"","overlay-type":"","overlay-color":"","overlay-opacity":"","overlay-gradient":""},"mobile":{"background-color":"","background-image":"","background-repeat":"repeat","background-position":"center center","background-size":"auto","background-attachment":"scroll","background-type":"","background-media":"","overlay-type":"","overlay-color":"","overlay-opacity":"","overlay-gradient":""}},"ast-content-background-meta":{"desktop":{"background-color":"var(--ast-global-color-5)","background-image":"","background-repeat":"repeat","background-position":"center center","background-size":"auto","background-attachment":"scroll","background-type":"","background-media":"","overlay-type":"","overlay-color":"","overlay-opacity":"","overlay-gradient":""},"tablet":{"background-color":"var(--ast-global-color-5)","background-image":"","background-repeat":"repeat","background-position":"center center","background-size":"auto","background-attachment":"scroll","background-type":"","background-media":"","overlay-type":"","overlay-color":"","overlay-opacity":"","overlay-gradient":""},"mobile":{"background-color":"var(--ast-global-color-5)","background-image":"","background-repeat":"repeat","background-position":"center center","background-size":"auto","background-attachment":"scroll","background-type":"","background-media":"","overlay-type":"","overlay-color":"","overlay-opacity":"","overlay-gradient":""}},"footnotes":""},"categories":[351],"tags":[],"class_list":["post-1663","post","type-post","status-publish","format-standard","hentry","category-portada"],"post_mailing_queue_ids":[],"_links":{"self":[{"href":"https:\/\/agora.xtec.cat\/iesmarti-i-pol\/wp-json\/wp\/v2\/posts\/1663","targetHints":{"allow":["GET"]}}],"collection":[{"href":"https:\/\/agora.xtec.cat\/iesmarti-i-pol\/wp-json\/wp\/v2\/posts"}],"about":[{"href":"https:\/\/agora.xtec.cat\/iesmarti-i-pol\/wp-json\/wp\/v2\/types\/post"}],"author":[{"embeddable":true,"href":"https:\/\/agora.xtec.cat\/iesmarti-i-pol\/wp-json\/wp\/v2\/users\/1"}],"replies":[{"embeddable":true,"href":"https:\/\/agora.xtec.cat\/iesmarti-i-pol\/wp-json\/wp\/v2\/comments?post=1663"}],"version-history":[{"count":3,"href":"https:\/\/agora.xtec.cat\/iesmarti-i-pol\/wp-json\/wp\/v2\/posts\/1663\/revisions"}],"predecessor-version":[{"id":18788,"href":"https:\/\/agora.xtec.cat\/iesmarti-i-pol\/wp-json\/wp\/v2\/posts\/1663\/revisions\/18788"}],"wp:attachment":[{"href":"https:\/\/agora.xtec.cat\/iesmarti-i-pol\/wp-json\/wp\/v2\/media?parent=1663"}],"wp:term":[{"taxonomy":"category","embeddable":true,"href":"https:\/\/agora.xtec.cat\/iesmarti-i-pol\/wp-json\/wp\/v2\/categories?post=1663"},{"taxonomy":"post_tag","embeddable":true,"href":"https:\/\/agora.xtec.cat\/iesmarti-i-pol\/wp-json\/wp\/v2\/tags?post=1663"}],"curies":[{"name":"wp","href":"https:\/\/api.w.org\/{rel}","templated":true}]}}