{"id":1592,"date":"2016-05-08T00:00:00","date_gmt":"2016-05-07T22:00:00","guid":{"rendered":"http:\/\/mmpol.cat\/home2\/mmpolcat\/wordpress\/?p=1592"},"modified":"2021-03-05T19:38:32","modified_gmt":"2021-03-05T18:38:32","slug":"sortida-al-raval-geografia-2n-batxillerat","status":"publish","type":"post","link":"https:\/\/agora.xtec.cat\/iesmarti-i-pol\/general\/sortida-al-raval-geografia-2n-batxillerat\/","title":{"rendered":"Sortida al Raval, Geografia 2016 (2n Batxillerat)"},"content":{"rendered":"<p style=\"text-align: center;\"><a href=\"https:\/\/goo.gl\/photos\/bE9RpwWMbUJExkjXA\" target=\"_blank\" rel=\"noopener noreferrer\"><img loading=\"lazy\" decoding=\"async\" class=\"size-full wp-image-1591 aligncenter\" style=\"width: 128px; height: 72px;\" src=\"http:\/\/mmpol.cat\/home2\/mmpolcat\/wordpress\/wp-content\/uploads\/2016\/05\/2016_raval_geografia.jpg\" alt=\"m\u00e9s fotografies de l'activitat\" width=\"128\" height=\"72\" \/><\/a><em><a href=\"https:\/\/goo.gl\/photos\/bE9RpwWMbUJExkjXA\" target=\"_blank\" rel=\"noopener noreferrer\"><span style=\"color: #333333;\"><span style=\"font-size: xx-small;\"><span style=\"font-size: 12px;\">fotografies <\/span><\/span><\/span><\/a><\/em><\/p>\n<div style=\"text-align: center;\"><span style=\"color: #ff0000;\"><span style=\"font-size: 14px;\">Sortida al Raval, Geografia (2n Batxillerat)<\/span><\/span><\/div>\n<div style=\"text-align: justify;\"><span style=\"color: #333333;\"><span style=\"font-size: xx-small;\"><span style=\"font-size: 12px;\"><span style=\"font-family: Verdana;\"><span style=\"font-size: 11px;\"><span style=\"font-family: verdana,geneva,sans-serif;\">L&#8217;alumnat de Geografia de 2n de Batxillerat va efectuar el dia 16 de mar\u00e7 una sortida pedag\u00f2gica al Raval de Barcelona. Aquesta sortida est\u00e0 relacionada amb el curr\u00edculum de la mat\u00e8ria referent al creixement de les ciutats aix\u00ed com a les diferents funcions i els canvis que s&#8217;han produ\u00eft a la xarxa urbana al llarg del segle XX i segle XXI. La sortida comptava amb monitor del CCCB i l&#8217;alumnat va elaborar un dossier sobre els conceptes treballats al llarg de la visita<\/span><\/span><\/span><\/span><\/span><\/span><\/div>\n","protected":false},"excerpt":{"rendered":"<p>fotografies Sortida al Raval, Geografia (2n Batxillerat) L&#8217;alumnat de Geografia de 2n de Batxillerat va efectuar el dia 16 de mar\u00e7 una sortida pedag\u00f2gica al Raval de Barcelona. Aquesta sortida est\u00e0 relacionada amb el curr\u00edculum de la mat\u00e8ria referent al creixement de les ciutats aix\u00ed com a les diferents funcions i els canvis que s&#8217;han [&hellip;]<\/p>\n","protected":false},"author":1,"featured_media":0,"comment_status":"open","ping_status":"open","sticky":false,"template":"","format":"standard","meta":{"_bbp_topic_count":0,"_bbp_reply_count":0,"_bbp_total_topic_count":0,"_bbp_total_reply_count":0,"_bbp_voice_count":0,"_bbp_anonymous_reply_count":0,"_bbp_topic_count_hidden":0,"_bbp_reply_count_hidden":0,"_bbp_forum_subforum_count":0,"site-sidebar-layout":"default","site-content-layout":"","ast-site-content-layout":"","site-content-style":"default","site-sidebar-style":"default","ast-global-header-display":"","ast-banner-title-visibility":"","ast-main-header-display":"","ast-hfb-above-header-display":"","ast-hfb-below-header-display":"","ast-hfb-mobile-header-display":"","site-post-title":"","ast-breadcrumbs-content":"","ast-featured-img":"","footer-sml-layout":"","theme-transparent-header-meta":"","adv-header-id-meta":"","stick-header-meta":"","header-above-stick-meta":"","header-main-stick-meta":"","header-below-stick-meta":"","astra-migrate-meta-layouts":"default","ast-page-background-enabled":"default","ast-page-background-meta":{"desktop":{"background-color":"var(--ast-global-color-4)","background-image":"","background-repeat":"repeat","background-position":"center center","background-size":"auto","background-attachment":"scroll","background-type":"","background-media":"","overlay-type":"","overlay-color":"","overlay-opacity":"","overlay-gradient":""},"tablet":{"background-color":"","background-image":"","background-repeat":"repeat","background-position":"center center","background-size":"auto","background-attachment":"scroll","background-type":"","background-media":"","overlay-type":"","overlay-color":"","overlay-opacity":"","overlay-gradient":""},"mobile":{"background-color":"","background-image":"","background-repeat":"repeat","background-position":"center center","background-size":"auto","background-attachment":"scroll","background-type":"","background-media":"","overlay-type":"","overlay-color":"","overlay-opacity":"","overlay-gradient":""}},"ast-content-background-meta":{"desktop":{"background-color":"var(--ast-global-color-5)","background-image":"","background-repeat":"repeat","background-position":"center center","background-size":"auto","background-attachment":"scroll","background-type":"","background-media":"","overlay-type":"","overlay-color":"","overlay-opacity":"","overlay-gradient":""},"tablet":{"background-color":"var(--ast-global-color-5)","background-image":"","background-repeat":"repeat","background-position":"center center","background-size":"auto","background-attachment":"scroll","background-type":"","background-media":"","overlay-type":"","overlay-color":"","overlay-opacity":"","overlay-gradient":""},"mobile":{"background-color":"var(--ast-global-color-5)","background-image":"","background-repeat":"repeat","background-position":"center center","background-size":"auto","background-attachment":"scroll","background-type":"","background-media":"","overlay-type":"","overlay-color":"","overlay-opacity":"","overlay-gradient":""}},"footnotes":""},"categories":[347,351],"tags":[],"class_list":["post-1592","post","type-post","status-publish","format-standard","hentry","category-general","category-portada"],"post_mailing_queue_ids":[],"_links":{"self":[{"href":"https:\/\/agora.xtec.cat\/iesmarti-i-pol\/wp-json\/wp\/v2\/posts\/1592","targetHints":{"allow":["GET"]}}],"collection":[{"href":"https:\/\/agora.xtec.cat\/iesmarti-i-pol\/wp-json\/wp\/v2\/posts"}],"about":[{"href":"https:\/\/agora.xtec.cat\/iesmarti-i-pol\/wp-json\/wp\/v2\/types\/post"}],"author":[{"embeddable":true,"href":"https:\/\/agora.xtec.cat\/iesmarti-i-pol\/wp-json\/wp\/v2\/users\/1"}],"replies":[{"embeddable":true,"href":"https:\/\/agora.xtec.cat\/iesmarti-i-pol\/wp-json\/wp\/v2\/comments?post=1592"}],"version-history":[{"count":4,"href":"https:\/\/agora.xtec.cat\/iesmarti-i-pol\/wp-json\/wp\/v2\/posts\/1592\/revisions"}],"predecessor-version":[{"id":18789,"href":"https:\/\/agora.xtec.cat\/iesmarti-i-pol\/wp-json\/wp\/v2\/posts\/1592\/revisions\/18789"}],"wp:attachment":[{"href":"https:\/\/agora.xtec.cat\/iesmarti-i-pol\/wp-json\/wp\/v2\/media?parent=1592"}],"wp:term":[{"taxonomy":"category","embeddable":true,"href":"https:\/\/agora.xtec.cat\/iesmarti-i-pol\/wp-json\/wp\/v2\/categories?post=1592"},{"taxonomy":"post_tag","embeddable":true,"href":"https:\/\/agora.xtec.cat\/iesmarti-i-pol\/wp-json\/wp\/v2\/tags?post=1592"}],"curies":[{"name":"wp","href":"https:\/\/api.w.org\/{rel}","templated":true}]}}