{"id":15768,"date":"2020-04-15T00:21:49","date_gmt":"2020-04-14T22:21:49","guid":{"rendered":"http:\/\/agora.xtec.cat\/iesmarti-i-pol\/?p=15768"},"modified":"2021-03-05T19:34:34","modified_gmt":"2021-03-05T18:34:34","slug":"premi","status":"publish","type":"post","link":"https:\/\/agora.xtec.cat\/iesmarti-i-pol\/batxibac\/premi\/","title":{"rendered":"PREMI! Premis de la Mostra dels Treballs de Recerca de la ciutat de Cornell\u00e0"},"content":{"rendered":"<p>Volem felicitar les alumnes de 2n de Batxillerat l&#8217;Alba i la J\u00falia que han guanyat dos dels premis de la Mostra de Treballs de Recerca de Cornell\u00e0.<\/p>\n<p>La J\u00falia ha guanyat el <strong>2n premi de la categoria de l&#8217;\u00e0mbit de socials, art i humanitats <\/strong>amb el seu treball: <em><strong>La femme comme miroir de la soci\u00e9t\u00e9 \u00e0 Yvain de Chr\u00e9tien de Troyes et \u00e0 la s\u00e9rie The Big Bang Theory<\/strong><\/em><\/p>\n<p>Aquest treball explica la condici\u00f3 de la dona a l&#8217;Edat Mitjana i al segle XXI mitjan\u00e7ant la novel.la<em> Le chevalier au lion<\/em> ilas\u00e8rie <em>The Big Bang Theory<\/em> amb la finalitat d&#8217;analitzar quins prototipus de dones han perviscut de l&#8217;Edat Mitjana fins a la nostra \u00e8poca. S&#8217;ha realitzat un estudi hist\u00f2ric de la dona del s.XII i dels personatges femenins de <em>The Big Bang Theory.<\/em><a href=\"https:\/\/agora.xtec.cat\/iesmarti-i-pol\/wp-content\/uploads\/usu1292\/2020\/04\/Le-r\u00f4le-de-la-femme-1_page-0001.jpg\"><br \/>\n<\/a><a href=\"https:\/\/agora.xtec.cat\/iesmarti-i-pol\/wp-content\/uploads\/usu1292\/2020\/04\/Le-r\u00f4le-de-la-femme-1_page-0001.jpg\"><img loading=\"lazy\" decoding=\"async\" class=\"wp-image-15767 alignnone\" src=\"https:\/\/agora.xtec.cat\/iesmarti-i-pol\/wp-content\/uploads\/usu1292\/2020\/04\/Le-r\u00f4le-de-la-femme-1_page-0001-725x1024.jpg\" alt=\"\" width=\"461\" height=\"652\" srcset=\"https:\/\/agora.xtec.cat\/iesmarti-i-pol\/wp-content\/uploads\/usu1292\/2020\/04\/Le-r\u00f4le-de-la-femme-1_page-0001-725x1024.jpg 725w, https:\/\/agora.xtec.cat\/iesmarti-i-pol\/wp-content\/uploads\/usu1292\/2020\/04\/Le-r\u00f4le-de-la-femme-1_page-0001-212x300.jpg 212w, https:\/\/agora.xtec.cat\/iesmarti-i-pol\/wp-content\/uploads\/usu1292\/2020\/04\/Le-r\u00f4le-de-la-femme-1_page-0001-768x1085.jpg 768w, https:\/\/agora.xtec.cat\/iesmarti-i-pol\/wp-content\/uploads\/usu1292\/2020\/04\/Le-r\u00f4le-de-la-femme-1_page-0001.jpg 1241w\" sizes=\"auto, (max-width: 461px) 100vw, 461px\" \/><\/a><\/p>\n<p>L&#8217;Alba ha guanyat el 2n premi de la Mostra en la categoria de treballs cient\u00edfic-tecnol\u00f2gics. El treball de l&#8217;Alba <span style=\"font-family: inherit; font-size: 1em;\">&#8220;<\/span><strong style=\"font-family: inherit; font-size: 1em;\">Percepci\u00f3 de diferents actors socials sobre les aplicacions i implicacions de la tecnologia molecular en humans&#8221; <\/strong><span style=\"font-family: inherit; font-size: 1em;\">tenia com a objectiu con\u00e8ixer la percepci\u00f3 de diferents actors socials sobre les aplicacions i implicacions de l\u2019\u00fas de la tecnologia molecular en humans. Tamb\u00e9 volem felicitar l&#8217;Helena, La Laura i la Berta que tot i no obtenir premi han fet una gran tasca de recerca!<\/span><\/p>\n<p><a href=\"https:\/\/agora.xtec.cat\/iesmarti-i-pol\/wp-content\/uploads\/usu1292\/2020\/04\/C\u00f2pia-de-TDR.Alba-Fernandez-Sanroma.tecnologia-molecular-1_cropped_page-0001.jpg\"><img loading=\"lazy\" decoding=\"async\" class=\"wp-image-15766 alignleft\" src=\"https:\/\/agora.xtec.cat\/iesmarti-i-pol\/wp-content\/uploads\/usu1292\/2020\/04\/C\u00f2pia-de-TDR.Alba-Fernandez-Sanroma.tecnologia-molecular-1_cropped_page-0001-1024x998.jpg\" alt=\"\" width=\"413\" height=\"403\" srcset=\"https:\/\/agora.xtec.cat\/iesmarti-i-pol\/wp-content\/uploads\/usu1292\/2020\/04\/C\u00f2pia-de-TDR.Alba-Fernandez-Sanroma.tecnologia-molecular-1_cropped_page-0001-1024x998.jpg 1024w, https:\/\/agora.xtec.cat\/iesmarti-i-pol\/wp-content\/uploads\/usu1292\/2020\/04\/C\u00f2pia-de-TDR.Alba-Fernandez-Sanroma.tecnologia-molecular-1_cropped_page-0001-300x293.jpg 300w, https:\/\/agora.xtec.cat\/iesmarti-i-pol\/wp-content\/uploads\/usu1292\/2020\/04\/C\u00f2pia-de-TDR.Alba-Fernandez-Sanroma.tecnologia-molecular-1_cropped_page-0001-768x749.jpg 768w, https:\/\/agora.xtec.cat\/iesmarti-i-pol\/wp-content\/uploads\/usu1292\/2020\/04\/C\u00f2pia-de-TDR.Alba-Fernandez-Sanroma.tecnologia-molecular-1_cropped_page-0001.jpg 1240w\" sizes=\"auto, (max-width: 413px) 100vw, 413px\" \/><\/a><\/p>\n<p>&nbsp;<\/p>\n<p>&nbsp;<\/p>\n<p>&nbsp;<\/p>\n<p>&nbsp;<\/p>\n<p>&nbsp;<\/p>\n","protected":false},"excerpt":{"rendered":"<p>Volem felicitar les alumnes de 2n de Batxillerat l&#8217;Alba i la J\u00falia que han guanyat dos dels premis de la Mostra de Treballs de Recerca de Cornell\u00e0. La J\u00falia ha guanyat el 2n premi de la categoria de l&#8217;\u00e0mbit de socials, art i humanitats amb el seu treball: La femme comme miroir de la soci\u00e9t\u00e9 [&hellip;]<\/p>\n","protected":false},"author":1,"featured_media":0,"comment_status":"open","ping_status":"closed","sticky":false,"template":"","format":"standard","meta":{"_bbp_topic_count":0,"_bbp_reply_count":0,"_bbp_total_topic_count":0,"_bbp_total_reply_count":0,"_bbp_voice_count":0,"_bbp_anonymous_reply_count":0,"_bbp_topic_count_hidden":0,"_bbp_reply_count_hidden":0,"_bbp_forum_subforum_count":0,"site-sidebar-layout":"default","site-content-layout":"","ast-site-content-layout":"","site-content-style":"default","site-sidebar-style":"default","ast-global-header-display":"","ast-banner-title-visibility":"","ast-main-header-display":"","ast-hfb-above-header-display":"","ast-hfb-below-header-display":"","ast-hfb-mobile-header-display":"","site-post-title":"","ast-breadcrumbs-content":"","ast-featured-img":"","footer-sml-layout":"","theme-transparent-header-meta":"","adv-header-id-meta":"","stick-header-meta":"","header-above-stick-meta":"","header-main-stick-meta":"","header-below-stick-meta":"","astra-migrate-meta-layouts":"default","ast-page-background-enabled":"default","ast-page-background-meta":{"desktop":{"background-color":"var(--ast-global-color-4)","background-image":"","background-repeat":"repeat","background-position":"center center","background-size":"auto","background-attachment":"scroll","background-type":"","background-media":"","overlay-type":"","overlay-color":"","overlay-opacity":"","overlay-gradient":""},"tablet":{"background-color":"","background-image":"","background-repeat":"repeat","background-position":"center center","background-size":"auto","background-attachment":"scroll","background-type":"","background-media":"","overlay-type":"","overlay-color":"","overlay-opacity":"","overlay-gradient":""},"mobile":{"background-color":"","background-image":"","background-repeat":"repeat","background-position":"center center","background-size":"auto","background-attachment":"scroll","background-type":"","background-media":"","overlay-type":"","overlay-color":"","overlay-opacity":"","overlay-gradient":""}},"ast-content-background-meta":{"desktop":{"background-color":"var(--ast-global-color-5)","background-image":"","background-repeat":"repeat","background-position":"center center","background-size":"auto","background-attachment":"scroll","background-type":"","background-media":"","overlay-type":"","overlay-color":"","overlay-opacity":"","overlay-gradient":""},"tablet":{"background-color":"var(--ast-global-color-5)","background-image":"","background-repeat":"repeat","background-position":"center center","background-size":"auto","background-attachment":"scroll","background-type":"","background-media":"","overlay-type":"","overlay-color":"","overlay-opacity":"","overlay-gradient":""},"mobile":{"background-color":"var(--ast-global-color-5)","background-image":"","background-repeat":"repeat","background-position":"center center","background-size":"auto","background-attachment":"scroll","background-type":"","background-media":"","overlay-type":"","overlay-color":"","overlay-opacity":"","overlay-gradient":""}},"footnotes":""},"categories":[943,314,607,351,647],"tags":[],"class_list":["post-15768","post","type-post","status-publish","format-standard","hentry","category-activitats-del-curs-2019-2020","category-batxibac","category-batxillerat-ca","category-portada","category-treball-de-recerca"],"post_mailing_queue_ids":[],"_links":{"self":[{"href":"https:\/\/agora.xtec.cat\/iesmarti-i-pol\/wp-json\/wp\/v2\/posts\/15768","targetHints":{"allow":["GET"]}}],"collection":[{"href":"https:\/\/agora.xtec.cat\/iesmarti-i-pol\/wp-json\/wp\/v2\/posts"}],"about":[{"href":"https:\/\/agora.xtec.cat\/iesmarti-i-pol\/wp-json\/wp\/v2\/types\/post"}],"author":[{"embeddable":true,"href":"https:\/\/agora.xtec.cat\/iesmarti-i-pol\/wp-json\/wp\/v2\/users\/1"}],"replies":[{"embeddable":true,"href":"https:\/\/agora.xtec.cat\/iesmarti-i-pol\/wp-json\/wp\/v2\/comments?post=15768"}],"version-history":[{"count":3,"href":"https:\/\/agora.xtec.cat\/iesmarti-i-pol\/wp-json\/wp\/v2\/posts\/15768\/revisions"}],"predecessor-version":[{"id":15772,"href":"https:\/\/agora.xtec.cat\/iesmarti-i-pol\/wp-json\/wp\/v2\/posts\/15768\/revisions\/15772"}],"wp:attachment":[{"href":"https:\/\/agora.xtec.cat\/iesmarti-i-pol\/wp-json\/wp\/v2\/media?parent=15768"}],"wp:term":[{"taxonomy":"category","embeddable":true,"href":"https:\/\/agora.xtec.cat\/iesmarti-i-pol\/wp-json\/wp\/v2\/categories?post=15768"},{"taxonomy":"post_tag","embeddable":true,"href":"https:\/\/agora.xtec.cat\/iesmarti-i-pol\/wp-json\/wp\/v2\/tags?post=15768"}],"curies":[{"name":"wp","href":"https:\/\/api.w.org\/{rel}","templated":true}]}}