{"id":15345,"date":"2020-02-23T19:00:26","date_gmt":"2020-02-23T18:00:26","guid":{"rendered":"http:\/\/agora.xtec.cat\/iesmarti-i-pol\/?p=15345"},"modified":"2021-03-05T19:34:40","modified_gmt":"2021-03-05T18:34:40","slug":"revista-5","status":"publish","type":"post","link":"https:\/\/agora.xtec.cat\/iesmarti-i-pol\/portada\/revista-5\/","title":{"rendered":"Revista 5"},"content":{"rendered":"<p>L&#8217;alumnat de 3r d&#8217;ESO torna a editar la revista Pol. Ja hem editat dos n\u00fameros i estem a l&#8217;espera de sortir en breu els dos propers. L&#8217;edici\u00f3 de la revista forma part dels projectes HAS d&#8217;\u00e0mbit ling\u00fc\u00edstic de 3r d&#8217;ESO. La nostra revista t\u00e9 tres seccions diferents: not\u00edcies, entreteniment i reportatges relacionats amb la salut. Durant el projecte, l&#8217;alumnat apr\u00e8n de forma activa i pr\u00e0ctica els mitjans de comunicaci\u00f3 i escriu tota mena de not\u00edcies, entrevistes i reportatges.<\/p>\n<p>Esperem que us agradi molt! Us deixem amb l&#8217;\u00faltim n\u00famero publicat.<\/p>\n<p><a href=\"https:\/\/en.calameo.com\/read\/00319119545445d78a010\"><img loading=\"lazy\" decoding=\"async\" class=\" wp-image-15346 aligncenter\" src=\"https:\/\/agora.xtec.cat\/iesmarti-i-pol\/wp-content\/uploads\/usu1292\/2020\/02\/Revista-Pol-la-revista-que-tu-vols-2-724x1024.jpg\" alt=\"\" width=\"384\" height=\"543\" srcset=\"https:\/\/agora.xtec.cat\/iesmarti-i-pol\/wp-content\/uploads\/usu1292\/2020\/02\/Revista-Pol-la-revista-que-tu-vols-2-724x1024.jpg 724w, https:\/\/agora.xtec.cat\/iesmarti-i-pol\/wp-content\/uploads\/usu1292\/2020\/02\/Revista-Pol-la-revista-que-tu-vols-2-212x300.jpg 212w, https:\/\/agora.xtec.cat\/iesmarti-i-pol\/wp-content\/uploads\/usu1292\/2020\/02\/Revista-Pol-la-revista-que-tu-vols-2-768x1086.jpg 768w, https:\/\/agora.xtec.cat\/iesmarti-i-pol\/wp-content\/uploads\/usu1292\/2020\/02\/Revista-Pol-la-revista-que-tu-vols-2.jpg 1414w\" sizes=\"auto, (max-width: 384px) 100vw, 384px\" \/><\/a><\/p>\n","protected":false},"excerpt":{"rendered":"<p>L&#8217;alumnat de 3r d&#8217;ESO torna a editar la revista Pol. Ja hem editat dos n\u00fameros i estem a l&#8217;espera de sortir en breu els dos propers. L&#8217;edici\u00f3 de la revista forma part dels projectes HAS d&#8217;\u00e0mbit ling\u00fc\u00edstic de 3r d&#8217;ESO. La nostra revista t\u00e9 tres seccions diferents: not\u00edcies, entreteniment i reportatges relacionats amb la salut. [&hellip;]<\/p>\n","protected":false},"author":20,"featured_media":15346,"comment_status":"open","ping_status":"closed","sticky":false,"template":"","format":"standard","meta":{"_bbp_topic_count":0,"_bbp_reply_count":0,"_bbp_total_topic_count":0,"_bbp_total_reply_count":0,"_bbp_voice_count":0,"_bbp_anonymous_reply_count":0,"_bbp_topic_count_hidden":0,"_bbp_reply_count_hidden":0,"_bbp_forum_subforum_count":0,"site-sidebar-layout":"default","site-content-layout":"","ast-site-content-layout":"","site-content-style":"default","site-sidebar-style":"default","ast-global-header-display":"","ast-banner-title-visibility":"","ast-main-header-display":"","ast-hfb-above-header-display":"","ast-hfb-below-header-display":"","ast-hfb-mobile-header-display":"","site-post-title":"","ast-breadcrumbs-content":"","ast-featured-img":"","footer-sml-layout":"","theme-transparent-header-meta":"","adv-header-id-meta":"","stick-header-meta":"","header-above-stick-meta":"","header-main-stick-meta":"","header-below-stick-meta":"","astra-migrate-meta-layouts":"default","ast-page-background-enabled":"default","ast-page-background-meta":{"desktop":{"background-color":"var(--ast-global-color-4)","background-image":"","background-repeat":"repeat","background-position":"center center","background-size":"auto","background-attachment":"scroll","background-type":"","background-media":"","overlay-type":"","overlay-color":"","overlay-opacity":"","overlay-gradient":""},"tablet":{"background-color":"","background-image":"","background-repeat":"repeat","background-position":"center center","background-size":"auto","background-attachment":"scroll","background-type":"","background-media":"","overlay-type":"","overlay-color":"","overlay-opacity":"","overlay-gradient":""},"mobile":{"background-color":"","background-image":"","background-repeat":"repeat","background-position":"center center","background-size":"auto","background-attachment":"scroll","background-type":"","background-media":"","overlay-type":"","overlay-color":"","overlay-opacity":"","overlay-gradient":""}},"ast-content-background-meta":{"desktop":{"background-color":"var(--ast-global-color-5)","background-image":"","background-repeat":"repeat","background-position":"center center","background-size":"auto","background-attachment":"scroll","background-type":"","background-media":"","overlay-type":"","overlay-color":"","overlay-opacity":"","overlay-gradient":""},"tablet":{"background-color":"var(--ast-global-color-5)","background-image":"","background-repeat":"repeat","background-position":"center center","background-size":"auto","background-attachment":"scroll","background-type":"","background-media":"","overlay-type":"","overlay-color":"","overlay-opacity":"","overlay-gradient":""},"mobile":{"background-color":"var(--ast-global-color-5)","background-image":"","background-repeat":"repeat","background-position":"center center","background-size":"auto","background-attachment":"scroll","background-type":"","background-media":"","overlay-type":"","overlay-color":"","overlay-opacity":"","overlay-gradient":""}},"footnotes":""},"categories":[943,597,351],"tags":[599],"class_list":["post-15345","post","type-post","status-publish","format-standard","has-post-thumbnail","hentry","category-activitats-del-curs-2019-2020","category-eso-3-ca","category-portada","tag-revista-ca"],"post_mailing_queue_ids":[],"_links":{"self":[{"href":"https:\/\/agora.xtec.cat\/iesmarti-i-pol\/wp-json\/wp\/v2\/posts\/15345","targetHints":{"allow":["GET"]}}],"collection":[{"href":"https:\/\/agora.xtec.cat\/iesmarti-i-pol\/wp-json\/wp\/v2\/posts"}],"about":[{"href":"https:\/\/agora.xtec.cat\/iesmarti-i-pol\/wp-json\/wp\/v2\/types\/post"}],"author":[{"embeddable":true,"href":"https:\/\/agora.xtec.cat\/iesmarti-i-pol\/wp-json\/wp\/v2\/users\/20"}],"replies":[{"embeddable":true,"href":"https:\/\/agora.xtec.cat\/iesmarti-i-pol\/wp-json\/wp\/v2\/comments?post=15345"}],"version-history":[{"count":1,"href":"https:\/\/agora.xtec.cat\/iesmarti-i-pol\/wp-json\/wp\/v2\/posts\/15345\/revisions"}],"predecessor-version":[{"id":15347,"href":"https:\/\/agora.xtec.cat\/iesmarti-i-pol\/wp-json\/wp\/v2\/posts\/15345\/revisions\/15347"}],"wp:featuredmedia":[{"embeddable":true,"href":"https:\/\/agora.xtec.cat\/iesmarti-i-pol\/wp-json\/wp\/v2\/media\/15346"}],"wp:attachment":[{"href":"https:\/\/agora.xtec.cat\/iesmarti-i-pol\/wp-json\/wp\/v2\/media?parent=15345"}],"wp:term":[{"taxonomy":"category","embeddable":true,"href":"https:\/\/agora.xtec.cat\/iesmarti-i-pol\/wp-json\/wp\/v2\/categories?post=15345"},{"taxonomy":"post_tag","embeddable":true,"href":"https:\/\/agora.xtec.cat\/iesmarti-i-pol\/wp-json\/wp\/v2\/tags?post=15345"}],"curies":[{"name":"wp","href":"https:\/\/api.w.org\/{rel}","templated":true}]}}