{"id":14873,"date":"2020-01-21T11:32:41","date_gmt":"2020-01-21T10:32:41","guid":{"rendered":"http:\/\/agora.xtec.cat\/iesmarti-i-pol\/?p=14873"},"modified":"2021-03-05T19:35:25","modified_gmt":"2021-03-05T18:35:25","slug":"concert-dhivern-2019","status":"publish","type":"post","link":"https:\/\/agora.xtec.cat\/iesmarti-i-pol\/general\/concert-dhivern-2019\/","title":{"rendered":"Concert d&#8217;hivern 2019"},"content":{"rendered":"<p>L\u2019alumnat de 1r d\u2019ESO va organitzar un concert de guitarra per celebrar l\u2019arribada de l\u2019hivern i per recaptar fons, a trav\u00e9s del sistema de taquilla inversa, per a la Marat\u00f3 de TV3, que aquest any anava dedicada a les malalties minorit\u00e0ries.<\/p>\n<p>&nbsp;<\/p>\n<p>El grup de 1A va tocar <i>Se\u00f1orita<\/i>, de Shawn Mendes; 1B va tocar <i>The Lazy Song<\/i>, de Bruno Mars; 1C va fer <i>I\u2019m Yours<\/i>, de Jason Mraz; 1D va interpretar <i>Perfect<\/i>, d\u2019Ed Sheeran i, finalment, 1E va tocar <i>What About Us?<\/i>, de la cantant P\u00a1nk.<\/p>\n<div style=\"width: 960px;\" class=\"wp-video\"><!--[if lt IE 9]><script>document.createElement('video');<\/script><![endif]-->\n<video class=\"wp-video-shortcode\" id=\"video-14873-1\" width=\"960\" height=\"540\" preload=\"metadata\" controls=\"controls\"><source type=\"video\/mp4\" src=\"https:\/\/agora.xtec.cat\/iesmarti-i-pol\/wp-content\/uploads\/usu1292\/2020\/01\/Concert-dhivern_def-2019-3.mp4-3.mp4?_=1\" \/><a href=\"https:\/\/agora.xtec.cat\/iesmarti-i-pol\/wp-content\/uploads\/usu1292\/2020\/01\/Concert-dhivern_def-2019-3.mp4-3.mp4\">https:\/\/agora.xtec.cat\/iesmarti-i-pol\/wp-content\/uploads\/usu1292\/2020\/01\/Concert-dhivern_def-2019-3.mp4-3.mp4<\/a><\/video><\/div>\n<p>El concert fou tot un \u00e8xit i es va fer una donaci\u00f3 a la Marat\u00f3 de 366,33\u20ac!!<\/p>\n","protected":false},"excerpt":{"rendered":"<p>L\u2019alumnat de 1r d\u2019ESO va organitzar un concert de guitarra per celebrar l\u2019arribada de l\u2019hivern i per recaptar fons, a trav\u00e9s del sistema de taquilla inversa, per a la Marat\u00f3 de TV3, que aquest any anava dedicada a les malalties minorit\u00e0ries. &nbsp; El grup de 1A va tocar Se\u00f1orita, de Shawn Mendes; 1B va tocar [&hellip;]<\/p>\n","protected":false},"author":1,"featured_media":0,"comment_status":"open","ping_status":"closed","sticky":false,"template":"","format":"standard","meta":{"_bbp_topic_count":0,"_bbp_reply_count":0,"_bbp_total_topic_count":0,"_bbp_total_reply_count":0,"_bbp_voice_count":0,"_bbp_anonymous_reply_count":0,"_bbp_topic_count_hidden":0,"_bbp_reply_count_hidden":0,"_bbp_forum_subforum_count":0,"site-sidebar-layout":"default","site-content-layout":"","ast-site-content-layout":"","site-content-style":"default","site-sidebar-style":"default","ast-global-header-display":"","ast-banner-title-visibility":"","ast-main-header-display":"","ast-hfb-above-header-display":"","ast-hfb-below-header-display":"","ast-hfb-mobile-header-display":"","site-post-title":"","ast-breadcrumbs-content":"","ast-featured-img":"","footer-sml-layout":"","theme-transparent-header-meta":"","adv-header-id-meta":"","stick-header-meta":"","header-above-stick-meta":"","header-main-stick-meta":"","header-below-stick-meta":"","astra-migrate-meta-layouts":"default","ast-page-background-enabled":"default","ast-page-background-meta":{"desktop":{"background-color":"var(--ast-global-color-4)","background-image":"","background-repeat":"repeat","background-position":"center center","background-size":"auto","background-attachment":"scroll","background-type":"","background-media":"","overlay-type":"","overlay-color":"","overlay-opacity":"","overlay-gradient":""},"tablet":{"background-color":"","background-image":"","background-repeat":"repeat","background-position":"center center","background-size":"auto","background-attachment":"scroll","background-type":"","background-media":"","overlay-type":"","overlay-color":"","overlay-opacity":"","overlay-gradient":""},"mobile":{"background-color":"","background-image":"","background-repeat":"repeat","background-position":"center center","background-size":"auto","background-attachment":"scroll","background-type":"","background-media":"","overlay-type":"","overlay-color":"","overlay-opacity":"","overlay-gradient":""}},"ast-content-background-meta":{"desktop":{"background-color":"var(--ast-global-color-5)","background-image":"","background-repeat":"repeat","background-position":"center center","background-size":"auto","background-attachment":"scroll","background-type":"","background-media":"","overlay-type":"","overlay-color":"","overlay-opacity":"","overlay-gradient":""},"tablet":{"background-color":"var(--ast-global-color-5)","background-image":"","background-repeat":"repeat","background-position":"center center","background-size":"auto","background-attachment":"scroll","background-type":"","background-media":"","overlay-type":"","overlay-color":"","overlay-opacity":"","overlay-gradient":""},"mobile":{"background-color":"var(--ast-global-color-5)","background-image":"","background-repeat":"repeat","background-position":"center center","background-size":"auto","background-attachment":"scroll","background-type":"","background-media":"","overlay-type":"","overlay-color":"","overlay-opacity":"","overlay-gradient":""}},"footnotes":""},"categories":[943,621,347,351],"tags":[],"class_list":["post-14873","post","type-post","status-publish","format-standard","hentry","category-activitats-del-curs-2019-2020","category-eso-1-ca","category-general","category-portada"],"post_mailing_queue_ids":[],"_links":{"self":[{"href":"https:\/\/agora.xtec.cat\/iesmarti-i-pol\/wp-json\/wp\/v2\/posts\/14873","targetHints":{"allow":["GET"]}}],"collection":[{"href":"https:\/\/agora.xtec.cat\/iesmarti-i-pol\/wp-json\/wp\/v2\/posts"}],"about":[{"href":"https:\/\/agora.xtec.cat\/iesmarti-i-pol\/wp-json\/wp\/v2\/types\/post"}],"author":[{"embeddable":true,"href":"https:\/\/agora.xtec.cat\/iesmarti-i-pol\/wp-json\/wp\/v2\/users\/1"}],"replies":[{"embeddable":true,"href":"https:\/\/agora.xtec.cat\/iesmarti-i-pol\/wp-json\/wp\/v2\/comments?post=14873"}],"version-history":[{"count":1,"href":"https:\/\/agora.xtec.cat\/iesmarti-i-pol\/wp-json\/wp\/v2\/posts\/14873\/revisions"}],"predecessor-version":[{"id":14874,"href":"https:\/\/agora.xtec.cat\/iesmarti-i-pol\/wp-json\/wp\/v2\/posts\/14873\/revisions\/14874"}],"wp:attachment":[{"href":"https:\/\/agora.xtec.cat\/iesmarti-i-pol\/wp-json\/wp\/v2\/media?parent=14873"}],"wp:term":[{"taxonomy":"category","embeddable":true,"href":"https:\/\/agora.xtec.cat\/iesmarti-i-pol\/wp-json\/wp\/v2\/categories?post=14873"},{"taxonomy":"post_tag","embeddable":true,"href":"https:\/\/agora.xtec.cat\/iesmarti-i-pol\/wp-json\/wp\/v2\/tags?post=14873"}],"curies":[{"name":"wp","href":"https:\/\/api.w.org\/{rel}","templated":true}]}}