{"id":14239,"date":"2019-11-09T08:14:43","date_gmt":"2019-11-09T07:14:43","guid":{"rendered":"http:\/\/agora.xtec.cat\/iesmarti-i-pol\/?p=14239"},"modified":"2021-03-05T19:35:29","modified_gmt":"2021-03-05T18:35:29","slug":"iiia-setmana-de-la-ciencia-a-linstitut","status":"publish","type":"post","link":"https:\/\/agora.xtec.cat\/iesmarti-i-pol\/portada\/iiia-setmana-de-la-ciencia-a-linstitut\/","title":{"rendered":"IIIa Setmana de la Ci\u00e8ncia a l&#8217;institut"},"content":{"rendered":"<p><a href=\"https:\/\/agora.xtec.cat\/iesmarti-i-pol\/wp-content\/uploads\/usu1292\/2019\/11\/III-SETMANA-DE-LA-CI\u00c8NCIA.jpg\"><img loading=\"lazy\" decoding=\"async\" class=\"alignnone size-large wp-image-14237\" src=\"https:\/\/agora.xtec.cat\/iesmarti-i-pol\/wp-content\/uploads\/usu1292\/2019\/11\/III-SETMANA-DE-LA-CI\u00c8NCIA-1024x727.jpg\" alt=\"\" width=\"1024\" height=\"727\" srcset=\"https:\/\/agora.xtec.cat\/iesmarti-i-pol\/wp-content\/uploads\/usu1292\/2019\/11\/III-SETMANA-DE-LA-CI\u00c8NCIA-1024x727.jpg 1024w, https:\/\/agora.xtec.cat\/iesmarti-i-pol\/wp-content\/uploads\/usu1292\/2019\/11\/III-SETMANA-DE-LA-CI\u00c8NCIA-300x213.jpg 300w, https:\/\/agora.xtec.cat\/iesmarti-i-pol\/wp-content\/uploads\/usu1292\/2019\/11\/III-SETMANA-DE-LA-CI\u00c8NCIA-768x545.jpg 768w, https:\/\/agora.xtec.cat\/iesmarti-i-pol\/wp-content\/uploads\/usu1292\/2019\/11\/III-SETMANA-DE-LA-CI\u00c8NCIA.jpg 1747w\" sizes=\"auto, (max-width: 1024px) 100vw, 1024px\" \/><\/a><\/p>\n<p>La propera setmana, celebrarem a l&#8217;institut la Setmana de la Ci\u00e8ncia. Ja fa dies que un bon grup dels vostres fills i filles estan preparant el projecte que ens presentaran el divendres 15, <strong>dia de la Ci\u00e8ncia i els cient\u00edfics<\/strong>, a la nostra Fira Cient\u00edfica. Al llarg de tot el mat\u00ed, els diferents grups d&#8217;ESO i batxillerat es passejaran per les taules on s&#8217;aniran presentant tot un seguit d&#8217;experiments.<\/p>\n<p>Per altra banda, hi haur\u00e0 exposicions al vest\u00edbul de les millors maquetes i treballs dels diferents grups de les mat\u00e8ries de Projectes de segon, tercer i quart d&#8217;ESO.<\/p>\n<p>En les hores de lectura de primer a tercer es resoldran enigmes i es llegiran i escriuran contes cient\u00edfics.<\/p>\n<p>Gaudirem tamb\u00e9 de xerrades i sortides. Dilluns ens visitaran els ponents de la Marat\u00f3 de TV3 que es dirigiran als\/les nostres estudiants de tercer d&#8217;ESO i de primer de batxillerat. Respecte a les sortides, tindrem una sortida volunt\u00e0ria per l&#8217;alumnat de la modalitat cient\u00edfica a l&#8217;Institut Qu\u00edmic de Sarri\u00e0 i els\/les de segon de Biologia passaran el mat\u00ed de dimecres descobrint diferents aspectes de la ci\u00e8ncia a l&#8217;IDIBAPS de Barcelona.<\/p>\n<p>Durant la setmana, anirem construint el nostre CALENDARI CIENT\u00cdFIC 2020 que s&#8217;est\u00e0 fent a partir de la col\u00b7laboraci\u00f3 de moltes persones del centre. Quedar\u00e0 exposat al vest\u00edbul del centre.<\/p>\n<p>Per si \u00e9s del vostre inter\u00e8s, us passem l&#8217;enlla\u00e7 de les activitats que es proposen per aquests dies arreu de Catalunya.<\/p>\n<p><a href=\"https:\/\/setmanaciencia.fundaciorecerca.cat\/frontend\/activitats.asp\" target=\"_blank\" rel=\"noopener noreferrer\" data-saferedirecturl=\"https:\/\/www.google.com\/url?q=https:\/\/setmanaciencia.fundaciorecerca.cat\/frontend\/activitats.asp&amp;source=gmail&amp;ust=1573369646878000&amp;usg=AFQjCNH8pF_lwvM8nYX2x0CBUhKi4MhsRQ\">https:\/\/setmanaciencia.<wbr \/>fundaciorecerca.cat\/frontend\/<wbr \/>activitats.asp<\/a><\/p>\n<p>Rebeu les salutacions de l&#8217;equip STEAM de l&#8217;institut<\/p>\n","protected":false},"excerpt":{"rendered":"<p>La propera setmana, celebrarem a l&#8217;institut la Setmana de la Ci\u00e8ncia. Ja fa dies que un bon grup dels vostres fills i filles estan preparant el projecte que ens presentaran el divendres 15, dia de la Ci\u00e8ncia i els cient\u00edfics, a la nostra Fira Cient\u00edfica. Al llarg de tot el mat\u00ed, els diferents grups d&#8217;ESO [&hellip;]<\/p>\n","protected":false},"author":1,"featured_media":9560,"comment_status":"open","ping_status":"closed","sticky":false,"template":"","format":"standard","meta":{"_bbp_topic_count":0,"_bbp_reply_count":0,"_bbp_total_topic_count":0,"_bbp_total_reply_count":0,"_bbp_voice_count":0,"_bbp_anonymous_reply_count":0,"_bbp_topic_count_hidden":0,"_bbp_reply_count_hidden":0,"_bbp_forum_subforum_count":0,"site-sidebar-layout":"default","site-content-layout":"","ast-site-content-layout":"","site-content-style":"default","site-sidebar-style":"default","ast-global-header-display":"","ast-banner-title-visibility":"","ast-main-header-display":"","ast-hfb-above-header-display":"","ast-hfb-below-header-display":"","ast-hfb-mobile-header-display":"","site-post-title":"","ast-breadcrumbs-content":"","ast-featured-img":"","footer-sml-layout":"","theme-transparent-header-meta":"","adv-header-id-meta":"","stick-header-meta":"","header-above-stick-meta":"","header-main-stick-meta":"","header-below-stick-meta":"","astra-migrate-meta-layouts":"default","ast-page-background-enabled":"default","ast-page-background-meta":{"desktop":{"background-color":"var(--ast-global-color-4)","background-image":"","background-repeat":"repeat","background-position":"center center","background-size":"auto","background-attachment":"scroll","background-type":"","background-media":"","overlay-type":"","overlay-color":"","overlay-opacity":"","overlay-gradient":""},"tablet":{"background-color":"","background-image":"","background-repeat":"repeat","background-position":"center center","background-size":"auto","background-attachment":"scroll","background-type":"","background-media":"","overlay-type":"","overlay-color":"","overlay-opacity":"","overlay-gradient":""},"mobile":{"background-color":"","background-image":"","background-repeat":"repeat","background-position":"center center","background-size":"auto","background-attachment":"scroll","background-type":"","background-media":"","overlay-type":"","overlay-color":"","overlay-opacity":"","overlay-gradient":""}},"ast-content-background-meta":{"desktop":{"background-color":"var(--ast-global-color-5)","background-image":"","background-repeat":"repeat","background-position":"center center","background-size":"auto","background-attachment":"scroll","background-type":"","background-media":"","overlay-type":"","overlay-color":"","overlay-opacity":"","overlay-gradient":""},"tablet":{"background-color":"var(--ast-global-color-5)","background-image":"","background-repeat":"repeat","background-position":"center center","background-size":"auto","background-attachment":"scroll","background-type":"","background-media":"","overlay-type":"","overlay-color":"","overlay-opacity":"","overlay-gradient":""},"mobile":{"background-color":"var(--ast-global-color-5)","background-image":"","background-repeat":"repeat","background-position":"center center","background-size":"auto","background-attachment":"scroll","background-type":"","background-media":"","overlay-type":"","overlay-color":"","overlay-opacity":"","overlay-gradient":""}},"footnotes":""},"categories":[943,351],"tags":[],"class_list":["post-14239","post","type-post","status-publish","format-standard","has-post-thumbnail","hentry","category-activitats-del-curs-2019-2020","category-portada"],"post_mailing_queue_ids":[],"_links":{"self":[{"href":"https:\/\/agora.xtec.cat\/iesmarti-i-pol\/wp-json\/wp\/v2\/posts\/14239","targetHints":{"allow":["GET"]}}],"collection":[{"href":"https:\/\/agora.xtec.cat\/iesmarti-i-pol\/wp-json\/wp\/v2\/posts"}],"about":[{"href":"https:\/\/agora.xtec.cat\/iesmarti-i-pol\/wp-json\/wp\/v2\/types\/post"}],"author":[{"embeddable":true,"href":"https:\/\/agora.xtec.cat\/iesmarti-i-pol\/wp-json\/wp\/v2\/users\/1"}],"replies":[{"embeddable":true,"href":"https:\/\/agora.xtec.cat\/iesmarti-i-pol\/wp-json\/wp\/v2\/comments?post=14239"}],"version-history":[{"count":1,"href":"https:\/\/agora.xtec.cat\/iesmarti-i-pol\/wp-json\/wp\/v2\/posts\/14239\/revisions"}],"predecessor-version":[{"id":14240,"href":"https:\/\/agora.xtec.cat\/iesmarti-i-pol\/wp-json\/wp\/v2\/posts\/14239\/revisions\/14240"}],"wp:featuredmedia":[{"embeddable":true,"href":"https:\/\/agora.xtec.cat\/iesmarti-i-pol\/wp-json\/wp\/v2\/media\/9560"}],"wp:attachment":[{"href":"https:\/\/agora.xtec.cat\/iesmarti-i-pol\/wp-json\/wp\/v2\/media?parent=14239"}],"wp:term":[{"taxonomy":"category","embeddable":true,"href":"https:\/\/agora.xtec.cat\/iesmarti-i-pol\/wp-json\/wp\/v2\/categories?post=14239"},{"taxonomy":"post_tag","embeddable":true,"href":"https:\/\/agora.xtec.cat\/iesmarti-i-pol\/wp-json\/wp\/v2\/tags?post=14239"}],"curies":[{"name":"wp","href":"https:\/\/api.w.org\/{rel}","templated":true}]}}