{"id":14119,"date":"2019-10-01T22:48:43","date_gmt":"2019-10-01T20:48:43","guid":{"rendered":"http:\/\/agora.xtec.cat\/iesmarti-i-pol\/?p=14119"},"modified":"2021-03-05T19:35:31","modified_gmt":"2021-03-05T18:35:31","slug":"el-planeta-et-necessita","status":"publish","type":"post","link":"https:\/\/agora.xtec.cat\/iesmarti-i-pol\/portada\/el-planeta-et-necessita\/","title":{"rendered":"El planeta et necessita"},"content":{"rendered":"<p>Els alumnes 3r d\u2019ESO, \u00a0del Miquel Mart\u00ed i Pol estem realitzant un projecte sobre sostenibilitat \u00a0i hem participat en el \u201c<strong>Parking Day \u00a0el dia 20 de setembre de 2019, <\/strong>on\u00a0hem informant als vianants de la import\u00e0ncia d&#8217;un planeta m\u00e9s sostenible i un entorn urb\u00e0 amb menys pol\u00b7luci\u00f3 i menys cotxes contaminants. El transport p\u00fablic i sistemes de mobilitats m\u00e9s nets han de ser la nostra\u00a0 prioritat i la prioritat de tots.<\/p>\n<p>Els alumnes de tercer ens hem proposat fer mesures i sostenibilitat dins del nostre institut i a les nostres cases. Com reduir l&#8217;\u00fas del paper de plata \u00a0a l\u2019inetran per <strong>salvar el nostre planeta<\/strong>\u00a0i la nostra esp\u00e8cie.\u00a0<strong>Passa a l&#8217;acci\u00f3,<\/strong>\u00a0el canvi clim\u00e0tic est\u00e0 a la porta de casa teva. Pots mirar o actuar&#8230;\u00a0\u00a0\u00a0\u00a0\u00a0<strong>TU TRIES<\/strong><strong>\u00a0!\u00a0\u00a0\u00a0\u00a0\u00a0\u00a0\u00a0\u00a0\u00a0\u00a0\u00a0\u00a0\u00a0\u00a0\u00a0<\/strong><\/p>\n<p><strong>Els teus nets ja no podran fer-ho!<\/strong><\/p>\n<p>Podeu veure m\u00e9s fotos <a href=\"https:\/\/photos.app.goo.gl\/REHqShtPuPEqvgVr7\">aqu\u00ed<\/a><\/p>\n","protected":false},"excerpt":{"rendered":"<p>Els alumnes 3r d\u2019ESO, \u00a0del Miquel Mart\u00ed i Pol estem realitzant un projecte sobre sostenibilitat \u00a0i hem participat en el \u201cParking Day \u00a0el dia 20 de setembre de 2019, on\u00a0hem informant als vianants de la import\u00e0ncia d&#8217;un planeta m\u00e9s sostenible i un entorn urb\u00e0 amb menys pol\u00b7luci\u00f3 i menys cotxes contaminants. El transport p\u00fablic i [&hellip;]<\/p>\n","protected":false},"author":20,"featured_media":14120,"comment_status":"open","ping_status":"closed","sticky":false,"template":"","format":"standard","meta":{"_bbp_topic_count":0,"_bbp_reply_count":0,"_bbp_total_topic_count":0,"_bbp_total_reply_count":0,"_bbp_voice_count":0,"_bbp_anonymous_reply_count":0,"_bbp_topic_count_hidden":0,"_bbp_reply_count_hidden":0,"_bbp_forum_subforum_count":0,"site-sidebar-layout":"default","site-content-layout":"","ast-site-content-layout":"","site-content-style":"default","site-sidebar-style":"default","ast-global-header-display":"","ast-banner-title-visibility":"","ast-main-header-display":"","ast-hfb-above-header-display":"","ast-hfb-below-header-display":"","ast-hfb-mobile-header-display":"","site-post-title":"","ast-breadcrumbs-content":"","ast-featured-img":"","footer-sml-layout":"","theme-transparent-header-meta":"","adv-header-id-meta":"","stick-header-meta":"","header-above-stick-meta":"","header-main-stick-meta":"","header-below-stick-meta":"","astra-migrate-meta-layouts":"default","ast-page-background-enabled":"default","ast-page-background-meta":{"desktop":{"background-color":"var(--ast-global-color-4)","background-image":"","background-repeat":"repeat","background-position":"center center","background-size":"auto","background-attachment":"scroll","background-type":"","background-media":"","overlay-type":"","overlay-color":"","overlay-opacity":"","overlay-gradient":""},"tablet":{"background-color":"","background-image":"","background-repeat":"repeat","background-position":"center center","background-size":"auto","background-attachment":"scroll","background-type":"","background-media":"","overlay-type":"","overlay-color":"","overlay-opacity":"","overlay-gradient":""},"mobile":{"background-color":"","background-image":"","background-repeat":"repeat","background-position":"center center","background-size":"auto","background-attachment":"scroll","background-type":"","background-media":"","overlay-type":"","overlay-color":"","overlay-opacity":"","overlay-gradient":""}},"ast-content-background-meta":{"desktop":{"background-color":"var(--ast-global-color-5)","background-image":"","background-repeat":"repeat","background-position":"center center","background-size":"auto","background-attachment":"scroll","background-type":"","background-media":"","overlay-type":"","overlay-color":"","overlay-opacity":"","overlay-gradient":""},"tablet":{"background-color":"var(--ast-global-color-5)","background-image":"","background-repeat":"repeat","background-position":"center center","background-size":"auto","background-attachment":"scroll","background-type":"","background-media":"","overlay-type":"","overlay-color":"","overlay-opacity":"","overlay-gradient":""},"mobile":{"background-color":"var(--ast-global-color-5)","background-image":"","background-repeat":"repeat","background-position":"center center","background-size":"auto","background-attachment":"scroll","background-type":"","background-media":"","overlay-type":"","overlay-color":"","overlay-opacity":"","overlay-gradient":""}},"footnotes":""},"categories":[943,952,597,351,950],"tags":[954],"class_list":["post-14119","post","type-post","status-publish","format-standard","has-post-thumbnail","hentry","category-activitats-del-curs-2019-2020","category-escola-verda","category-eso-3-ca","category-portada","category-projectes","tag-sostenibilitat"],"post_mailing_queue_ids":[],"_links":{"self":[{"href":"https:\/\/agora.xtec.cat\/iesmarti-i-pol\/wp-json\/wp\/v2\/posts\/14119","targetHints":{"allow":["GET"]}}],"collection":[{"href":"https:\/\/agora.xtec.cat\/iesmarti-i-pol\/wp-json\/wp\/v2\/posts"}],"about":[{"href":"https:\/\/agora.xtec.cat\/iesmarti-i-pol\/wp-json\/wp\/v2\/types\/post"}],"author":[{"embeddable":true,"href":"https:\/\/agora.xtec.cat\/iesmarti-i-pol\/wp-json\/wp\/v2\/users\/20"}],"replies":[{"embeddable":true,"href":"https:\/\/agora.xtec.cat\/iesmarti-i-pol\/wp-json\/wp\/v2\/comments?post=14119"}],"version-history":[{"count":1,"href":"https:\/\/agora.xtec.cat\/iesmarti-i-pol\/wp-json\/wp\/v2\/posts\/14119\/revisions"}],"predecessor-version":[{"id":14121,"href":"https:\/\/agora.xtec.cat\/iesmarti-i-pol\/wp-json\/wp\/v2\/posts\/14119\/revisions\/14121"}],"wp:featuredmedia":[{"embeddable":true,"href":"https:\/\/agora.xtec.cat\/iesmarti-i-pol\/wp-json\/wp\/v2\/media\/14120"}],"wp:attachment":[{"href":"https:\/\/agora.xtec.cat\/iesmarti-i-pol\/wp-json\/wp\/v2\/media?parent=14119"}],"wp:term":[{"taxonomy":"category","embeddable":true,"href":"https:\/\/agora.xtec.cat\/iesmarti-i-pol\/wp-json\/wp\/v2\/categories?post=14119"},{"taxonomy":"post_tag","embeddable":true,"href":"https:\/\/agora.xtec.cat\/iesmarti-i-pol\/wp-json\/wp\/v2\/tags?post=14119"}],"curies":[{"name":"wp","href":"https:\/\/api.w.org\/{rel}","templated":true}]}}