{"id":13988,"date":"2019-09-22T09:59:17","date_gmt":"2019-09-22T07:59:17","guid":{"rendered":"http:\/\/agora.xtec.cat\/iesmarti-i-pol\/?p=13988"},"modified":"2021-03-05T19:35:32","modified_gmt":"2021-03-05T18:35:32","slug":"les-mobilitats-per-lfp-del-curs-2019-2020-ja-estan-en-marxa","status":"publish","type":"post","link":"https:\/\/agora.xtec.cat\/iesmarti-i-pol\/general\/les-mobilitats-per-lfp-del-curs-2019-2020-ja-estan-en-marxa\/","title":{"rendered":"Les mobilitats per l&#8217;FP del curs 2019-2020 ja estan en marxa!"},"content":{"rendered":"<table>\n<tbody>\n<tr>\n<td><a href=\"https:\/\/agora.xtec.cat\/iesmarti-i-pol\/wp-content\/uploads\/usu1292\/2019\/09\/FOTO-RETOCADA.png\"><img loading=\"lazy\" decoding=\"async\" class=\"alignright size-full wp-image-13995\" src=\"https:\/\/agora.xtec.cat\/iesmarti-i-pol\/wp-content\/uploads\/usu1292\/2019\/09\/FOTO-RETOCADA.png\" alt=\"\" width=\"962\" height=\"457\" srcset=\"https:\/\/agora.xtec.cat\/iesmarti-i-pol\/wp-content\/uploads\/usu1292\/2019\/09\/FOTO-RETOCADA.png 962w, https:\/\/agora.xtec.cat\/iesmarti-i-pol\/wp-content\/uploads\/usu1292\/2019\/09\/FOTO-RETOCADA-300x143.png 300w, https:\/\/agora.xtec.cat\/iesmarti-i-pol\/wp-content\/uploads\/usu1292\/2019\/09\/FOTO-RETOCADA-768x365.png 768w\" sizes=\"auto, (max-width: 962px) 100vw, 962px\" \/><\/a><\/td>\n<\/tr>\n<\/tbody>\n<\/table>\n<p>En breu, els alumnes del cicles formatius de grau mitj\u00e0 <em>podreu participar en el proc\u00e9s selectiu<\/em> per a poder fer pr\u00e0ctiques <a href=\"https:\/\/agora.xtec.cat\/iesmarti-i-pol\/erasmus-plus\/erasmus-cicles-formatius\/\"><span style=\"color: #ff0000;\"><strong>Erasmus a l&#8217;estranger<\/strong><\/span><\/a>.<\/p>\n<p>Aquesta passada setmana, dies 16 i 17 de setembre, han estat les Jornades inicials de projectes de mobilitat Erasmus+ per a la Formaci\u00f3 professional (convocat\u00f2ria 2019) \u00a0que han tingut lloc a Valladolid. All\u00e0 hem estat l&#8217;institut Miquel Mart\u00ed i Pol per tal de garantir-vos una estada a l&#8217;estranger el m\u00e9s profitosa possible.<\/p>\n<p><strong><span style=\"color: #ff0000;\">Resteu atents durant les properes setmanes a la p\u00e0gina web de l&#8217;institut!!!<\/span><\/strong><\/p>\n<p><a href=\"https:\/\/agora.xtec.cat\/iesmarti-i-pol\/wp-content\/uploads\/usu1292\/2019\/09\/IMG_20190917_092929.jpg\"><img loading=\"lazy\" decoding=\"async\" class=\"alignnone wp-image-13991\" src=\"https:\/\/agora.xtec.cat\/iesmarti-i-pol\/wp-content\/uploads\/usu1292\/2019\/09\/IMG_20190917_092929.jpg\" alt=\"\" width=\"300\" height=\"225\" srcset=\"https:\/\/agora.xtec.cat\/iesmarti-i-pol\/wp-content\/uploads\/usu1292\/2019\/09\/IMG_20190917_092929.jpg 4016w, https:\/\/agora.xtec.cat\/iesmarti-i-pol\/wp-content\/uploads\/usu1292\/2019\/09\/IMG_20190917_092929-300x225.jpg 300w, https:\/\/agora.xtec.cat\/iesmarti-i-pol\/wp-content\/uploads\/usu1292\/2019\/09\/IMG_20190917_092929-768x575.jpg 768w, https:\/\/agora.xtec.cat\/iesmarti-i-pol\/wp-content\/uploads\/usu1292\/2019\/09\/IMG_20190917_092929-1024x767.jpg 1024w, https:\/\/agora.xtec.cat\/iesmarti-i-pol\/wp-content\/uploads\/usu1292\/2019\/09\/IMG_20190917_092929-200x150.jpg 200w\" sizes=\"auto, (max-width: 300px) 100vw, 300px\" \/><\/a><a href=\"https:\/\/agora.xtec.cat\/iesmarti-i-pol\/wp-content\/uploads\/usu1292\/2019\/09\/IMG_20190916_183310.jpg\"><img loading=\"lazy\" decoding=\"async\" class=\"alignright wp-image-13990\" src=\"https:\/\/agora.xtec.cat\/iesmarti-i-pol\/wp-content\/uploads\/usu1292\/2019\/09\/IMG_20190916_183310.jpg\" alt=\"\" width=\"300\" height=\"225\" srcset=\"https:\/\/agora.xtec.cat\/iesmarti-i-pol\/wp-content\/uploads\/usu1292\/2019\/09\/IMG_20190916_183310.jpg 4016w, https:\/\/agora.xtec.cat\/iesmarti-i-pol\/wp-content\/uploads\/usu1292\/2019\/09\/IMG_20190916_183310-300x225.jpg 300w, https:\/\/agora.xtec.cat\/iesmarti-i-pol\/wp-content\/uploads\/usu1292\/2019\/09\/IMG_20190916_183310-768x575.jpg 768w, https:\/\/agora.xtec.cat\/iesmarti-i-pol\/wp-content\/uploads\/usu1292\/2019\/09\/IMG_20190916_183310-1024x767.jpg 1024w, https:\/\/agora.xtec.cat\/iesmarti-i-pol\/wp-content\/uploads\/usu1292\/2019\/09\/IMG_20190916_183310-200x150.jpg 200w\" sizes=\"auto, (max-width: 300px) 100vw, 300px\" \/><\/a><\/p>\n<p><a href=\"https:\/\/agora.xtec.cat\/iesmarti-i-pol\/wp-content\/uploads\/usu1292\/2019\/09\/cofinanciadorrrrr.png\"><img loading=\"lazy\" decoding=\"async\" class=\"alignleft wp-image-13963\" src=\"https:\/\/agora.xtec.cat\/iesmarti-i-pol\/wp-content\/uploads\/usu1292\/2019\/09\/cofinanciadorrrrr.png\" alt=\"\" width=\"175\" height=\"55\" srcset=\"https:\/\/agora.xtec.cat\/iesmarti-i-pol\/wp-content\/uploads\/usu1292\/2019\/09\/cofinanciadorrrrr.png 450w, https:\/\/agora.xtec.cat\/iesmarti-i-pol\/wp-content\/uploads\/usu1292\/2019\/09\/cofinanciadorrrrr-300x94.png 300w\" sizes=\"auto, (max-width: 175px) 100vw, 175px\" \/><\/a><a href=\"https:\/\/agora.xtec.cat\/iesmarti-i-pol\/wp-content\/uploads\/usu1292\/2019\/09\/nota-de-prensa-responsabilidad.png\"><img loading=\"lazy\" decoding=\"async\" class=\"wp-image-13969 alignright\" title=\"Exempci\u00f3 de responsabilitats\" src=\"https:\/\/agora.xtec.cat\/iesmarti-i-pol\/wp-content\/uploads\/usu1292\/2019\/09\/sobre.png\" alt=\"\" width=\"55\" height=\"51\" \/><\/a><\/p>\n<p>&nbsp;<\/p>\n","protected":false},"excerpt":{"rendered":"<p>En breu, els alumnes del cicles formatius de grau mitj\u00e0 podreu participar en el proc\u00e9s selectiu per a poder fer pr\u00e0ctiques Erasmus a l&#8217;estranger. Aquesta passada setmana, dies 16 i 17 de setembre, han estat les Jornades inicials de projectes de mobilitat Erasmus+ per a la Formaci\u00f3 professional (convocat\u00f2ria 2019) \u00a0que han tingut lloc a [&hellip;]<\/p>\n","protected":false},"author":37,"featured_media":0,"comment_status":"open","ping_status":"closed","sticky":false,"template":"","format":"standard","meta":{"_bbp_topic_count":0,"_bbp_reply_count":0,"_bbp_total_topic_count":0,"_bbp_total_reply_count":0,"_bbp_voice_count":0,"_bbp_anonymous_reply_count":0,"_bbp_topic_count_hidden":0,"_bbp_reply_count_hidden":0,"_bbp_forum_subforum_count":0,"site-sidebar-layout":"default","site-content-layout":"","ast-site-content-layout":"","site-content-style":"default","site-sidebar-style":"default","ast-global-header-display":"","ast-banner-title-visibility":"","ast-main-header-display":"","ast-hfb-above-header-display":"","ast-hfb-below-header-display":"","ast-hfb-mobile-header-display":"","site-post-title":"","ast-breadcrumbs-content":"","ast-featured-img":"","footer-sml-layout":"","theme-transparent-header-meta":"","adv-header-id-meta":"","stick-header-meta":"","header-above-stick-meta":"","header-main-stick-meta":"","header-below-stick-meta":"","astra-migrate-meta-layouts":"default","ast-page-background-enabled":"default","ast-page-background-meta":{"desktop":{"background-color":"var(--ast-global-color-4)","background-image":"","background-repeat":"repeat","background-position":"center center","background-size":"auto","background-attachment":"scroll","background-type":"","background-media":"","overlay-type":"","overlay-color":"","overlay-opacity":"","overlay-gradient":""},"tablet":{"background-color":"","background-image":"","background-repeat":"repeat","background-position":"center center","background-size":"auto","background-attachment":"scroll","background-type":"","background-media":"","overlay-type":"","overlay-color":"","overlay-opacity":"","overlay-gradient":""},"mobile":{"background-color":"","background-image":"","background-repeat":"repeat","background-position":"center center","background-size":"auto","background-attachment":"scroll","background-type":"","background-media":"","overlay-type":"","overlay-color":"","overlay-opacity":"","overlay-gradient":""}},"ast-content-background-meta":{"desktop":{"background-color":"var(--ast-global-color-5)","background-image":"","background-repeat":"repeat","background-position":"center center","background-size":"auto","background-attachment":"scroll","background-type":"","background-media":"","overlay-type":"","overlay-color":"","overlay-opacity":"","overlay-gradient":""},"tablet":{"background-color":"var(--ast-global-color-5)","background-image":"","background-repeat":"repeat","background-position":"center center","background-size":"auto","background-attachment":"scroll","background-type":"","background-media":"","overlay-type":"","overlay-color":"","overlay-opacity":"","overlay-gradient":""},"mobile":{"background-color":"var(--ast-global-color-5)","background-image":"","background-repeat":"repeat","background-position":"center center","background-size":"auto","background-attachment":"scroll","background-type":"","background-media":"","overlay-type":"","overlay-color":"","overlay-opacity":"","overlay-gradient":""}},"footnotes":""},"categories":[347,351],"tags":[],"class_list":["post-13988","post","type-post","status-publish","format-standard","hentry","category-general","category-portada"],"post_mailing_queue_ids":[],"_links":{"self":[{"href":"https:\/\/agora.xtec.cat\/iesmarti-i-pol\/wp-json\/wp\/v2\/posts\/13988","targetHints":{"allow":["GET"]}}],"collection":[{"href":"https:\/\/agora.xtec.cat\/iesmarti-i-pol\/wp-json\/wp\/v2\/posts"}],"about":[{"href":"https:\/\/agora.xtec.cat\/iesmarti-i-pol\/wp-json\/wp\/v2\/types\/post"}],"author":[{"embeddable":true,"href":"https:\/\/agora.xtec.cat\/iesmarti-i-pol\/wp-json\/wp\/v2\/users\/37"}],"replies":[{"embeddable":true,"href":"https:\/\/agora.xtec.cat\/iesmarti-i-pol\/wp-json\/wp\/v2\/comments?post=13988"}],"version-history":[{"count":3,"href":"https:\/\/agora.xtec.cat\/iesmarti-i-pol\/wp-json\/wp\/v2\/posts\/13988\/revisions"}],"predecessor-version":[{"id":14001,"href":"https:\/\/agora.xtec.cat\/iesmarti-i-pol\/wp-json\/wp\/v2\/posts\/13988\/revisions\/14001"}],"wp:attachment":[{"href":"https:\/\/agora.xtec.cat\/iesmarti-i-pol\/wp-json\/wp\/v2\/media?parent=13988"}],"wp:term":[{"taxonomy":"category","embeddable":true,"href":"https:\/\/agora.xtec.cat\/iesmarti-i-pol\/wp-json\/wp\/v2\/categories?post=13988"},{"taxonomy":"post_tag","embeddable":true,"href":"https:\/\/agora.xtec.cat\/iesmarti-i-pol\/wp-json\/wp\/v2\/tags?post=13988"}],"curies":[{"name":"wp","href":"https:\/\/api.w.org\/{rel}","templated":true}]}}