{"id":13671,"date":"2019-07-10T13:10:41","date_gmt":"2019-07-10T11:10:41","guid":{"rendered":"http:\/\/agora.xtec.cat\/iesmarti-i-pol\/?p=13671"},"modified":"2021-03-05T19:35:33","modified_gmt":"2021-03-05T18:35:33","slug":"recomanacions-destiu","status":"publish","type":"post","link":"https:\/\/agora.xtec.cat\/iesmarti-i-pol\/general\/recomanacions-destiu\/","title":{"rendered":"RECOMANACIONS D&#8217;ESTIU"},"content":{"rendered":"<p>Benvolgudes fam\u00edlies i alumnat,<\/p>\n<p>Enguany ja hem fet les recuperacions extraordin\u00e0ries per\u00f2 us volem fer unes recomanacions d&#8217;activitats per fer a l&#8217;estiu:<\/p>\n<p><strong><a href=\"https:\/\/agora.xtec.cat\/iesmarti-i-pol\/wp-content\/uploads\/usu1292\/2019\/07\/Recomanacions-estiu_CNN.pdf\" target=\"_blank\" rel=\"noopener noreferrer\">Ci\u00e8ncies Experimentals<\/a><\/strong><\/p>\n<p><a href=\"https:\/\/agora.xtec.cat\/iesmarti-i-pol\/wp-content\/uploads\/usu1292\/2019\/07\/Recomanacions-estiu_CNN_page-0001.jpg\"><img loading=\"lazy\" decoding=\"async\" class=\"alignnone wp-image-13673\" src=\"https:\/\/agora.xtec.cat\/iesmarti-i-pol\/wp-content\/uploads\/usu1292\/2019\/07\/Recomanacions-estiu_CNN_page-0001-725x1024.jpg\" alt=\"\" width=\"284\" height=\"401\" srcset=\"https:\/\/agora.xtec.cat\/iesmarti-i-pol\/wp-content\/uploads\/usu1292\/2019\/07\/Recomanacions-estiu_CNN_page-0001-725x1024.jpg 725w, https:\/\/agora.xtec.cat\/iesmarti-i-pol\/wp-content\/uploads\/usu1292\/2019\/07\/Recomanacions-estiu_CNN_page-0001-212x300.jpg 212w, https:\/\/agora.xtec.cat\/iesmarti-i-pol\/wp-content\/uploads\/usu1292\/2019\/07\/Recomanacions-estiu_CNN_page-0001-768x1085.jpg 768w, https:\/\/agora.xtec.cat\/iesmarti-i-pol\/wp-content\/uploads\/usu1292\/2019\/07\/Recomanacions-estiu_CNN_page-0001.jpg 1241w\" sizes=\"auto, (max-width: 284px) 100vw, 284px\" \/><\/a><a href=\"https:\/\/agora.xtec.cat\/iesmarti-i-pol\/wp-content\/uploads\/usu1292\/2019\/07\/Recomanacions-estiu_CNN_page-0002.jpg\"><img loading=\"lazy\" decoding=\"async\" class=\"alignnone wp-image-13674\" src=\"https:\/\/agora.xtec.cat\/iesmarti-i-pol\/wp-content\/uploads\/usu1292\/2019\/07\/Recomanacions-estiu_CNN_page-0002-725x1024.jpg\" alt=\"\" width=\"270\" height=\"382\" srcset=\"https:\/\/agora.xtec.cat\/iesmarti-i-pol\/wp-content\/uploads\/usu1292\/2019\/07\/Recomanacions-estiu_CNN_page-0002-725x1024.jpg 725w, https:\/\/agora.xtec.cat\/iesmarti-i-pol\/wp-content\/uploads\/usu1292\/2019\/07\/Recomanacions-estiu_CNN_page-0002-212x300.jpg 212w, https:\/\/agora.xtec.cat\/iesmarti-i-pol\/wp-content\/uploads\/usu1292\/2019\/07\/Recomanacions-estiu_CNN_page-0002-768x1085.jpg 768w, https:\/\/agora.xtec.cat\/iesmarti-i-pol\/wp-content\/uploads\/usu1292\/2019\/07\/Recomanacions-estiu_CNN_page-0002.jpg 1241w\" sizes=\"auto, (max-width: 270px) 100vw, 270px\" \/><\/a><\/p>\n<p><strong><a href=\"https:\/\/agora.xtec.cat\/iesmarti-i-pol\/wp-content\/uploads\/usu1292\/2019\/07\/Recomanacions_DEPARTAMENT-DE-MATEM\u00c0TIQUES-2.pdf\" target=\"_blank\" rel=\"noopener noreferrer\">Matem\u00e0tiques<\/a><\/strong><\/p>\n<p><a href=\"https:\/\/agora.xtec.cat\/iesmarti-i-pol\/wp-content\/uploads\/usu1292\/2019\/07\/1r-a-2n.jpg\"><img loading=\"lazy\" decoding=\"async\" class=\"wp-image-13678 alignleft\" src=\"https:\/\/agora.xtec.cat\/iesmarti-i-pol\/wp-content\/uploads\/usu1292\/2019\/07\/1r-a-2n.jpg\" alt=\"\" width=\"118\" height=\"156\" srcset=\"https:\/\/agora.xtec.cat\/iesmarti-i-pol\/wp-content\/uploads\/usu1292\/2019\/07\/1r-a-2n.jpg 378w, https:\/\/agora.xtec.cat\/iesmarti-i-pol\/wp-content\/uploads\/usu1292\/2019\/07\/1r-a-2n-227x300.jpg 227w\" sizes=\"auto, (max-width: 118px) 100vw, 118px\" \/><\/a><\/p>\n<p>isbn: <strong>9788478874972<\/strong><\/p>\n<p>&nbsp;<\/p>\n<p>&nbsp;<\/p>\n<p>&nbsp;<\/p>\n<p>&nbsp;<\/p>\n<p>2n d&#8217;ESO : isbn: <strong>9788478875016<\/strong><\/p>\n<p>&nbsp;<\/p>\n<p><a href=\"https:\/\/agora.xtec.cat\/iesmarti-i-pol\/wp-content\/uploads\/usu1292\/2019\/07\/Pont-Matematiques-3r-curs-Educacio-secundaria-Exercicis-fonamentals-per-preparar-l-entrada-al-4t-curs-de-l-ESO-Editorial-Nadal-Edarca.jpg\"><img loading=\"lazy\" decoding=\"async\" class=\" wp-image-13709\" src=\"https:\/\/agora.xtec.cat\/iesmarti-i-pol\/wp-content\/uploads\/usu1292\/2019\/07\/Pont-Matematiques-3r-curs-Educacio-secundaria-Exercicis-fonamentals-per-preparar-l-entrada-al-4t-curs-de-l-ESO-Editorial-Nadal-Edarca.jpg\" alt=\"\" width=\"216\" height=\"122\" srcset=\"https:\/\/agora.xtec.cat\/iesmarti-i-pol\/wp-content\/uploads\/usu1292\/2019\/07\/Pont-Matematiques-3r-curs-Educacio-secundaria-Exercicis-fonamentals-per-preparar-l-entrada-al-4t-curs-de-l-ESO-Editorial-Nadal-Edarca.jpg 850w, https:\/\/agora.xtec.cat\/iesmarti-i-pol\/wp-content\/uploads\/usu1292\/2019\/07\/Pont-Matematiques-3r-curs-Educacio-secundaria-Exercicis-fonamentals-per-preparar-l-entrada-al-4t-curs-de-l-ESO-Editorial-Nadal-Edarca-300x169.jpg 300w, https:\/\/agora.xtec.cat\/iesmarti-i-pol\/wp-content\/uploads\/usu1292\/2019\/07\/Pont-Matematiques-3r-curs-Educacio-secundaria-Exercicis-fonamentals-per-preparar-l-entrada-al-4t-curs-de-l-ESO-Editorial-Nadal-Edarca-768x432.jpg 768w\" sizes=\"auto, (max-width: 216px) 100vw, 216px\" \/><\/a><\/p>\n<p>isbn: <strong>9788478875344<\/strong><\/p>\n<p>&nbsp;<\/p>\n<p>&nbsp;<\/p>\n<p>&nbsp;<\/p>\n<p><strong><a href=\"https:\/\/agora.xtec.cat\/iesmarti-i-pol\/wp-content\/uploads\/usu1292\/2019\/07\/MUSIC-IN-ENGLISH.pdf\" target=\"_blank\" rel=\"noopener noreferrer\">Music in English<\/a><\/strong><\/p>\n<p><a href=\"https:\/\/agora.xtec.cat\/iesmarti-i-pol\/wp-content\/uploads\/usu1292\/2019\/07\/Headphones-1.jpg\"><img loading=\"lazy\" decoding=\"async\" class=\"size-large wp-image-13689 alignleft\" src=\"https:\/\/agora.xtec.cat\/iesmarti-i-pol\/wp-content\/uploads\/usu1292\/2019\/07\/Headphones-1.jpg\" alt=\"\" width=\"276\" height=\"183\" \/><\/a><\/p>\n<p>&nbsp;<\/p>\n<p>&nbsp;<\/p>\n<p>&nbsp;<\/p>\n<p>&nbsp;<\/p>\n<p><strong>ENGLISH<\/strong><\/p>\n<p><a href=\"https:\/\/agora.xtec.cat\/iesmarti-i-pol\/wp-content\/uploads\/usu1292\/2019\/07\/1-ESO-ENGLISH-SUMMER-FUN.pdf\" target=\"_blank\" rel=\"noopener noreferrer\">1st of ESO<\/a><\/p>\n<p><a href=\"https:\/\/agora.xtec.cat\/iesmarti-i-pol\/wp-content\/uploads\/usu1292\/2019\/07\/2nd-ESO-English-Summer-Fun.pdf\" target=\"_blank\" rel=\"noopener noreferrer\">2nd of ESO<\/a><\/p>\n<p><a href=\"https:\/\/agora.xtec.cat\/iesmarti-i-pol\/wp-content\/uploads\/usu1292\/2019\/07\/3rd-of-ESO-English-Summer-Fun.pdf\" target=\"_blank\" rel=\"noopener noreferrer\">3rd of ESO<\/a><\/p>\n<p><a href=\"https:\/\/agora.xtec.cat\/iesmarti-i-pol\/wp-content\/uploads\/usu1292\/2019\/07\/4t-ESO-English-Summer-Fun.pdf\" target=\"_blank\" rel=\"noopener noreferrer\">4th of ESO<\/a><\/p>\n<p><strong>Llengua i literatura catalanes <a href=\"https:\/\/agora.xtec.cat\/iesmarti-i-pol\/wp-content\/uploads\/usu1292\/2019\/07\/catal\u00e0.jpg\"><img loading=\"lazy\" decoding=\"async\" class=\" wp-image-13700 alignleft\" src=\"https:\/\/agora.xtec.cat\/iesmarti-i-pol\/wp-content\/uploads\/usu1292\/2019\/07\/catal\u00e0.jpg\" alt=\"\" width=\"112\" height=\"140\" \/><\/a><\/strong><\/p>\n<p><a href=\"https:\/\/agora.xtec.cat\/iesmarti-i-pol\/wp-content\/uploads\/usu1292\/2019\/07\/deures-estiu-primer-cicle-catal\u00e0-2019-1.docx\" target=\"_blank\" rel=\"noopener noreferrer\">1r i 2n d&#8217;ESO<\/a><\/p>\n<p><a href=\"https:\/\/agora.xtec.cat\/iesmarti-i-pol\/wp-content\/uploads\/usu1292\/2019\/07\/Estiu-1r-i-2n-de-catal\u00e0_page-0001-1.jpg\"><img loading=\"lazy\" decoding=\"async\" class=\"alignnone wp-image-13702\" src=\"https:\/\/agora.xtec.cat\/iesmarti-i-pol\/wp-content\/uploads\/usu1292\/2019\/07\/Estiu-1r-i-2n-de-catal\u00e0_page-0001-1-724x1024.jpg\" alt=\"\" width=\"227\" height=\"321\" srcset=\"https:\/\/agora.xtec.cat\/iesmarti-i-pol\/wp-content\/uploads\/usu1292\/2019\/07\/Estiu-1r-i-2n-de-catal\u00e0_page-0001-1-724x1024.jpg 724w, https:\/\/agora.xtec.cat\/iesmarti-i-pol\/wp-content\/uploads\/usu1292\/2019\/07\/Estiu-1r-i-2n-de-catal\u00e0_page-0001-1-212x300.jpg 212w, https:\/\/agora.xtec.cat\/iesmarti-i-pol\/wp-content\/uploads\/usu1292\/2019\/07\/Estiu-1r-i-2n-de-catal\u00e0_page-0001-1-768x1087.jpg 768w, https:\/\/agora.xtec.cat\/iesmarti-i-pol\/wp-content\/uploads\/usu1292\/2019\/07\/Estiu-1r-i-2n-de-catal\u00e0_page-0001-1.jpg 1240w\" sizes=\"auto, (max-width: 227px) 100vw, 227px\" \/><\/a><\/p>\n<p><a href=\"https:\/\/agora.xtec.cat\/iesmarti-i-pol\/wp-content\/uploads\/usu1292\/2019\/07\/deures-estiu-segon-cicle-catal\u00e0-2019.docx\" target=\"_blank\" rel=\"noopener noreferrer\">3r i 4t d&#8217;ESO<\/a><\/p>\n<p><a href=\"https:\/\/agora.xtec.cat\/iesmarti-i-pol\/wp-content\/uploads\/usu1292\/2019\/07\/Estiu-3r-i-4t-catal\u00e0_page-0001.jpg\"><img loading=\"lazy\" decoding=\"async\" class=\"alignnone wp-image-13701\" src=\"https:\/\/agora.xtec.cat\/iesmarti-i-pol\/wp-content\/uploads\/usu1292\/2019\/07\/Estiu-3r-i-4t-catal\u00e0_page-0001-724x1024.jpg\" alt=\"\" width=\"200\" height=\"283\" srcset=\"https:\/\/agora.xtec.cat\/iesmarti-i-pol\/wp-content\/uploads\/usu1292\/2019\/07\/Estiu-3r-i-4t-catal\u00e0_page-0001-724x1024.jpg 724w, https:\/\/agora.xtec.cat\/iesmarti-i-pol\/wp-content\/uploads\/usu1292\/2019\/07\/Estiu-3r-i-4t-catal\u00e0_page-0001-212x300.jpg 212w, https:\/\/agora.xtec.cat\/iesmarti-i-pol\/wp-content\/uploads\/usu1292\/2019\/07\/Estiu-3r-i-4t-catal\u00e0_page-0001-768x1087.jpg 768w, https:\/\/agora.xtec.cat\/iesmarti-i-pol\/wp-content\/uploads\/usu1292\/2019\/07\/Estiu-3r-i-4t-catal\u00e0_page-0001.jpg 1240w\" sizes=\"auto, (max-width: 200px) 100vw, 200px\" \/><\/a><\/p>\n<p><a href=\"https:\/\/agora.xtec.cat\/iesmarti-i-pol\/wp-content\/uploads\/usu1292\/2019\/07\/Lorca.png\"><img loading=\"lazy\" decoding=\"async\" class=\"alignnone wp-image-13699\" src=\"https:\/\/agora.xtec.cat\/iesmarti-i-pol\/wp-content\/uploads\/usu1292\/2019\/07\/Lorca.png\" alt=\"\" width=\"108\" height=\"76\" \/><\/a><a href=\"https:\/\/agora.xtec.cat\/iesmarti-i-pol\/wp-content\/uploads\/usu1292\/2019\/07\/DEURES-ESTIU-CASTELL\u00c0-2019.pdf\" target=\"_blank\" rel=\"noopener noreferrer\">DEURES-ESTIU-CASTELL\u00c0-2019<\/a><\/p>\n<p><a href=\"https:\/\/agora.xtec.cat\/iesmarti-i-pol\/wp-content\/uploads\/usu1292\/2019\/07\/DEURES-ESTIU-CASTELL\u00c0-2019_page-0001.jpg\"><img loading=\"lazy\" decoding=\"async\" class=\"wp-image-13703 alignleft\" src=\"https:\/\/agora.xtec.cat\/iesmarti-i-pol\/wp-content\/uploads\/usu1292\/2019\/07\/DEURES-ESTIU-CASTELL\u00c0-2019_page-0001-724x1024.jpg\" alt=\"\" width=\"231\" height=\"326\" srcset=\"https:\/\/agora.xtec.cat\/iesmarti-i-pol\/wp-content\/uploads\/usu1292\/2019\/07\/DEURES-ESTIU-CASTELL\u00c0-2019_page-0001-724x1024.jpg 724w, https:\/\/agora.xtec.cat\/iesmarti-i-pol\/wp-content\/uploads\/usu1292\/2019\/07\/DEURES-ESTIU-CASTELL\u00c0-2019_page-0001-212x300.jpg 212w, https:\/\/agora.xtec.cat\/iesmarti-i-pol\/wp-content\/uploads\/usu1292\/2019\/07\/DEURES-ESTIU-CASTELL\u00c0-2019_page-0001-768x1086.jpg 768w, https:\/\/agora.xtec.cat\/iesmarti-i-pol\/wp-content\/uploads\/usu1292\/2019\/07\/DEURES-ESTIU-CASTELL\u00c0-2019_page-0001.jpg 1755w\" sizes=\"auto, (max-width: 231px) 100vw, 231px\" \/><\/a><a href=\"https:\/\/agora.xtec.cat\/iesmarti-i-pol\/wp-content\/uploads\/usu1292\/2019\/07\/DEURES-ESTIU-CASTELL\u00c0-2019_page-0002.jpg\" target=\"_blank\" rel=\"noopener noreferrer\"><img loading=\"lazy\" decoding=\"async\" class=\"alignnone wp-image-13704\" src=\"https:\/\/agora.xtec.cat\/iesmarti-i-pol\/wp-content\/uploads\/usu1292\/2019\/07\/DEURES-ESTIU-CASTELL\u00c0-2019_page-0002-724x1024.jpg\" alt=\"\" width=\"228\" height=\"323\" srcset=\"https:\/\/agora.xtec.cat\/iesmarti-i-pol\/wp-content\/uploads\/usu1292\/2019\/07\/DEURES-ESTIU-CASTELL\u00c0-2019_page-0002-724x1024.jpg 724w, https:\/\/agora.xtec.cat\/iesmarti-i-pol\/wp-content\/uploads\/usu1292\/2019\/07\/DEURES-ESTIU-CASTELL\u00c0-2019_page-0002-212x300.jpg 212w, https:\/\/agora.xtec.cat\/iesmarti-i-pol\/wp-content\/uploads\/usu1292\/2019\/07\/DEURES-ESTIU-CASTELL\u00c0-2019_page-0002-768x1086.jpg 768w, https:\/\/agora.xtec.cat\/iesmarti-i-pol\/wp-content\/uploads\/usu1292\/2019\/07\/DEURES-ESTIU-CASTELL\u00c0-2019_page-0002.jpg 1755w\" sizes=\"auto, (max-width: 228px) 100vw, 228px\" \/><\/a><\/p>\n<p><a href=\"https:\/\/agora.xtec.cat\/iesmarti-i-pol\/wp-content\/uploads\/usu1292\/2019\/07\/FICHA-DE-LECTURA.docx\" target=\"_blank\" rel=\"noopener noreferrer\">https:\/\/agora.xtec.cat\/iesmarti-i-pol\/wp-content\/uploads\/usu1292\/2019\/07\/FICHA-DE-LECTURA.docx<\/a><\/p>\n<p>&nbsp;<\/p>\n","protected":false},"excerpt":{"rendered":"<p>Benvolgudes fam\u00edlies i alumnat, Enguany ja hem fet les recuperacions extraordin\u00e0ries per\u00f2 us volem fer unes recomanacions d&#8217;activitats per fer a l&#8217;estiu: Ci\u00e8ncies Experimentals Matem\u00e0tiques isbn: 9788478874972 &nbsp; &nbsp; &nbsp; &nbsp; 2n d&#8217;ESO : isbn: 9788478875016 &nbsp; isbn: 9788478875344 &nbsp; &nbsp; &nbsp; Music in English &nbsp; &nbsp; &nbsp; &nbsp; ENGLISH 1st of ESO 2nd of [&hellip;]<\/p>\n","protected":false},"author":1,"featured_media":0,"comment_status":"open","ping_status":"closed","sticky":false,"template":"","format":"standard","meta":{"_bbp_topic_count":0,"_bbp_reply_count":0,"_bbp_total_topic_count":0,"_bbp_total_reply_count":0,"_bbp_voice_count":0,"_bbp_anonymous_reply_count":0,"_bbp_topic_count_hidden":0,"_bbp_reply_count_hidden":0,"_bbp_forum_subforum_count":0,"site-sidebar-layout":"default","site-content-layout":"","ast-site-content-layout":"","site-content-style":"default","site-sidebar-style":"default","ast-global-header-display":"","ast-banner-title-visibility":"","ast-main-header-display":"","ast-hfb-above-header-display":"","ast-hfb-below-header-display":"","ast-hfb-mobile-header-display":"","site-post-title":"","ast-breadcrumbs-content":"","ast-featured-img":"","footer-sml-layout":"","theme-transparent-header-meta":"","adv-header-id-meta":"","stick-header-meta":"","header-above-stick-meta":"","header-main-stick-meta":"","header-below-stick-meta":"","astra-migrate-meta-layouts":"default","ast-page-background-enabled":"default","ast-page-background-meta":{"desktop":{"background-color":"var(--ast-global-color-4)","background-image":"","background-repeat":"repeat","background-position":"center center","background-size":"auto","background-attachment":"scroll","background-type":"","background-media":"","overlay-type":"","overlay-color":"","overlay-opacity":"","overlay-gradient":""},"tablet":{"background-color":"","background-image":"","background-repeat":"repeat","background-position":"center center","background-size":"auto","background-attachment":"scroll","background-type":"","background-media":"","overlay-type":"","overlay-color":"","overlay-opacity":"","overlay-gradient":""},"mobile":{"background-color":"","background-image":"","background-repeat":"repeat","background-position":"center center","background-size":"auto","background-attachment":"scroll","background-type":"","background-media":"","overlay-type":"","overlay-color":"","overlay-opacity":"","overlay-gradient":""}},"ast-content-background-meta":{"desktop":{"background-color":"var(--ast-global-color-5)","background-image":"","background-repeat":"repeat","background-position":"center center","background-size":"auto","background-attachment":"scroll","background-type":"","background-media":"","overlay-type":"","overlay-color":"","overlay-opacity":"","overlay-gradient":""},"tablet":{"background-color":"var(--ast-global-color-5)","background-image":"","background-repeat":"repeat","background-position":"center center","background-size":"auto","background-attachment":"scroll","background-type":"","background-media":"","overlay-type":"","overlay-color":"","overlay-opacity":"","overlay-gradient":""},"mobile":{"background-color":"var(--ast-global-color-5)","background-image":"","background-repeat":"repeat","background-position":"center center","background-size":"auto","background-attachment":"scroll","background-type":"","background-media":"","overlay-type":"","overlay-color":"","overlay-opacity":"","overlay-gradient":""}},"footnotes":""},"categories":[943,347,351],"tags":[],"class_list":["post-13671","post","type-post","status-publish","format-standard","hentry","category-activitats-del-curs-2019-2020","category-general","category-portada"],"post_mailing_queue_ids":[],"_links":{"self":[{"href":"https:\/\/agora.xtec.cat\/iesmarti-i-pol\/wp-json\/wp\/v2\/posts\/13671","targetHints":{"allow":["GET"]}}],"collection":[{"href":"https:\/\/agora.xtec.cat\/iesmarti-i-pol\/wp-json\/wp\/v2\/posts"}],"about":[{"href":"https:\/\/agora.xtec.cat\/iesmarti-i-pol\/wp-json\/wp\/v2\/types\/post"}],"author":[{"embeddable":true,"href":"https:\/\/agora.xtec.cat\/iesmarti-i-pol\/wp-json\/wp\/v2\/users\/1"}],"replies":[{"embeddable":true,"href":"https:\/\/agora.xtec.cat\/iesmarti-i-pol\/wp-json\/wp\/v2\/comments?post=13671"}],"version-history":[{"count":3,"href":"https:\/\/agora.xtec.cat\/iesmarti-i-pol\/wp-json\/wp\/v2\/posts\/13671\/revisions"}],"predecessor-version":[{"id":13826,"href":"https:\/\/agora.xtec.cat\/iesmarti-i-pol\/wp-json\/wp\/v2\/posts\/13671\/revisions\/13826"}],"wp:attachment":[{"href":"https:\/\/agora.xtec.cat\/iesmarti-i-pol\/wp-json\/wp\/v2\/media?parent=13671"}],"wp:term":[{"taxonomy":"category","embeddable":true,"href":"https:\/\/agora.xtec.cat\/iesmarti-i-pol\/wp-json\/wp\/v2\/categories?post=13671"},{"taxonomy":"post_tag","embeddable":true,"href":"https:\/\/agora.xtec.cat\/iesmarti-i-pol\/wp-json\/wp\/v2\/tags?post=13671"}],"curies":[{"name":"wp","href":"https:\/\/api.w.org\/{rel}","templated":true}]}}