{"id":13527,"date":"2019-05-30T12:10:49","date_gmt":"2019-05-30T10:10:49","guid":{"rendered":"http:\/\/agora.xtec.cat\/iesmarti-i-pol\/?p=13527"},"modified":"2021-03-05T19:35:35","modified_gmt":"2021-03-05T18:35:35","slug":"guanyadors-dels-millors-contes-a-lhora-de-lectura","status":"publish","type":"post","link":"https:\/\/agora.xtec.cat\/iesmarti-i-pol\/general\/guanyadors-dels-millors-contes-a-lhora-de-lectura\/","title":{"rendered":"Guanyadors dels millors contes a l&#8217;hora de lectura"},"content":{"rendered":"<p style=\"text-align: center\"><a href=\"https:\/\/agora.xtec.cat\/iesmarti-i-pol\/wp-content\/uploads\/usu1292\/2019\/05\/20190408_120229.jpg\"><img loading=\"lazy\" decoding=\"async\" class=\"alignnone size-medium wp-image-13528\" src=\"https:\/\/agora.xtec.cat\/iesmarti-i-pol\/wp-content\/uploads\/usu1292\/2019\/05\/20190408_120229-219x300.jpg\" alt=\"\" width=\"219\" height=\"300\" \/><\/a><\/p>\n<p style=\"text-align: justify\">Enguany hem realitzat entre tot l&#8217;alumnat que feia l&#8217;hora de lectura, tots els i les alumnes de primer, segon i tercer d&#8217;ESO de l&#8217;institut un premi al millor conte il\u00b7lustrat i el millor \u00e0udio conte. Aquests s\u00f3n els alumnes guanyadors, millor conte il\u00b7lustrat\u00a0 Joel Roca; i millor audio conte Abril Montell i Ariadna Moreno, ex aequo amb Mar Gallardo. La qualitat ha estat molt alta i ha estat molt dif\u00edcil la decisi\u00f3 dels guanyadors. Tant \u00e9s aix\u00ed que tamb\u00e9 afegim\u00a0 l&#8217;\u00e0udio conte finalista de la Rawan, la Wafae i la Joana.<\/p>\n<p style=\"text-align: justify\">Si voleu podeu escoltar els \u00e0udios contes guanyadors:<\/p>\n<ul>\n<li style=\"text-align: justify\">Mar Gallardo <a href=\"https:\/\/www.ivoox.com\/36264167\">El malson de l&#8217;Emma<\/a><\/li>\n<li style=\"text-align: justify\">Ariadna Moreno i Abril Montell .<a href=\"https:\/\/www.ivoox.com\/36278744\"> Revolucion\u00e0ries<\/a><\/li>\n<li style=\"text-align: justify\">Finalista: Rawan, la Wafae i Joana.<a href=\"https:\/\/www.ivoox.com\/36278480\"> La vida quan ets dona<\/a><\/li>\n<\/ul>\n<p>&nbsp;<\/p>\n<p>&nbsp;<\/p>\n","protected":false},"excerpt":{"rendered":"<p>Enguany hem realitzat entre tot l&#8217;alumnat que feia l&#8217;hora de lectura, tots els i les alumnes de primer, segon i tercer d&#8217;ESO de l&#8217;institut un premi al millor conte il\u00b7lustrat i el millor \u00e0udio conte. Aquests s\u00f3n els alumnes guanyadors, millor conte il\u00b7lustrat\u00a0 Joel Roca; i millor audio conte Abril Montell i Ariadna Moreno, ex [&hellip;]<\/p>\n","protected":false},"author":1,"featured_media":13528,"comment_status":"open","ping_status":"closed","sticky":false,"template":"","format":"standard","meta":{"_bbp_topic_count":0,"_bbp_reply_count":0,"_bbp_total_topic_count":0,"_bbp_total_reply_count":0,"_bbp_voice_count":0,"_bbp_anonymous_reply_count":0,"_bbp_topic_count_hidden":0,"_bbp_reply_count_hidden":0,"_bbp_forum_subforum_count":0,"site-sidebar-layout":"default","site-content-layout":"","ast-site-content-layout":"","site-content-style":"default","site-sidebar-style":"default","ast-global-header-display":"","ast-banner-title-visibility":"","ast-main-header-display":"","ast-hfb-above-header-display":"","ast-hfb-below-header-display":"","ast-hfb-mobile-header-display":"","site-post-title":"","ast-breadcrumbs-content":"","ast-featured-img":"","footer-sml-layout":"","theme-transparent-header-meta":"","adv-header-id-meta":"","stick-header-meta":"","header-above-stick-meta":"","header-main-stick-meta":"","header-below-stick-meta":"","astra-migrate-meta-layouts":"default","ast-page-background-enabled":"default","ast-page-background-meta":{"desktop":{"background-color":"var(--ast-global-color-4)","background-image":"","background-repeat":"repeat","background-position":"center center","background-size":"auto","background-attachment":"scroll","background-type":"","background-media":"","overlay-type":"","overlay-color":"","overlay-opacity":"","overlay-gradient":""},"tablet":{"background-color":"","background-image":"","background-repeat":"repeat","background-position":"center center","background-size":"auto","background-attachment":"scroll","background-type":"","background-media":"","overlay-type":"","overlay-color":"","overlay-opacity":"","overlay-gradient":""},"mobile":{"background-color":"","background-image":"","background-repeat":"repeat","background-position":"center center","background-size":"auto","background-attachment":"scroll","background-type":"","background-media":"","overlay-type":"","overlay-color":"","overlay-opacity":"","overlay-gradient":""}},"ast-content-background-meta":{"desktop":{"background-color":"var(--ast-global-color-5)","background-image":"","background-repeat":"repeat","background-position":"center center","background-size":"auto","background-attachment":"scroll","background-type":"","background-media":"","overlay-type":"","overlay-color":"","overlay-opacity":"","overlay-gradient":""},"tablet":{"background-color":"var(--ast-global-color-5)","background-image":"","background-repeat":"repeat","background-position":"center center","background-size":"auto","background-attachment":"scroll","background-type":"","background-media":"","overlay-type":"","overlay-color":"","overlay-opacity":"","overlay-gradient":""},"mobile":{"background-color":"var(--ast-global-color-5)","background-image":"","background-repeat":"repeat","background-position":"center center","background-size":"auto","background-attachment":"scroll","background-type":"","background-media":"","overlay-type":"","overlay-color":"","overlay-opacity":"","overlay-gradient":""}},"footnotes":""},"categories":[587,621,347,351,687],"tags":[619],"class_list":["post-13527","post","type-post","status-publish","format-standard","has-post-thumbnail","hentry","category-biblioteca-pere-morros-ca","category-eso-1-ca","category-general","category-portada","category-premis-i-concursos","tag-lectura-ca"],"post_mailing_queue_ids":[],"_links":{"self":[{"href":"https:\/\/agora.xtec.cat\/iesmarti-i-pol\/wp-json\/wp\/v2\/posts\/13527","targetHints":{"allow":["GET"]}}],"collection":[{"href":"https:\/\/agora.xtec.cat\/iesmarti-i-pol\/wp-json\/wp\/v2\/posts"}],"about":[{"href":"https:\/\/agora.xtec.cat\/iesmarti-i-pol\/wp-json\/wp\/v2\/types\/post"}],"author":[{"embeddable":true,"href":"https:\/\/agora.xtec.cat\/iesmarti-i-pol\/wp-json\/wp\/v2\/users\/1"}],"replies":[{"embeddable":true,"href":"https:\/\/agora.xtec.cat\/iesmarti-i-pol\/wp-json\/wp\/v2\/comments?post=13527"}],"version-history":[{"count":4,"href":"https:\/\/agora.xtec.cat\/iesmarti-i-pol\/wp-json\/wp\/v2\/posts\/13527\/revisions"}],"predecessor-version":[{"id":13533,"href":"https:\/\/agora.xtec.cat\/iesmarti-i-pol\/wp-json\/wp\/v2\/posts\/13527\/revisions\/13533"}],"wp:featuredmedia":[{"embeddable":true,"href":"https:\/\/agora.xtec.cat\/iesmarti-i-pol\/wp-json\/wp\/v2\/media\/13528"}],"wp:attachment":[{"href":"https:\/\/agora.xtec.cat\/iesmarti-i-pol\/wp-json\/wp\/v2\/media?parent=13527"}],"wp:term":[{"taxonomy":"category","embeddable":true,"href":"https:\/\/agora.xtec.cat\/iesmarti-i-pol\/wp-json\/wp\/v2\/categories?post=13527"},{"taxonomy":"post_tag","embeddable":true,"href":"https:\/\/agora.xtec.cat\/iesmarti-i-pol\/wp-json\/wp\/v2\/tags?post=13527"}],"curies":[{"name":"wp","href":"https:\/\/api.w.org\/{rel}","templated":true}]}}