{"id":1277,"date":"2016-01-30T01:00:00","date_gmt":"2016-01-30T01:00:00","guid":{"rendered":"http:\/\/mmpol.cat\/home2\/mmpolcat\/wordpress\/?p=1277"},"modified":"2021-03-05T19:38:35","modified_gmt":"2021-03-05T18:38:35","slug":"jornada-rosa-sensat","status":"publish","type":"post","link":"https:\/\/agora.xtec.cat\/iesmarti-i-pol\/portada\/jornada-rosa-sensat\/","title":{"rendered":"Jornada Rosa Sensat"},"content":{"rendered":"<table border=\"0\" cellpadding=\"1\" cellspacing=\"1\" height=\"132\" style=\"border-width: 10pt 1pt 1pt; border-style: solid; border-color: DeepSkyBlue grey grey;\" width=\"500\">\n<tbody>\n<tr>\n<td>\n<p> \t\t\t\t\t<a href=\"https:\/\/goo.gl\/photos\/ijoj3AAwScrM45Fv9\" target=\"_blank\" rel=\"noopener noreferrer\"><img loading=\"lazy\" decoding=\"async\" class=\" size-full wp-image-1276\" alt=\"\" src=\"http:\/\/agora.xtec.cat\/iesmarti-i-pol\/wp-content\/uploads\/usu1292\/2016\/01\/2016_rosa_sensat.jpg\" style=\"width: 128px; height: 96px;\" width=\"128\" height=\"96\" \/><\/a><\/p>\n<p style=\"text-align: center;\"> \t\t\t\t\t<span style=\"font-size:11px;\"><em><span style=\"color: rgb(0, 0, 128);\"><span style=\"color: rgb(128, 0, 0);\"><a href=\"https:\/\/goo.gl\/photos\/ijoj3AAwScrM45Fv9\" target=\"_blank\" rel=\"noopener noreferrer\">m\u00e9s fotografies<\/a><\/span><\/span><\/em><\/span><\/p>\n<\/td>\n<td>\n<div style=\"text-align: center;\"> \t\t\t\t\t<span style=\"color:#ff0000;\"><span style=\"font-size: 14px;\">Jornada Rosa Sensat (professorat)<\/span><\/span><\/div>\n<div style=\"text-align: center;\"> \t\t\t\t\t<span style=\"color:#333333;\"><span style=\"font-size: 11px;\"><span style=\"font-family: verdana,geneva,sans-serif;\">El treball per projectes cada cop es va consolidant m\u00e9s. Una proposta pedag\u00f2gica totalment renovadora, per engrescar l&#8217;alumnat, per ajudar-los a ser m\u00e9s competencials i a gaudir del coneixement. Per aquest motiu, vam assistir a les Jornades de Secund\u00e0ria de Rosa Sensat sobre projectes. El treball de s\u00edntesi d&#8217;enguany el professorat ja l&#8217;est\u00e0 treballant com un treball globalitzat i estem treballant i aprenent alhora amb aquesta nova metodologia. <\/span><\/span><\/span><\/div>\n<\/td>\n<\/tr>\n<\/tbody>\n<\/table>\n","protected":false},"excerpt":{"rendered":"<p>m\u00e9s fotografies Jornada Rosa Sensat (professorat) El treball per projectes cada cop es va consolidant m\u00e9s. Una proposta pedag\u00f2gica totalment renovadora, per engrescar l&#8217;alumnat, per ajudar-los a ser m\u00e9s competencials i a gaudir del coneixement. Per aquest motiu, vam assistir a les Jornades de Secund\u00e0ria de Rosa Sensat sobre projectes. El treball de s\u00edntesi d&#8217;enguany [&hellip;]<\/p>\n","protected":false},"author":1,"featured_media":1276,"comment_status":"open","ping_status":"open","sticky":false,"template":"","format":"standard","meta":{"_bbp_topic_count":0,"_bbp_reply_count":0,"_bbp_total_topic_count":0,"_bbp_total_reply_count":0,"_bbp_voice_count":0,"_bbp_anonymous_reply_count":0,"_bbp_topic_count_hidden":0,"_bbp_reply_count_hidden":0,"_bbp_forum_subforum_count":0,"site-sidebar-layout":"default","site-content-layout":"","ast-site-content-layout":"","site-content-style":"default","site-sidebar-style":"default","ast-global-header-display":"","ast-banner-title-visibility":"","ast-main-header-display":"","ast-hfb-above-header-display":"","ast-hfb-below-header-display":"","ast-hfb-mobile-header-display":"","site-post-title":"","ast-breadcrumbs-content":"","ast-featured-img":"","footer-sml-layout":"","theme-transparent-header-meta":"","adv-header-id-meta":"","stick-header-meta":"","header-above-stick-meta":"","header-main-stick-meta":"","header-below-stick-meta":"","astra-migrate-meta-layouts":"default","ast-page-background-enabled":"default","ast-page-background-meta":{"desktop":{"background-color":"var(--ast-global-color-4)","background-image":"","background-repeat":"repeat","background-position":"center center","background-size":"auto","background-attachment":"scroll","background-type":"","background-media":"","overlay-type":"","overlay-color":"","overlay-opacity":"","overlay-gradient":""},"tablet":{"background-color":"","background-image":"","background-repeat":"repeat","background-position":"center center","background-size":"auto","background-attachment":"scroll","background-type":"","background-media":"","overlay-type":"","overlay-color":"","overlay-opacity":"","overlay-gradient":""},"mobile":{"background-color":"","background-image":"","background-repeat":"repeat","background-position":"center center","background-size":"auto","background-attachment":"scroll","background-type":"","background-media":"","overlay-type":"","overlay-color":"","overlay-opacity":"","overlay-gradient":""}},"ast-content-background-meta":{"desktop":{"background-color":"var(--ast-global-color-5)","background-image":"","background-repeat":"repeat","background-position":"center center","background-size":"auto","background-attachment":"scroll","background-type":"","background-media":"","overlay-type":"","overlay-color":"","overlay-opacity":"","overlay-gradient":""},"tablet":{"background-color":"var(--ast-global-color-5)","background-image":"","background-repeat":"repeat","background-position":"center center","background-size":"auto","background-attachment":"scroll","background-type":"","background-media":"","overlay-type":"","overlay-color":"","overlay-opacity":"","overlay-gradient":""},"mobile":{"background-color":"var(--ast-global-color-5)","background-image":"","background-repeat":"repeat","background-position":"center center","background-size":"auto","background-attachment":"scroll","background-type":"","background-media":"","overlay-type":"","overlay-color":"","overlay-opacity":"","overlay-gradient":""}},"footnotes":""},"categories":[351],"tags":[],"class_list":["post-1277","post","type-post","status-publish","format-standard","has-post-thumbnail","hentry","category-portada"],"post_mailing_queue_ids":[],"_links":{"self":[{"href":"https:\/\/agora.xtec.cat\/iesmarti-i-pol\/wp-json\/wp\/v2\/posts\/1277","targetHints":{"allow":["GET"]}}],"collection":[{"href":"https:\/\/agora.xtec.cat\/iesmarti-i-pol\/wp-json\/wp\/v2\/posts"}],"about":[{"href":"https:\/\/agora.xtec.cat\/iesmarti-i-pol\/wp-json\/wp\/v2\/types\/post"}],"author":[{"embeddable":true,"href":"https:\/\/agora.xtec.cat\/iesmarti-i-pol\/wp-json\/wp\/v2\/users\/1"}],"replies":[{"embeddable":true,"href":"https:\/\/agora.xtec.cat\/iesmarti-i-pol\/wp-json\/wp\/v2\/comments?post=1277"}],"version-history":[{"count":1,"href":"https:\/\/agora.xtec.cat\/iesmarti-i-pol\/wp-json\/wp\/v2\/posts\/1277\/revisions"}],"predecessor-version":[{"id":18818,"href":"https:\/\/agora.xtec.cat\/iesmarti-i-pol\/wp-json\/wp\/v2\/posts\/1277\/revisions\/18818"}],"wp:featuredmedia":[{"embeddable":true,"href":"https:\/\/agora.xtec.cat\/iesmarti-i-pol\/wp-json\/wp\/v2\/media\/1276"}],"wp:attachment":[{"href":"https:\/\/agora.xtec.cat\/iesmarti-i-pol\/wp-json\/wp\/v2\/media?parent=1277"}],"wp:term":[{"taxonomy":"category","embeddable":true,"href":"https:\/\/agora.xtec.cat\/iesmarti-i-pol\/wp-json\/wp\/v2\/categories?post=1277"},{"taxonomy":"post_tag","embeddable":true,"href":"https:\/\/agora.xtec.cat\/iesmarti-i-pol\/wp-json\/wp\/v2\/tags?post=1277"}],"curies":[{"name":"wp","href":"https:\/\/api.w.org\/{rel}","templated":true}]}}