{"id":1187,"date":"2015-10-16T00:00:00","date_gmt":"2015-10-16T00:00:00","guid":{"rendered":"http:\/\/mmpol.cat\/home2\/mmpolcat\/wordpress\/?p=1187"},"modified":"2021-03-05T19:38:37","modified_gmt":"2021-03-05T18:38:37","slug":"inspeccio-del-riu-llobregat-tardor-2015","status":"publish","type":"post","link":"https:\/\/agora.xtec.cat\/iesmarti-i-pol\/portada\/inspeccio-del-riu-llobregat-tardor-2015\/","title":{"rendered":"Inspecci\u00f3 del riu Llobregat (tardor 2015)"},"content":{"rendered":"<table border=\"0\" cellpadding=\"1\" cellspacing=\"1\" height=\"103\" style=\"border-top: 10pt solid mediumblue; border-bottom: 1pt solid grey;border-left: 1pt solid grey; border-right: 1pt solid grey;\" width=\"500\">\n<tbody>\n<tr>\n<td>\n<p> \t\t\t\t\t<a href=\"https:\/\/goo.gl\/photos\/eqMopQNzHVFSFNnr6\" target=\"_blank\" rel=\"noopener noreferrer\"><img loading=\"lazy\" decoding=\"async\" class=\" size-full wp-image-1186\" alt=\"m\u00e9s fotografies de l'activitat\" src=\"http:\/\/agora.xtec.cat\/iesmarti-i-pol\/wp-content\/uploads\/usu1292\/2015\/10\/2015_10_17-riu-llobregat.jpg\" style=\"width: 176px; height: 132px;\" width=\"176\" height=\"132\" \/><\/a><\/p>\n<p style=\"text-align: center;\"> \t\t\t\t\t<em><a href=\"https:\/\/goo.gl\/photos\/eqMopQNzHVFSFNnr6\" onclick=\"window.open(this.href, '', 'resizable=no,status=no,location=no,toolbar=no,menubar=no,fullscreen=no,scrollbars=no,dependent=no'); return false;\"><span style=\"color:#333333;\"><span style=\"font-size: xx-small;\"><span style=\"font-size: 11px;\">m\u00e9s fotografies<\/span><\/span><\/span><\/a><\/em><\/p>\n<\/td>\n<td>\n<div style=\"text-align: center;\"> \t\t\t\t\t<span style=\"color:#ff0000;\"><span style=\"font-size: 14px;\">Cicle Formatiu de Salut Ambiental: inspecci\u00f3 del riu Llobregat<\/span><\/span><\/div>\n<div> \t\t\t\t\t<span style=\"color:#333333;\"><span style=\"font-size: xx-small;\"><span style=\"font-size: 12px;\"><span style=\"font-family: Verdana;\"><span style=\"font-size: 11px;\"><span style=\"font-family: verdana,geneva,sans-serif;\">Durant la primera quinzena del mes d&#8217;octubre els alumnes de primer curs del Cicle Formatiu de Salut Ambiental de l&#8217;institut han realitzat les inspeccions del riu Llobregat corresponents a la campanya de tardor 2015. Aquestes inspeccions s&#8217;emmarquen dins el Projecte Rius<\/span><\/span><\/span><\/span><\/span><\/span><\/div>\n<\/td>\n<\/tr>\n<\/tbody>\n<\/table>\n<p>  <!--more-->  <\/p>\n<table border=\"0\" cellpadding=\"1\" cellspacing=\"1\" style=\"width: 534px; height: 64px;\" width=\"534\">\n<tbody>\n<tr>\n<td colspan=\"2\">\n<p style=\"text-align: justify;\"> \t\t\t\t\t<span style=\"font-size:11px;\"><span style=\"color: rgb(0, 0, 128);\"><span style=\"font-family: verdana,geneva,sans-serif;\">Durant la primera quinzena del mes d&#8217;octubre els alumnes de primer curs del Cicle Formatiu de Salut Ambiental de l&#8217;institut han realitzat les inspeccions del riu Llobregat corresponents a la campanya de tardor 2015. Aquestes inspeccions s&#8217;emmarquen dins el Projecte Rius.<\/span><\/span><\/span><\/p>\n<p style=\"text-align: justify;\"> \t\t\t\t\t<span style=\"font-size:11px;\"><span style=\"color: rgb(0, 0, 128);\"><span style=\"font-family: verdana,geneva,sans-serif;\">El Projecte Rius es fonamenta en el treball que realitzen diferents grups de voluntaris i volunt\u00e0ries a tota Catalunya. Els grups de voluntaris es comprometen a realitzar dues inspeccions anuals en un tram de riu de 500 metres que ells mateixos han escollit i que, en el nostre cas, \u00e9s proper a l&#8217;institut.<\/span><\/span><\/span><\/p>\n<p style=\"text-align: justify;\"> \t\t\t\t\t<span style=\"font-size:11px;\"><span style=\"color: rgb(0, 0, 128);\"><span style=\"font-family: verdana,geneva,sans-serif;\">La nostra participaci\u00f3 al Projecte Rius es va iniciar el 2014 i des de llavors els alumnes de Salut Ambiental s&#8217;encarreguen de dur a terme la inspecci\u00f3 corresponent a la campanya de tardor.<\/span><\/span><\/span><\/p>\n<p style=\"text-align: justify;\"> \t\t\t\t\t<span style=\"font-size:11px;\"><span style=\"color: rgb(0, 0, 128);\"><span style=\"font-family: verdana,geneva,sans-serif;\">Durant la inspecci\u00f3 es prenen mesures de factors hidromorfol\u00f2gics, fisicoqu\u00edmics i biol\u00f2gics:<\/span><\/span><\/span><\/p>\n<p style=\"text-align: justify;\"> \t\t\t\t\t<span style=\"font-size:11px;\"><span style=\"color: rgb(0, 0, 128);\"><span style=\"font-family: verdana,geneva,sans-serif;\">&#8211; A partir de l\u2019an\u00e0lisi de l\u2019h\u00e0bitat, del bosc de ribera, del cabal i de las alteracions presents al medi es determina la qualitat hidromorfol\u00f2gica del riu o riera.<br \/> \t\t\t\t\t&#8211; A partir de la mesura de diferents par\u00e0metres fisicoqu\u00edmics, com al temperatura, el pH, la concentraci\u00f3 de nitrats o l\u2019oxigen dissolt en l\u2019aigua es determina la qualitat fisicoqu\u00edmica de l\u2019aigua.<br \/> \t\t\t\t\t&#8211; A partir de la pres\u00e8ncia de certes fam\u00edlies de macroinvertebrats aqu\u00e0tics es determina la qualitat biol\u00f2gica del riu o riera.<\/span><\/span><\/span><\/p>\n<p style=\"text-align: justify;\"> \t\t\t\t\t<span style=\"font-size:11px;\"><span style=\"color: rgb(0, 0, 128);\"><span style=\"font-family: verdana,geneva,sans-serif;\">Al llarg de l&#8217;any es realitzen dues campanyes: la campanya de primavera (del 15 d&#8217;abril al 15 de maig) i la de la tardor (del 15 de setembre al 15 d&#8217;octubre). Un cop el grup de voluntaris ha realitzat la seva inspecci\u00f3 es fan arribar les dades al Projecte Rius. Gr\u00e0cies a totes aquestes dades s&#8217;elabora anualment l&#8217;Informe RiusCat.<\/span><\/span><\/span><\/p>\n<p style=\"text-align: justify;\"> \t\t\t\t\t<span style=\"font-size:11px;\"><span style=\"color: rgb(0, 0, 128);\"><span style=\"font-family: verdana,geneva,sans-serif;\">Si voleu saber-ne m\u00e9s&#8230;<\/span><\/span><\/span><\/p>\n<p style=\"text-align: justify;\"> \t\t\t\t\t<span style=\"font-size:11px;\"><span style=\"color: rgb(0, 0, 128);\"><span style=\"font-family: verdana,geneva,sans-serif;\">Web del Projecte Rius:<br \/> \t\t\t\t\t<a href=\"http:\/\/www.projecterius.cat\/\" target=\"_blank\" rel=\"noopener noreferrer\">http:\/\/www.projecterius.cat\/<\/a><\/span><\/span><\/span><\/p>\n<p style=\"text-align: justify;\"> \t\t\t\t\t<span style=\"font-size:11px;\"><span style=\"color: rgb(0, 0, 128);\"><span style=\"font-family: verdana,geneva,sans-serif;\">Informe RiusCat 2014:<br \/> \t\t\t\t\t<a href=\"https:\/\/custodiafluvial.files.wordpress.com\/2015\/07\/informe-riuscat-2014.pdf\" target=\"_blank\" rel=\"noopener noreferrer\">https:\/\/custodiafluvial.files.wordpress.com\/2015\/07\/informe-riuscat-2014.pdf<\/a><\/span><\/span><\/span><\/p>\n<p> \t\t\t\t\t<embed flashvars=\"host=picasaweb.google.com&amp;hl=es&amp;feat=flashalbum&amp;RGB=0x000000&amp;feed=https%3A%2F%2Fpicasaweb.google.com%2Fdata%2Ffeed%2Fapi%2Fuser%2F110716022007426142251%2Falbumid%2F6212316803710292273%3Falt%3Drss%26kind%3Dphoto%26hl%3Des\" height=\"333\" pluginspage=\"http:\/\/www.macromedia.com\/go\/getflashplayer\" src=\"https:\/\/photos.gstatic.com\/media\/slideshow.swf\" type=\"application\/x-shockwave-flash\" width=\"500\"><\/embed><\/p>\n<\/td>\n<\/tr>\n<\/tbody>\n<\/table>\n<p> \t&nbsp;<\/p>\n","protected":false},"excerpt":{"rendered":"<p>m\u00e9s fotografies Cicle Formatiu de Salut Ambiental: inspecci\u00f3 del riu Llobregat Durant la primera quinzena del mes d&#8217;octubre els alumnes de primer curs del Cicle Formatiu de Salut Ambiental de l&#8217;institut han realitzat les inspeccions del riu Llobregat corresponents a la campanya de tardor 2015. Aquestes inspeccions s&#8217;emmarquen dins el Projecte Rius<\/p>\n","protected":false},"author":1,"featured_media":1186,"comment_status":"open","ping_status":"open","sticky":false,"template":"","format":"standard","meta":{"_bbp_topic_count":0,"_bbp_reply_count":0,"_bbp_total_topic_count":0,"_bbp_total_reply_count":0,"_bbp_voice_count":0,"_bbp_anonymous_reply_count":0,"_bbp_topic_count_hidden":0,"_bbp_reply_count_hidden":0,"_bbp_forum_subforum_count":0,"site-sidebar-layout":"default","site-content-layout":"","ast-site-content-layout":"","site-content-style":"default","site-sidebar-style":"default","ast-global-header-display":"","ast-banner-title-visibility":"","ast-main-header-display":"","ast-hfb-above-header-display":"","ast-hfb-below-header-display":"","ast-hfb-mobile-header-display":"","site-post-title":"","ast-breadcrumbs-content":"","ast-featured-img":"","footer-sml-layout":"","theme-transparent-header-meta":"","adv-header-id-meta":"","stick-header-meta":"","header-above-stick-meta":"","header-main-stick-meta":"","header-below-stick-meta":"","astra-migrate-meta-layouts":"default","ast-page-background-enabled":"default","ast-page-background-meta":{"desktop":{"background-color":"var(--ast-global-color-4)","background-image":"","background-repeat":"repeat","background-position":"center center","background-size":"auto","background-attachment":"scroll","background-type":"","background-media":"","overlay-type":"","overlay-color":"","overlay-opacity":"","overlay-gradient":""},"tablet":{"background-color":"","background-image":"","background-repeat":"repeat","background-position":"center center","background-size":"auto","background-attachment":"scroll","background-type":"","background-media":"","overlay-type":"","overlay-color":"","overlay-opacity":"","overlay-gradient":""},"mobile":{"background-color":"","background-image":"","background-repeat":"repeat","background-position":"center center","background-size":"auto","background-attachment":"scroll","background-type":"","background-media":"","overlay-type":"","overlay-color":"","overlay-opacity":"","overlay-gradient":""}},"ast-content-background-meta":{"desktop":{"background-color":"var(--ast-global-color-5)","background-image":"","background-repeat":"repeat","background-position":"center center","background-size":"auto","background-attachment":"scroll","background-type":"","background-media":"","overlay-type":"","overlay-color":"","overlay-opacity":"","overlay-gradient":""},"tablet":{"background-color":"var(--ast-global-color-5)","background-image":"","background-repeat":"repeat","background-position":"center center","background-size":"auto","background-attachment":"scroll","background-type":"","background-media":"","overlay-type":"","overlay-color":"","overlay-opacity":"","overlay-gradient":""},"mobile":{"background-color":"var(--ast-global-color-5)","background-image":"","background-repeat":"repeat","background-position":"center center","background-size":"auto","background-attachment":"scroll","background-type":"","background-media":"","overlay-type":"","overlay-color":"","overlay-opacity":"","overlay-gradient":""}},"footnotes":""},"categories":[351],"tags":[],"class_list":["post-1187","post","type-post","status-publish","format-standard","has-post-thumbnail","hentry","category-portada"],"post_mailing_queue_ids":[],"_links":{"self":[{"href":"https:\/\/agora.xtec.cat\/iesmarti-i-pol\/wp-json\/wp\/v2\/posts\/1187","targetHints":{"allow":["GET"]}}],"collection":[{"href":"https:\/\/agora.xtec.cat\/iesmarti-i-pol\/wp-json\/wp\/v2\/posts"}],"about":[{"href":"https:\/\/agora.xtec.cat\/iesmarti-i-pol\/wp-json\/wp\/v2\/types\/post"}],"author":[{"embeddable":true,"href":"https:\/\/agora.xtec.cat\/iesmarti-i-pol\/wp-json\/wp\/v2\/users\/1"}],"replies":[{"embeddable":true,"href":"https:\/\/agora.xtec.cat\/iesmarti-i-pol\/wp-json\/wp\/v2\/comments?post=1187"}],"version-history":[{"count":1,"href":"https:\/\/agora.xtec.cat\/iesmarti-i-pol\/wp-json\/wp\/v2\/posts\/1187\/revisions"}],"predecessor-version":[{"id":18829,"href":"https:\/\/agora.xtec.cat\/iesmarti-i-pol\/wp-json\/wp\/v2\/posts\/1187\/revisions\/18829"}],"wp:featuredmedia":[{"embeddable":true,"href":"https:\/\/agora.xtec.cat\/iesmarti-i-pol\/wp-json\/wp\/v2\/media\/1186"}],"wp:attachment":[{"href":"https:\/\/agora.xtec.cat\/iesmarti-i-pol\/wp-json\/wp\/v2\/media?parent=1187"}],"wp:term":[{"taxonomy":"category","embeddable":true,"href":"https:\/\/agora.xtec.cat\/iesmarti-i-pol\/wp-json\/wp\/v2\/categories?post=1187"},{"taxonomy":"post_tag","embeddable":true,"href":"https:\/\/agora.xtec.cat\/iesmarti-i-pol\/wp-json\/wp\/v2\/tags?post=1187"}],"curies":[{"name":"wp","href":"https:\/\/api.w.org\/{rel}","templated":true}]}}