{"id":1172,"date":"2015-11-28T01:00:00","date_gmt":"2015-11-28T01:00:00","guid":{"rendered":"http:\/\/mmpol.cat\/home2\/mmpolcat\/wordpress\/?p=1172"},"modified":"2021-03-05T19:38:36","modified_gmt":"2021-03-05T18:38:36","slug":"premis-i-concurs-d-idees-per-a-la-reduccio-de-residus","status":"publish","type":"post","link":"https:\/\/agora.xtec.cat\/iesmarti-i-pol\/portada\/premis-i-concurs-d-idees-per-a-la-reduccio-de-residus\/","title":{"rendered":"Premis &quot;I Concurs d\u2019Idees per a la Reducci\u00f3 de Residus&quot;"},"content":{"rendered":"<table border=\"0\" cellpadding=\"1\" cellspacing=\"1\" height=\"103\" style=\"border-top: 10pt solid deeppink; border-bottom: 1pt solid grey;border-left: 1pt solid grey; border-right: 1pt solid grey;\" width=\"500\">\n<tbody>\n<tr>\n<td> \t\t\t\t<img loading=\"lazy\" decoding=\"async\" class=\" size-full wp-image-1171\" alt=\"\" src=\"http:\/\/agora.xtec.cat\/iesmarti-i-pol\/wp-content\/uploads\/usu1292\/2015\/11\/2015_setmana_europea_de_la_preve.jpg\" style=\"width: 100px; height: 137px;\" width=\"414\" height=\"567\" srcset=\"https:\/\/agora.xtec.cat\/iesmarti-i-pol\/wp-content\/uploads\/usu1292\/2015\/11\/2015_setmana_europea_de_la_preve.jpg 414w, https:\/\/agora.xtec.cat\/iesmarti-i-pol\/wp-content\/uploads\/usu1292\/2015\/11\/2015_setmana_europea_de_la_preve-219x300.jpg 219w\" sizes=\"auto, (max-width: 414px) 100vw, 414px\" \/><\/td>\n<td>\n<div style=\"text-align: center;\"> \t\t\t\t\t<span style=\"color:#ff0000;\"><span style=\"font-size: 14px;\">Premis &#8220;I Concurs d\u2019Idees per a la Reducci\u00f3 de Residus&#8221;<\/span><\/span><\/div>\n<div style=\"text-align: center;\"> \t\t\t\t\t<span style=\"font-size: 11px;\"><span style=\"font-family: verdana,geneva,sans-serif;\">El dissabte 28 de novembre es va celebrar el lliurament de premis d&#8217;un concurs en qu\u00e8 van participar els alumnes de 2n de Salut Ambiental i van guanyar el 1r, 2n i 3r premi <\/span><\/span><\/div>\n<\/td>\n<\/tr>\n<\/tbody>\n<\/table>\n<p>  <!--more-->  <\/p>\n<table border=\"0\" cellpadding=\"1\" cellspacing=\"1\" style=\"width: 534px;\">\n<tbody>\n<tr>\n<td>\n<p style=\"text-align: justify;\"> \t\t\t\t\t<span style=\"color:#000080;\"><span style=\"font-size: 11px;\"><span style=\"font-family: verdana,geneva,sans-serif;\"><img loading=\"lazy\" decoding=\"async\" class=\" size-full wp-image-1171\" alt=\"\" src=\"http:\/\/agora.xtec.cat\/iesmarti-i-pol\/wp-content\/uploads\/usu1292\/2015\/11\/2015_setmana_europea_de_la_preve.jpg\" style=\"width: 100px; height: 137px;\" width=\"414\" height=\"567\" srcset=\"https:\/\/agora.xtec.cat\/iesmarti-i-pol\/wp-content\/uploads\/usu1292\/2015\/11\/2015_setmana_europea_de_la_preve.jpg 414w, https:\/\/agora.xtec.cat\/iesmarti-i-pol\/wp-content\/uploads\/usu1292\/2015\/11\/2015_setmana_europea_de_la_preve-219x300.jpg 219w\" sizes=\"auto, (max-width: 414px) 100vw, 414px\" \/>El dissabte 28 de novembre es va celebrar el lliurament de premis d&#8217;un concurs en qu\u00e8 van participar els alumnes de 2n de Salut Ambiental i van guanyar el 1r, 2n i 3r premi. <\/span><\/span><\/span><\/p>\n<p style=\"text-align: justify;\"> \t\t\t\t\t<span style=\"color:#000080;\"><span style=\"font-size: 11px;\"><span style=\"font-family: verdana,geneva,sans-serif;\">Es tractava del concurs &#8220;I Concurs d\u2019Idees per a la Reducci\u00f3 de Residus&#8221; que es celebrava per la Setmana Europea de Prevenci\u00f3 dels Residus i que va ser organitzat per la deixalleria de Cornell\u00e0, el Recibaix i l&#8217;AMB (\u00c0rea Metropolitana de Barcelona). La idea era donar 3 iniciatives per disminuir els nostres residus de forma individual,&nbsp; en les cases, en el treball o en la realitzaci\u00f3 d\u2019activitats quotidianes. Les idees guanyadores van ser:<\/span><\/span><\/span><\/p>\n<p style=\"text-align: justify;\"> \t\t\t\t\t<span style=\"color:#000080;\"><span style=\"font-size: 11px;\"><span style=\"font-family: verdana,geneva,sans-serif;\">1r premi- Pol Mateo Poquet &#8211; Idea: &#8220;Fer igual que als pa\u00efsos n\u00f2rdics i donar valor de l&#8217;env\u00e0s a l&#8217;hora d&#8217;anar a reciclar-lo (ja sigui per pes o per materials) en vals de descopte pel pr\u00f2xim cop que vagi a comprar, etc.&#8221;<\/span><\/span><\/span><\/p>\n<p style=\"text-align: justify;\"> \t\t\t\t\t<span style=\"color:#000080;\"><span style=\"font-size: 11px;\"><span style=\"font-family: verdana,geneva,sans-serif;\">2n premi- Jos\u00e9 Antonio Molina Garc\u00eda- Idea: &#8220;Fer tallers als col\u00b7legis i instituts per a ensenyar a reutilitzar residus com els envasos. Per exemple, els envasos d&#8217;un litre de suc de taronja es poden transformar en testos.&#8221;<\/span><\/span><\/span><\/p>\n<p style=\"text-align: justify;\"> \t\t\t\t\t<span style=\"color:#000080;\"><span style=\"font-size: 11px;\"><span style=\"font-family: verdana,geneva,sans-serif;\">3r premi- Caterina Berengueras Revelles- Idea: &#8220;Reutilitzar productes o allargar la seua vida \u00fatil per a disminuir la quantitat de residus que generem&#8221; <\/span><\/span><\/span><\/p>\n<p> \t\t\t\t\t<embed flashvars=\"host=picasaweb.google.com&amp;hl=en_US&amp;feat=flashalbum&amp;RGB=0x000000&amp;feed=https%3A%2F%2Fpicasaweb.google.com%2Fdata%2Ffeed%2Fapi%2Fuser%2F111892423590083005487%2Falbumid%2F6223388560705842305%3Falt%3Drss%26kind%3Dphoto%26hl%3Den_US\" height=\"333\" pluginspage=\"http:\/\/www.macromedia.com\/go\/getflashplayer\" src=\"https:\/\/photos.gstatic.com\/media\/slideshow.swf\" type=\"application\/x-shockwave-flash\" width=\"500\"><\/embed><\/p>\n<\/td>\n<\/tr>\n<\/tbody>\n<\/table>\n<p> \t&nbsp;<\/p>\n","protected":false},"excerpt":{"rendered":"<p>Premis &#8220;I Concurs d\u2019Idees per a la Reducci\u00f3 de Residus&#8221; El dissabte 28 de novembre es va celebrar el lliurament de premis d&#8217;un concurs en qu\u00e8 van participar els alumnes de 2n de Salut Ambiental i van guanyar el 1r, 2n i 3r premi<\/p>\n","protected":false},"author":1,"featured_media":1171,"comment_status":"open","ping_status":"open","sticky":false,"template":"","format":"standard","meta":{"_bbp_topic_count":0,"_bbp_reply_count":0,"_bbp_total_topic_count":0,"_bbp_total_reply_count":0,"_bbp_voice_count":0,"_bbp_anonymous_reply_count":0,"_bbp_topic_count_hidden":0,"_bbp_reply_count_hidden":0,"_bbp_forum_subforum_count":0,"site-sidebar-layout":"default","site-content-layout":"","ast-site-content-layout":"","site-content-style":"default","site-sidebar-style":"default","ast-global-header-display":"","ast-banner-title-visibility":"","ast-main-header-display":"","ast-hfb-above-header-display":"","ast-hfb-below-header-display":"","ast-hfb-mobile-header-display":"","site-post-title":"","ast-breadcrumbs-content":"","ast-featured-img":"","footer-sml-layout":"","theme-transparent-header-meta":"","adv-header-id-meta":"","stick-header-meta":"","header-above-stick-meta":"","header-main-stick-meta":"","header-below-stick-meta":"","astra-migrate-meta-layouts":"default","ast-page-background-enabled":"default","ast-page-background-meta":{"desktop":{"background-color":"var(--ast-global-color-4)","background-image":"","background-repeat":"repeat","background-position":"center center","background-size":"auto","background-attachment":"scroll","background-type":"","background-media":"","overlay-type":"","overlay-color":"","overlay-opacity":"","overlay-gradient":""},"tablet":{"background-color":"","background-image":"","background-repeat":"repeat","background-position":"center center","background-size":"auto","background-attachment":"scroll","background-type":"","background-media":"","overlay-type":"","overlay-color":"","overlay-opacity":"","overlay-gradient":""},"mobile":{"background-color":"","background-image":"","background-repeat":"repeat","background-position":"center center","background-size":"auto","background-attachment":"scroll","background-type":"","background-media":"","overlay-type":"","overlay-color":"","overlay-opacity":"","overlay-gradient":""}},"ast-content-background-meta":{"desktop":{"background-color":"var(--ast-global-color-5)","background-image":"","background-repeat":"repeat","background-position":"center center","background-size":"auto","background-attachment":"scroll","background-type":"","background-media":"","overlay-type":"","overlay-color":"","overlay-opacity":"","overlay-gradient":""},"tablet":{"background-color":"var(--ast-global-color-5)","background-image":"","background-repeat":"repeat","background-position":"center center","background-size":"auto","background-attachment":"scroll","background-type":"","background-media":"","overlay-type":"","overlay-color":"","overlay-opacity":"","overlay-gradient":""},"mobile":{"background-color":"var(--ast-global-color-5)","background-image":"","background-repeat":"repeat","background-position":"center center","background-size":"auto","background-attachment":"scroll","background-type":"","background-media":"","overlay-type":"","overlay-color":"","overlay-opacity":"","overlay-gradient":""}},"footnotes":""},"categories":[351],"tags":[],"class_list":["post-1172","post","type-post","status-publish","format-standard","has-post-thumbnail","hentry","category-portada"],"post_mailing_queue_ids":[],"_links":{"self":[{"href":"https:\/\/agora.xtec.cat\/iesmarti-i-pol\/wp-json\/wp\/v2\/posts\/1172","targetHints":{"allow":["GET"]}}],"collection":[{"href":"https:\/\/agora.xtec.cat\/iesmarti-i-pol\/wp-json\/wp\/v2\/posts"}],"about":[{"href":"https:\/\/agora.xtec.cat\/iesmarti-i-pol\/wp-json\/wp\/v2\/types\/post"}],"author":[{"embeddable":true,"href":"https:\/\/agora.xtec.cat\/iesmarti-i-pol\/wp-json\/wp\/v2\/users\/1"}],"replies":[{"embeddable":true,"href":"https:\/\/agora.xtec.cat\/iesmarti-i-pol\/wp-json\/wp\/v2\/comments?post=1172"}],"version-history":[{"count":1,"href":"https:\/\/agora.xtec.cat\/iesmarti-i-pol\/wp-json\/wp\/v2\/posts\/1172\/revisions"}],"predecessor-version":[{"id":18824,"href":"https:\/\/agora.xtec.cat\/iesmarti-i-pol\/wp-json\/wp\/v2\/posts\/1172\/revisions\/18824"}],"wp:featuredmedia":[{"embeddable":true,"href":"https:\/\/agora.xtec.cat\/iesmarti-i-pol\/wp-json\/wp\/v2\/media\/1171"}],"wp:attachment":[{"href":"https:\/\/agora.xtec.cat\/iesmarti-i-pol\/wp-json\/wp\/v2\/media?parent=1172"}],"wp:term":[{"taxonomy":"category","embeddable":true,"href":"https:\/\/agora.xtec.cat\/iesmarti-i-pol\/wp-json\/wp\/v2\/categories?post=1172"},{"taxonomy":"post_tag","embeddable":true,"href":"https:\/\/agora.xtec.cat\/iesmarti-i-pol\/wp-json\/wp\/v2\/tags?post=1172"}],"curies":[{"name":"wp","href":"https:\/\/api.w.org\/{rel}","templated":true}]}}