{"id":11605,"date":"2019-01-29T13:14:42","date_gmt":"2019-01-29T12:14:42","guid":{"rendered":"http:\/\/agora.xtec.cat\/iesmarti-i-pol\/?p=11605"},"modified":"2021-03-05T19:35:42","modified_gmt":"2021-03-05T18:35:42","slug":"persienigmes","status":"publish","type":"post","link":"https:\/\/agora.xtec.cat\/iesmarti-i-pol\/general\/persienigmes\/","title":{"rendered":"Persinigmes"},"content":{"rendered":"<p style=\"text-align: justify\"><a href=\"https:\/\/agora.xtec.cat\/iesmarti-i-pol\/wp-content\/uploads\/usu1292\/2019\/01\/1RPERSINIGMA.jpg\"><img loading=\"lazy\" decoding=\"async\" class=\"wp-image-11613 aligncenter\" src=\"https:\/\/agora.xtec.cat\/iesmarti-i-pol\/wp-content\/uploads\/usu1292\/2019\/01\/1RPERSINIGMA-1024x576.jpg\" alt=\"\" width=\"665\" height=\"374\" \/><\/a><\/p>\n<p style=\"text-align: justify\">Com cada any al segon trimestre\u00a0 fem un concurs\u00a0 d\u2019enigmes. Enguany la tem\u00e0tica de les endevinalles \u00e9s liter\u00e0ria,\u00a0 concretament els personatges literaris, <strong>els persinigmes. <\/strong>Tindrem en compte sobretot <strong><em>E<strong>l<\/strong> llibre de la selva,<\/em><\/strong> en commemoraci\u00f3 del seu 125 aniversari de la primera edici\u00f3, per\u00f2 tamb\u00e9 poden ser\u00a0 altres personatges literaris famosos.<\/p>\n<p style=\"text-align: justify\">El concurs consisteix en una petita lliga en la qual \u00a0pot participar tot l\u2019alumnat. Cada dimecres\u00a0 pengem a l\u2019apartat de biblioteca de la p\u00e0gina web de l\u2019institut, a instagram i pels passadissos, aules i biblioteca, un enigma que segons la dificultat t\u00e9 una puntuaci\u00f3 que va des d\u2019un punt fins a vint. El guanyador absolut rep un xec regal de 15 euros.<\/p>\n<p style=\"text-align: justify\">L\u2019alumnat pot respondre a trav\u00e9s de la b\u00fastia de la biblioteca, que est\u00e0 situada a consergeria; o b\u00e9 mitjan\u00e7ant el direct d\u2019instagram, posant el nom, cognoms, curs i evidentment la resposta.<\/p>\n<p>&nbsp;<\/p>\n","protected":false},"excerpt":{"rendered":"<p>Com cada any al segon trimestre\u00a0 fem un concurs\u00a0 d\u2019enigmes. Enguany la tem\u00e0tica de les endevinalles \u00e9s liter\u00e0ria,\u00a0 concretament els personatges literaris, els persinigmes. Tindrem en compte sobretot El llibre de la selva, en commemoraci\u00f3 del seu 125 aniversari de la primera edici\u00f3, per\u00f2 tamb\u00e9 poden ser\u00a0 altres personatges literaris famosos. El concurs consisteix en [&hellip;]<\/p>\n","protected":false},"author":1,"featured_media":11613,"comment_status":"open","ping_status":"closed","sticky":false,"template":"","format":"standard","meta":{"_bbp_topic_count":0,"_bbp_reply_count":0,"_bbp_total_topic_count":0,"_bbp_total_reply_count":0,"_bbp_voice_count":0,"_bbp_anonymous_reply_count":0,"_bbp_topic_count_hidden":0,"_bbp_reply_count_hidden":0,"_bbp_forum_subforum_count":0,"site-sidebar-layout":"default","site-content-layout":"","ast-site-content-layout":"","site-content-style":"default","site-sidebar-style":"default","ast-global-header-display":"","ast-banner-title-visibility":"","ast-main-header-display":"","ast-hfb-above-header-display":"","ast-hfb-below-header-display":"","ast-hfb-mobile-header-display":"","site-post-title":"","ast-breadcrumbs-content":"","ast-featured-img":"","footer-sml-layout":"","theme-transparent-header-meta":"","adv-header-id-meta":"","stick-header-meta":"","header-above-stick-meta":"","header-main-stick-meta":"","header-below-stick-meta":"","astra-migrate-meta-layouts":"default","ast-page-background-enabled":"default","ast-page-background-meta":{"desktop":{"background-color":"var(--ast-global-color-4)","background-image":"","background-repeat":"repeat","background-position":"center center","background-size":"auto","background-attachment":"scroll","background-type":"","background-media":"","overlay-type":"","overlay-color":"","overlay-opacity":"","overlay-gradient":""},"tablet":{"background-color":"","background-image":"","background-repeat":"repeat","background-position":"center center","background-size":"auto","background-attachment":"scroll","background-type":"","background-media":"","overlay-type":"","overlay-color":"","overlay-opacity":"","overlay-gradient":""},"mobile":{"background-color":"","background-image":"","background-repeat":"repeat","background-position":"center center","background-size":"auto","background-attachment":"scroll","background-type":"","background-media":"","overlay-type":"","overlay-color":"","overlay-opacity":"","overlay-gradient":""}},"ast-content-background-meta":{"desktop":{"background-color":"var(--ast-global-color-5)","background-image":"","background-repeat":"repeat","background-position":"center center","background-size":"auto","background-attachment":"scroll","background-type":"","background-media":"","overlay-type":"","overlay-color":"","overlay-opacity":"","overlay-gradient":""},"tablet":{"background-color":"var(--ast-global-color-5)","background-image":"","background-repeat":"repeat","background-position":"center center","background-size":"auto","background-attachment":"scroll","background-type":"","background-media":"","overlay-type":"","overlay-color":"","overlay-opacity":"","overlay-gradient":""},"mobile":{"background-color":"var(--ast-global-color-5)","background-image":"","background-repeat":"repeat","background-position":"center center","background-size":"auto","background-attachment":"scroll","background-type":"","background-media":"","overlay-type":"","overlay-color":"","overlay-opacity":"","overlay-gradient":""}},"footnotes":""},"categories":[611,587,347,351],"tags":[613],"class_list":["post-11605","post","type-post","status-publish","format-standard","has-post-thumbnail","hentry","category-activitats-del-curs-2017-2018-ca","category-biblioteca-pere-morros-ca","category-general","category-portada","tag-enigmes-ca"],"post_mailing_queue_ids":[],"_links":{"self":[{"href":"https:\/\/agora.xtec.cat\/iesmarti-i-pol\/wp-json\/wp\/v2\/posts\/11605","targetHints":{"allow":["GET"]}}],"collection":[{"href":"https:\/\/agora.xtec.cat\/iesmarti-i-pol\/wp-json\/wp\/v2\/posts"}],"about":[{"href":"https:\/\/agora.xtec.cat\/iesmarti-i-pol\/wp-json\/wp\/v2\/types\/post"}],"author":[{"embeddable":true,"href":"https:\/\/agora.xtec.cat\/iesmarti-i-pol\/wp-json\/wp\/v2\/users\/1"}],"replies":[{"embeddable":true,"href":"https:\/\/agora.xtec.cat\/iesmarti-i-pol\/wp-json\/wp\/v2\/comments?post=11605"}],"version-history":[{"count":3,"href":"https:\/\/agora.xtec.cat\/iesmarti-i-pol\/wp-json\/wp\/v2\/posts\/11605\/revisions"}],"predecessor-version":[{"id":11619,"href":"https:\/\/agora.xtec.cat\/iesmarti-i-pol\/wp-json\/wp\/v2\/posts\/11605\/revisions\/11619"}],"wp:featuredmedia":[{"embeddable":true,"href":"https:\/\/agora.xtec.cat\/iesmarti-i-pol\/wp-json\/wp\/v2\/media\/11613"}],"wp:attachment":[{"href":"https:\/\/agora.xtec.cat\/iesmarti-i-pol\/wp-json\/wp\/v2\/media?parent=11605"}],"wp:term":[{"taxonomy":"category","embeddable":true,"href":"https:\/\/agora.xtec.cat\/iesmarti-i-pol\/wp-json\/wp\/v2\/categories?post=11605"},{"taxonomy":"post_tag","embeddable":true,"href":"https:\/\/agora.xtec.cat\/iesmarti-i-pol\/wp-json\/wp\/v2\/tags?post=11605"}],"curies":[{"name":"wp","href":"https:\/\/api.w.org\/{rel}","templated":true}]}}