{"id":10734,"date":"2019-07-09T23:59:07","date_gmt":"2019-07-09T21:59:07","guid":{"rendered":"http:\/\/agora.xtec.cat\/iesmarti-i-pol\/?p=10734"},"modified":"2021-03-05T19:35:33","modified_gmt":"2021-03-05T18:35:33","slug":"deures-estiu-alumnat-de-6e-a-1r-deso","status":"publish","type":"post","link":"https:\/\/agora.xtec.cat\/iesmarti-i-pol\/general\/deures-estiu-alumnat-de-6e-a-1r-deso\/","title":{"rendered":"Deures estiu (alumnat de 6\u00e8 a 1r d&#8217;ESO)"},"content":{"rendered":"<p><span style=\"color: #000000;\"><a style=\"color: #000000;\" href=\"http:\/\/agora.xtec.cat\/iesmarti-i-pol\/wp-content\/uploads\/usu1292\/2018\/07\/Tasques-destiu_carta-informaci\u00f3.pdf\" target=\"_blank\" rel=\"noopener noreferrer\">Benvolgudes fam\u00edlies,<\/a><\/span><\/p>\n<p>Aquestes s\u00f3n les tasques d\u2019estiu acordades a la coordinaci\u00f3 prim<a href=\"https:\/\/agora.xtec.cat\/iesmarti-i-pol\/wp-content\/uploads\/usu1292\/2019\/07\/\u00edndice.jpg\"><img loading=\"lazy\" decoding=\"async\" class=\"size-full wp-image-13669 alignright\" src=\"https:\/\/agora.xtec.cat\/iesmarti-i-pol\/wp-content\/uploads\/usu1292\/2019\/07\/\u00edndice.jpg\" alt=\"\" width=\"251\" height=\"201\" \/><\/a>\u00e0ria-secund\u00e0ria. L\u2019alumnat que no ha superat alguna de les \u00e0rees de llengua i\/o la de matem\u00e0tiques haur\u00e0 de lliurar obligat\u00f2riament les activitats encomanades des de l&#8217;escola al tutor\/a de l\u2019institut a l&#8217;inici del curs (divendres 13\/9\/19).\u00a0 Aquestes activitats tamb\u00e9 es recomanen per a la resta de l\u2019alumnat i es tindran en compte en l\u2019avaluaci\u00f3 inicial de 1r d\u2019ESO.<\/p>\n<p><strong>Les activitats s\u00f3n les seg\u00fcents:<\/strong><\/p>\n<ul style=\"list-style-type: square;\">\n<li><strong>Llengua catalana: \u00a0<\/strong><br \/>\nDossier d\u2019activitats de<a href=\"http:\/\/agora.xtec.cat\/iesmarti-i-pol\/wp-content\/uploads\/usu1292\/2018\/07\/Comprensi\u00f3-lectora-de-6\u00e8_catal\u00e0-1.pdf\" target=\"_blank\" rel=\"noopener noreferrer\"> comprensi\u00f3 lectora <\/a>i d\u2019<a href=\"http:\/\/agora.xtec.cat\/iesmarti-i-pol\/wp-content\/uploads\/usu1292\/2018\/07\/Tasques-destiu_carta-informaci\u00f3.pdf\" target=\"_blank\" rel=\"noopener noreferrer\">expressi\u00f3 escrita<\/a>.<\/li>\n<\/ul>\n<ul style=\"list-style-type: square;\">\n<li><strong><a href=\"http:\/\/agora.xtec.cat\/iesmarti-i-pol\/wp-content\/uploads\/usu1292\/2018\/07\/Deures-de-castell\u00e0_6\u00e8-1-1.pdf\" target=\"_blank\" rel=\"noopener noreferrer\"> Llengua castellana:<\/a> \u00a0<\/strong><br \/>\no Lectura d\u2019un llibre i resum del mateix. Podran triar un d\u2019aquests dos:<\/li>\n<\/ul>\n<p>&#8211; Roald Dahl. <strong>Las brujas.<\/strong> Editorial Alfaguara.\u00a0\u00a0\u00a0\u00a0\u00a0 (ISBN 84-204-4537-1)<\/p>\n<p>&#8211; Gloria Cecilia D\u00edaz. <strong>\u00d3yeme con los ojos.<\/strong> Editorial Anaya (ISBN 84-207-4403-4)<\/p>\n<p>A m\u00e9s es recomana llegir:<\/p>\n<p><b>Catal\u00e0<\/b><\/p>\n<p>\u201cEls Secrets de l\u2019escola\u201d. Ed. Blackie little Books. (a partir de 10 anys).<\/p>\n<p>\u201cNo em ratllis\u201d. Flavia Company. Ed. Cru\u00eflla, 2013. (a partir de 12 anys).<\/p>\n<p>Castell\u00e0<\/p>\n<p>\u201c\u00a1 Nadie es un zombi!\u201d. Jordi Folk. Ed. Anaya.<\/p>\n<p>\u201cUn esqueleto inquieto\u201d. Sergio Klein. El duende verde. Ed. Anaya.<\/p>\n<p>Proposta de <a href=\"https:\/\/agora.xtec.cat\/iesmarti-i-pol\/wp-content\/uploads\/usu1292\/2019\/07\/fitxa-lectura-biblioteca.docx\" target=\"_blank\" rel=\"noopener noreferrer\">fitxa lectura biblioteca<\/a><\/p>\n<p>Dossier d&#8217;<a href=\"https:\/\/agora.xtec.cat\/iesmarti-i-pol\/wp-content\/uploads\/usu1292\/2019\/07\/Expresi\u00f3n-escrita.pdf\" target=\"_blank\" rel=\"noopener noreferrer\">Expresi\u00f3n escrita<\/a> i de <a href=\"https:\/\/agora.xtec.cat\/iesmarti-i-pol\/wp-content\/uploads\/usu1292\/2019\/07\/Comprensi\u00f3n-lectora.pdf\" target=\"_blank\" rel=\"noopener noreferrer\">Comprensi\u00f3n lectora<\/a>.<\/p>\n<ul style=\"list-style-type: square;\">\n<li><strong>Matem\u00e0tiques: \u00a0<\/strong><br \/>\no <a href=\"http:\/\/agora.xtec.cat\/iesmarti-i-pol\/wp-content\/uploads\/usu1292\/2018\/07\/Tasques-de-matem\u00e0tiques-6\u00e8-a-1r.pdf\" target=\"_blank\" rel=\"noopener noreferrer\">Dossier d\u2019activitats<\/a><\/li>\n<\/ul>\n<ul style=\"list-style-type: square;\">\n<li><strong>Llengua anglesa: \u00a0<\/strong><br \/>\no<a href=\"http:\/\/agora.xtec.cat\/iesmarti-i-pol\/wp-content\/uploads\/usu1292\/2018\/07\/Tasques-dEnglish-ilovepdf-compressed.pdf\" target=\"_blank\" rel=\"noopener noreferrer\"> Dossier d\u2019activitats. <\/a><\/li>\n<\/ul>\n<p>&nbsp;<\/p>\n<p>Us desitgem que gaudiu d&#8217;un bon estiu<\/p>\n<p>&nbsp;<\/p>\n","protected":false},"excerpt":{"rendered":"<p>Benvolgudes fam\u00edlies, Aquestes s\u00f3n les tasques d\u2019estiu acordades a la coordinaci\u00f3 prim\u00e0ria-secund\u00e0ria. L\u2019alumnat que no ha superat alguna de les \u00e0rees de llengua i\/o la de matem\u00e0tiques haur\u00e0 de lliurar obligat\u00f2riament les activitats encomanades des de l&#8217;escola al tutor\/a de l\u2019institut a l&#8217;inici del curs (divendres 13\/9\/19).\u00a0 Aquestes activitats tamb\u00e9 es recomanen per a la [&hellip;]<\/p>\n","protected":false},"author":1,"featured_media":0,"comment_status":"open","ping_status":"closed","sticky":false,"template":"","format":"standard","meta":{"_bbp_topic_count":0,"_bbp_reply_count":0,"_bbp_total_topic_count":0,"_bbp_total_reply_count":0,"_bbp_voice_count":0,"_bbp_anonymous_reply_count":0,"_bbp_topic_count_hidden":0,"_bbp_reply_count_hidden":0,"_bbp_forum_subforum_count":0,"site-sidebar-layout":"default","site-content-layout":"","ast-site-content-layout":"","site-content-style":"default","site-sidebar-style":"default","ast-global-header-display":"","ast-banner-title-visibility":"","ast-main-header-display":"","ast-hfb-above-header-display":"","ast-hfb-below-header-display":"","ast-hfb-mobile-header-display":"","site-post-title":"","ast-breadcrumbs-content":"","ast-featured-img":"","footer-sml-layout":"","theme-transparent-header-meta":"","adv-header-id-meta":"","stick-header-meta":"","header-above-stick-meta":"","header-main-stick-meta":"","header-below-stick-meta":"","astra-migrate-meta-layouts":"default","ast-page-background-enabled":"default","ast-page-background-meta":{"desktop":{"background-color":"var(--ast-global-color-4)","background-image":"","background-repeat":"repeat","background-position":"center center","background-size":"auto","background-attachment":"scroll","background-type":"","background-media":"","overlay-type":"","overlay-color":"","overlay-opacity":"","overlay-gradient":""},"tablet":{"background-color":"","background-image":"","background-repeat":"repeat","background-position":"center center","background-size":"auto","background-attachment":"scroll","background-type":"","background-media":"","overlay-type":"","overlay-color":"","overlay-opacity":"","overlay-gradient":""},"mobile":{"background-color":"","background-image":"","background-repeat":"repeat","background-position":"center center","background-size":"auto","background-attachment":"scroll","background-type":"","background-media":"","overlay-type":"","overlay-color":"","overlay-opacity":"","overlay-gradient":""}},"ast-content-background-meta":{"desktop":{"background-color":"var(--ast-global-color-5)","background-image":"","background-repeat":"repeat","background-position":"center center","background-size":"auto","background-attachment":"scroll","background-type":"","background-media":"","overlay-type":"","overlay-color":"","overlay-opacity":"","overlay-gradient":""},"tablet":{"background-color":"var(--ast-global-color-5)","background-image":"","background-repeat":"repeat","background-position":"center center","background-size":"auto","background-attachment":"scroll","background-type":"","background-media":"","overlay-type":"","overlay-color":"","overlay-opacity":"","overlay-gradient":""},"mobile":{"background-color":"var(--ast-global-color-5)","background-image":"","background-repeat":"repeat","background-position":"center center","background-size":"auto","background-attachment":"scroll","background-type":"","background-media":"","overlay-type":"","overlay-color":"","overlay-opacity":"","overlay-gradient":""}},"footnotes":""},"categories":[943,347,351],"tags":[],"class_list":["post-10734","post","type-post","status-publish","format-standard","hentry","category-activitats-del-curs-2019-2020","category-general","category-portada"],"post_mailing_queue_ids":[],"_links":{"self":[{"href":"https:\/\/agora.xtec.cat\/iesmarti-i-pol\/wp-json\/wp\/v2\/posts\/10734","targetHints":{"allow":["GET"]}}],"collection":[{"href":"https:\/\/agora.xtec.cat\/iesmarti-i-pol\/wp-json\/wp\/v2\/posts"}],"about":[{"href":"https:\/\/agora.xtec.cat\/iesmarti-i-pol\/wp-json\/wp\/v2\/types\/post"}],"author":[{"embeddable":true,"href":"https:\/\/agora.xtec.cat\/iesmarti-i-pol\/wp-json\/wp\/v2\/users\/1"}],"replies":[{"embeddable":true,"href":"https:\/\/agora.xtec.cat\/iesmarti-i-pol\/wp-json\/wp\/v2\/comments?post=10734"}],"version-history":[{"count":3,"href":"https:\/\/agora.xtec.cat\/iesmarti-i-pol\/wp-json\/wp\/v2\/posts\/10734\/revisions"}],"predecessor-version":[{"id":13827,"href":"https:\/\/agora.xtec.cat\/iesmarti-i-pol\/wp-json\/wp\/v2\/posts\/10734\/revisions\/13827"}],"wp:attachment":[{"href":"https:\/\/agora.xtec.cat\/iesmarti-i-pol\/wp-json\/wp\/v2\/media?parent=10734"}],"wp:term":[{"taxonomy":"category","embeddable":true,"href":"https:\/\/agora.xtec.cat\/iesmarti-i-pol\/wp-json\/wp\/v2\/categories?post=10734"},{"taxonomy":"post_tag","embeddable":true,"href":"https:\/\/agora.xtec.cat\/iesmarti-i-pol\/wp-json\/wp\/v2\/tags?post=10734"}],"curies":[{"name":"wp","href":"https:\/\/api.w.org\/{rel}","templated":true}]}}