{"id":1058,"date":"2015-04-16T22:00:00","date_gmt":"2015-04-16T22:00:00","guid":{"rendered":"http:\/\/mmpol.cat\/home2\/mmpolcat\/wordpress\/?p=1058"},"modified":"2021-03-05T19:39:17","modified_gmt":"2021-03-05T18:39:17","slug":"ponencia-al-salo-internacional-del-comic","status":"publish","type":"post","link":"https:\/\/agora.xtec.cat\/iesmarti-i-pol\/portada\/ponencia-al-salo-internacional-del-comic\/","title":{"rendered":"Pon\u00e8ncia al Sal\u00f3 Internacional del C\u00f2mic"},"content":{"rendered":"<table border=\"0\" cellpadding=\"1\" cellspacing=\"1\" style=\"\" width=\"500\">\n<tbody>\n<tr>\n<td bgcolor=\"#cc0099\" style=\"text-align: justify;\">\n<div style=\"text-align: center;\"> \t\t\t\t\t<span style=\"color: rgb(51, 51, 153);\"><strong><span style=\"color: rgb(255, 255, 255);\">Pon\u00e8ncia al Sal\u00f3 Internacional del C\u00f2mic<\/span><\/strong><\/span><\/div>\n<\/td>\n<\/tr>\n<\/tbody>\n<\/table>\n<p>  <!--more-->  <\/p>\n<table border=\"0\" cellpadding=\"1\" cellspacing=\"1\" style=\"width: 534px; height: 64px;\" width=\"534\">\n<tbody>\n<tr>\n<td> \t\t\t\t<span style=\"font-size: xx-small;\"><span style=\"color: rgb(0, 0, 204);\"><img loading=\"lazy\" decoding=\"async\" class=\" size-full wp-image-14\" alt=\"\" height=\"15\" src=\"http:\/\/agora.xtec.cat\/iesmarti-i-pol\/wp-content\/uploads\/usu1292\/2008\/07\/espai.gif\" width=\"15\" \/><\/span><\/span><\/td>\n<td style=\"text-align: justify;\">\n<p> \t\t\t\t\t<span style=\"font-size: xx-small;\"><span style=\"color: rgb(0, 0, 204);\"><span style=\"font-size: 12px;\"><span style=\"font-family: Verdana;\"><font color=\"#0000cc\">Dijous dia 16 d\u2019abril vam presentar al Sal\u00f3 Internacional del C\u00f2mic una pon\u00e8ncia sobre les Maletes de C\u00f2mic dins de \u201cVIII Jornada: el c\u00f2mic, una eina pedag\u00f2gica adre\u00e7ada als Mestres\u201d. A partir de les Maletes de C\u00f2mic prestades pel Centre de Recursos de Cornell\u00e0, el centre va elaborar tota una s\u00e8rie d\u2019activitats i projectes relacionats amb el c\u00f2mic.<\/font><\/span><\/span><\/span><\/span><\/p>\n<p> \t\t\t\t\t<span style=\"font-size: xx-small;\"><span style=\"color: rgb(0, 0, 204);\"><span style=\"font-size: 12px;\"><span style=\"font-family: Verdana;\"><font color=\"#0000cc\">D\u2019un primer moment, la biblioteca, aprofitant que Cornell\u00e0 celebrava la 30a Mostra de C\u00f2mics, moltes activitats, des d\u2019exposicions, com ara, Ot El Bruixot, xerrades sobre la F\u00edsica dels superherois en els c\u00f2mics, punts de llibres sobre el c\u00f2mic o comienigmes.<\/font><\/span><\/span><\/span><\/span><\/p>\n<p> \t\t\t\t\t<span style=\"font-size: xx-small;\"><span style=\"color: rgb(0, 0, 204);\"><span style=\"font-size: 12px;\"><span style=\"font-family: Verdana;\"><font color=\"#0000cc\">Despr\u00e9s, es va presentar el treball de s\u00edntesi de 2n sobre el c\u00f2mic que permet treballar les diferents compet\u00e8ncies b\u00e0siques i de manera transversal. L\u2019objectiu del treball de s\u00edntesi era fer un c\u00f2mic en grup aplicant diferents t\u00e8cniques i parts del c\u00f2mic (diferents plans, vinyetes o onomatopeies). Durant el treball de s\u00edntesi, es va fer una sortida a les pistes d\u2019atlestime per fer de superherois, es va visitar la biblioteca i els c\u00f2mics o es va mirar una pel\u00b7l\u00edcula d\u2019un c\u00f2mic, entre d\u2019altres activitats.<\/font><\/span><\/span><\/span><\/span><\/p>\n<p> \t\t\t\t\t<span style=\"font-size: xx-small;\"><span style=\"color: rgb(0, 0, 204);\"><span style=\"font-size: 12px;\"><span style=\"font-family: Verdana;\"><font color=\"#0000cc\">Finalment, es va presentar una experi\u00e8ncia feta a l\u2019assignatura d\u2019economia a Batxillerat a partir dels c\u00f2mics sobre economia de Jos\u00e9 Sande i Carlos Calvo, els quals tracten diferents temes del curr\u00edculum i s\u00f3n de gran ajuda per consolidar els diferents conceptes.<\/font><\/span><\/span><\/span><\/span><\/p>\n<p> \t\t\t\t\t<span style=\"font-size: xx-small;\"><span style=\"color: rgb(0, 0, 204);\"><span style=\"font-size: 12px;\"><span style=\"font-family: Verdana;\"><font color=\"#0000cc\">Aquestes s\u00f3n les activitats i projectes que es van presentar al Sal\u00f3 Internacional del C\u00f2mic, on es van poder compartir amb altres experi\u00e8ncies educatives d\u2019altres centres, que van resultar molt positives i engrescadores. Nosaltres continuarem treballant amb el c\u00f2mic, una eina que pot ser molt educativa, que permet treballar totes les mat\u00e8ries des d\u2019un altre angle i de forma transversal i que potencia el gust per la lectura.<\/font><\/span><\/span><\/span><\/span><\/p>\n<p style=\"text-align: center;\"> \t\t\t\t\t<span style=\"font-size: xx-small;\"><span style=\"color: rgb(0, 0, 204);\"><span style=\"font-size: 12px;\"><span style=\"font-family: Verdana;\"><font color=\"#0000cc\"><a href=\"https:\/\/prezi.com\/yanekloq5x6x\/maletes-de-comic\/\" target=\"_blank\" rel=\"noopener noreferrer\">Enlla\u00e7 pon\u00e8ncia<\/a><\/font><\/span><\/span><\/span><\/span><\/p>\n<p style=\"text-align: center;\"> \t\t\t\t\t<span style=\"font-size: xx-small;\"><span style=\"color: rgb(0, 0, 204);\"><span style=\"font-size: 12px;\"><span style=\"font-family: Verdana;\"><font color=\"#0000cc\"><a href=\"http:\/\/comic-33.ficomic.com\/sala-actes-2.cfm\" target=\"_blank\" rel=\"noopener noreferrer\">Enlla\u00e7 Sal\u00f3 del C\u00f2mic<\/a><\/font><\/span><\/span><\/span><\/span><\/p>\n<p> \t\t\t\t<span style=\"font-size: xx-small;\"><span style=\"color: rgb(0, 0, 204);\"><embed flashvars=\"host=picasaweb.google.com&amp;hl=en_US&amp;feat=flashalbum&amp;RGB=0x000000&amp;feed=https%3A%2F%2Fpicasaweb.google.com%2Fdata%2Ffeed%2Fapi%2Fuser%2F111892423590083005487%2Falbumid%2F6144697786043223073%3Falt%3Drss%26kind%3Dphoto%26hl%3Den_US\" height=\"333\" pluginspage=\"http:\/\/www.macromedia.com\/go\/getflashplayer\" src=\"https:\/\/static.googleusercontent.com\/external_content\/picasaweb.googleusercontent.com\/slideshow.swf\" type=\"application\/x-shockwave-flash\" width=\"500\"><\/embed> <\/span><\/span><\/td>\n<\/tr>\n<\/tbody>\n<\/table>\n","protected":false},"excerpt":{"rendered":"<p>Pon\u00e8ncia al Sal\u00f3 Internacional del C\u00f2mic<\/p>\n","protected":false},"author":1,"featured_media":2240,"comment_status":"open","ping_status":"open","sticky":false,"template":"","format":"standard","meta":{"_bbp_topic_count":0,"_bbp_reply_count":0,"_bbp_total_topic_count":0,"_bbp_total_reply_count":0,"_bbp_voice_count":0,"_bbp_anonymous_reply_count":0,"_bbp_topic_count_hidden":0,"_bbp_reply_count_hidden":0,"_bbp_forum_subforum_count":0,"site-sidebar-layout":"default","site-content-layout":"","ast-site-content-layout":"","site-content-style":"default","site-sidebar-style":"default","ast-global-header-display":"","ast-banner-title-visibility":"","ast-main-header-display":"","ast-hfb-above-header-display":"","ast-hfb-below-header-display":"","ast-hfb-mobile-header-display":"","site-post-title":"","ast-breadcrumbs-content":"","ast-featured-img":"","footer-sml-layout":"","theme-transparent-header-meta":"","adv-header-id-meta":"","stick-header-meta":"","header-above-stick-meta":"","header-main-stick-meta":"","header-below-stick-meta":"","astra-migrate-meta-layouts":"default","ast-page-background-enabled":"default","ast-page-background-meta":{"desktop":{"background-color":"var(--ast-global-color-4)","background-image":"","background-repeat":"repeat","background-position":"center center","background-size":"auto","background-attachment":"scroll","background-type":"","background-media":"","overlay-type":"","overlay-color":"","overlay-opacity":"","overlay-gradient":""},"tablet":{"background-color":"","background-image":"","background-repeat":"repeat","background-position":"center center","background-size":"auto","background-attachment":"scroll","background-type":"","background-media":"","overlay-type":"","overlay-color":"","overlay-opacity":"","overlay-gradient":""},"mobile":{"background-color":"","background-image":"","background-repeat":"repeat","background-position":"center center","background-size":"auto","background-attachment":"scroll","background-type":"","background-media":"","overlay-type":"","overlay-color":"","overlay-opacity":"","overlay-gradient":""}},"ast-content-background-meta":{"desktop":{"background-color":"var(--ast-global-color-5)","background-image":"","background-repeat":"repeat","background-position":"center center","background-size":"auto","background-attachment":"scroll","background-type":"","background-media":"","overlay-type":"","overlay-color":"","overlay-opacity":"","overlay-gradient":""},"tablet":{"background-color":"var(--ast-global-color-5)","background-image":"","background-repeat":"repeat","background-position":"center center","background-size":"auto","background-attachment":"scroll","background-type":"","background-media":"","overlay-type":"","overlay-color":"","overlay-opacity":"","overlay-gradient":""},"mobile":{"background-color":"var(--ast-global-color-5)","background-image":"","background-repeat":"repeat","background-position":"center center","background-size":"auto","background-attachment":"scroll","background-type":"","background-media":"","overlay-type":"","overlay-color":"","overlay-opacity":"","overlay-gradient":""}},"footnotes":""},"categories":[351],"tags":[],"class_list":["post-1058","post","type-post","status-publish","format-standard","has-post-thumbnail","hentry","category-portada"],"post_mailing_queue_ids":[],"_links":{"self":[{"href":"https:\/\/agora.xtec.cat\/iesmarti-i-pol\/wp-json\/wp\/v2\/posts\/1058","targetHints":{"allow":["GET"]}}],"collection":[{"href":"https:\/\/agora.xtec.cat\/iesmarti-i-pol\/wp-json\/wp\/v2\/posts"}],"about":[{"href":"https:\/\/agora.xtec.cat\/iesmarti-i-pol\/wp-json\/wp\/v2\/types\/post"}],"author":[{"embeddable":true,"href":"https:\/\/agora.xtec.cat\/iesmarti-i-pol\/wp-json\/wp\/v2\/users\/1"}],"replies":[{"embeddable":true,"href":"https:\/\/agora.xtec.cat\/iesmarti-i-pol\/wp-json\/wp\/v2\/comments?post=1058"}],"version-history":[{"count":1,"href":"https:\/\/agora.xtec.cat\/iesmarti-i-pol\/wp-json\/wp\/v2\/posts\/1058\/revisions"}],"predecessor-version":[{"id":18862,"href":"https:\/\/agora.xtec.cat\/iesmarti-i-pol\/wp-json\/wp\/v2\/posts\/1058\/revisions\/18862"}],"wp:featuredmedia":[{"embeddable":true,"href":"https:\/\/agora.xtec.cat\/iesmarti-i-pol\/wp-json\/wp\/v2\/media\/2240"}],"wp:attachment":[{"href":"https:\/\/agora.xtec.cat\/iesmarti-i-pol\/wp-json\/wp\/v2\/media?parent=1058"}],"wp:term":[{"taxonomy":"category","embeddable":true,"href":"https:\/\/agora.xtec.cat\/iesmarti-i-pol\/wp-json\/wp\/v2\/categories?post=1058"},{"taxonomy":"post_tag","embeddable":true,"href":"https:\/\/agora.xtec.cat\/iesmarti-i-pol\/wp-json\/wp\/v2\/tags?post=1058"}],"curies":[{"name":"wp","href":"https:\/\/api.w.org\/{rel}","templated":true}]}}