{"id":10351,"date":"2018-04-27T18:27:13","date_gmt":"2018-04-27T16:27:13","guid":{"rendered":"http:\/\/agora.xtec.cat\/iesmarti-i-pol\/?p=10351"},"modified":"2021-03-05T19:35:55","modified_gmt":"2021-03-05T18:35:55","slug":"sant-jordi","status":"publish","type":"post","link":"https:\/\/agora.xtec.cat\/iesmarti-i-pol\/portada\/sant-jordi\/","title":{"rendered":"Sant Jordi"},"content":{"rendered":"<p>Dilluns vam celebrar Sant Jordi a l&#8217;institut, una festa cultural que ens agrada molt.<\/p>\n<p>Durant tota la jornada, vam comptar amb dues paredetes. A l&#8217;institut vam vendre llibres de segona m\u00e0, roses de paper i caramels i fermalls. Els diners recaptats aniran a la campanya contra el c\u00e0ncer infantil que s&#8217;est\u00e0 fent a Cornell\u00e0 amb l&#8217;ajuda de la Gu\u00e0rdia Urbana. A fora de l&#8217;institut, vam tenir una parada amb roses i llibres que va portar a terme l&#8217;alumnat de 3r d&#8217;ESO per finan\u00e7ar el viatge d&#8217;alemany.<\/p>\n<p>A l&#8217;hora del pati, vam repartir els premis dels Jocs Florals de l&#8217;alumnat de 3r i 4t d&#8217;ESO i Batxillerat. L&#8217;alumnat es presentava a premis de castell\u00e0, catal\u00e0, angl\u00e8s i fotografia matem\u00e0tica.<\/p>\n<p>Despr\u00e9s del pati, va ser el torn de l&#8217;alumnat de 1r i 2n d&#8217;ESO. D&#8217;una banda, l&#8217;alumnat de 1r d&#8217;ESO va fer una trobada amb l&#8217;alumnat TEI de 3r d&#8217;ESO i van coconstruir roses. Van continuar fent tallers amb el professorat i, finalment, van fer el lliurament de premis a l&#8217;aula Polivalent. Durant l&#8217;entrega de premis, vam comptar amb l&#8217;actuaci\u00f3 de les obres de teatre de l&#8217;alumnat de literatura universal i castellana de 1r de Batxillerat: <em>Hamlet<\/em> de Shakespeare i <em>La trag\u00e8dia de Sisebuto. <\/em>Tot un \u00e8xit!<\/p>\n<p>De l&#8217;altra banda, 2n d&#8217;ESO va comen\u00e7ar l&#8217;entrega de premis i, posteriorment, va fer tallers amb el professorat, des de ioga a roses d&#8217;origami passant per jocs d&#8217;educaci\u00f3 f\u00edsica.<\/p>\n<p>Esperem que h\u00e0giu tingut moltes roses i llibres i, que igual que nosaltres, h\u00e0giu tingut una bona jornada de Sant Jordi!\u00a0<a href=\"http:\/\/agora.xtec.cat\/iesmarti-i-pol\/wp-content\/uploads\/usu1292\/2018\/04\/IMG_20180423_140018.jpg\"><img loading=\"lazy\" decoding=\"async\" class=\"wp-image-10352 aligncenter\" src=\"http:\/\/agora.xtec.cat\/iesmarti-i-pol\/wp-content\/uploads\/usu1292\/2018\/04\/IMG_20180423_140018.jpg\" alt=\"\" width=\"426\" height=\"320\" srcset=\"https:\/\/agora.xtec.cat\/iesmarti-i-pol\/wp-content\/uploads\/usu1292\/2018\/04\/IMG_20180423_140018.jpg 843w, https:\/\/agora.xtec.cat\/iesmarti-i-pol\/wp-content\/uploads\/usu1292\/2018\/04\/IMG_20180423_140018-300x225.jpg 300w, https:\/\/agora.xtec.cat\/iesmarti-i-pol\/wp-content\/uploads\/usu1292\/2018\/04\/IMG_20180423_140018-768x576.jpg 768w, https:\/\/agora.xtec.cat\/iesmarti-i-pol\/wp-content\/uploads\/usu1292\/2018\/04\/IMG_20180423_140018-200x150.jpg 200w\" sizes=\"auto, (max-width: 426px) 100vw, 426px\" \/><\/a><\/p>\n<p style=\"text-align: center\"><a href=\"https:\/\/photos.app.goo.gl\/QYAY4RpeZYUNwMoA3\">M\u00e9s fotos<\/a><\/p>\n","protected":false},"excerpt":{"rendered":"<p>Dilluns vam celebrar Sant Jordi a l&#8217;institut, una festa cultural que ens agrada molt. Durant tota la jornada, vam comptar amb dues paredetes. A l&#8217;institut vam vendre llibres de segona m\u00e0, roses de paper i caramels i fermalls. Els diners recaptats aniran a la campanya contra el c\u00e0ncer infantil que s&#8217;est\u00e0 fent a Cornell\u00e0 amb [&hellip;]<\/p>\n","protected":false},"author":20,"featured_media":10352,"comment_status":"open","ping_status":"closed","sticky":false,"template":"","format":"standard","meta":{"_bbp_topic_count":0,"_bbp_reply_count":0,"_bbp_total_topic_count":0,"_bbp_total_reply_count":0,"_bbp_voice_count":0,"_bbp_anonymous_reply_count":0,"_bbp_topic_count_hidden":0,"_bbp_reply_count_hidden":0,"_bbp_forum_subforum_count":0,"site-sidebar-layout":"default","site-content-layout":"","ast-site-content-layout":"","site-content-style":"default","site-sidebar-style":"default","ast-global-header-display":"","ast-banner-title-visibility":"","ast-main-header-display":"","ast-hfb-above-header-display":"","ast-hfb-below-header-display":"","ast-hfb-mobile-header-display":"","site-post-title":"","ast-breadcrumbs-content":"","ast-featured-img":"","footer-sml-layout":"","theme-transparent-header-meta":"","adv-header-id-meta":"","stick-header-meta":"","header-above-stick-meta":"","header-main-stick-meta":"","header-below-stick-meta":"","astra-migrate-meta-layouts":"default","ast-page-background-enabled":"default","ast-page-background-meta":{"desktop":{"background-color":"var(--ast-global-color-4)","background-image":"","background-repeat":"repeat","background-position":"center center","background-size":"auto","background-attachment":"scroll","background-type":"","background-media":"","overlay-type":"","overlay-color":"","overlay-opacity":"","overlay-gradient":""},"tablet":{"background-color":"","background-image":"","background-repeat":"repeat","background-position":"center center","background-size":"auto","background-attachment":"scroll","background-type":"","background-media":"","overlay-type":"","overlay-color":"","overlay-opacity":"","overlay-gradient":""},"mobile":{"background-color":"","background-image":"","background-repeat":"repeat","background-position":"center center","background-size":"auto","background-attachment":"scroll","background-type":"","background-media":"","overlay-type":"","overlay-color":"","overlay-opacity":"","overlay-gradient":""}},"ast-content-background-meta":{"desktop":{"background-color":"var(--ast-global-color-5)","background-image":"","background-repeat":"repeat","background-position":"center center","background-size":"auto","background-attachment":"scroll","background-type":"","background-media":"","overlay-type":"","overlay-color":"","overlay-opacity":"","overlay-gradient":""},"tablet":{"background-color":"var(--ast-global-color-5)","background-image":"","background-repeat":"repeat","background-position":"center center","background-size":"auto","background-attachment":"scroll","background-type":"","background-media":"","overlay-type":"","overlay-color":"","overlay-opacity":"","overlay-gradient":""},"mobile":{"background-color":"var(--ast-global-color-5)","background-image":"","background-repeat":"repeat","background-position":"center center","background-size":"auto","background-attachment":"scroll","background-type":"","background-media":"","overlay-type":"","overlay-color":"","overlay-opacity":"","overlay-gradient":""}},"footnotes":""},"categories":[611,351],"tags":[711],"class_list":["post-10351","post","type-post","status-publish","format-standard","has-post-thumbnail","hentry","category-activitats-del-curs-2017-2018-ca","category-portada","tag-sant-jordi-ca"],"post_mailing_queue_ids":[],"_links":{"self":[{"href":"https:\/\/agora.xtec.cat\/iesmarti-i-pol\/wp-json\/wp\/v2\/posts\/10351","targetHints":{"allow":["GET"]}}],"collection":[{"href":"https:\/\/agora.xtec.cat\/iesmarti-i-pol\/wp-json\/wp\/v2\/posts"}],"about":[{"href":"https:\/\/agora.xtec.cat\/iesmarti-i-pol\/wp-json\/wp\/v2\/types\/post"}],"author":[{"embeddable":true,"href":"https:\/\/agora.xtec.cat\/iesmarti-i-pol\/wp-json\/wp\/v2\/users\/20"}],"replies":[{"embeddable":true,"href":"https:\/\/agora.xtec.cat\/iesmarti-i-pol\/wp-json\/wp\/v2\/comments?post=10351"}],"version-history":[{"count":3,"href":"https:\/\/agora.xtec.cat\/iesmarti-i-pol\/wp-json\/wp\/v2\/posts\/10351\/revisions"}],"predecessor-version":[{"id":10355,"href":"https:\/\/agora.xtec.cat\/iesmarti-i-pol\/wp-json\/wp\/v2\/posts\/10351\/revisions\/10355"}],"wp:featuredmedia":[{"embeddable":true,"href":"https:\/\/agora.xtec.cat\/iesmarti-i-pol\/wp-json\/wp\/v2\/media\/10352"}],"wp:attachment":[{"href":"https:\/\/agora.xtec.cat\/iesmarti-i-pol\/wp-json\/wp\/v2\/media?parent=10351"}],"wp:term":[{"taxonomy":"category","embeddable":true,"href":"https:\/\/agora.xtec.cat\/iesmarti-i-pol\/wp-json\/wp\/v2\/categories?post=10351"},{"taxonomy":"post_tag","embeddable":true,"href":"https:\/\/agora.xtec.cat\/iesmarti-i-pol\/wp-json\/wp\/v2\/tags?post=10351"}],"curies":[{"name":"wp","href":"https:\/\/api.w.org\/{rel}","templated":true}]}}