{"id":3641,"date":"2026-09-03T07:38:46","date_gmt":"2026-09-03T05:38:46","guid":{"rendered":"https:\/\/agora.xtec.cat\/iesmartamata\/?p=3641"},"modified":"2026-09-03T07:40:19","modified_gmt":"2026-09-03T05:40:19","slug":"cfgm-torn-en-linia-gestio-de-places-vacants","status":"publish","type":"post","link":"https:\/\/agora.xtec.cat\/iesmartamata\/general\/cfgm-torn-en-linia-gestio-de-places-vacants\/","title":{"rendered":"CFGM TORN EN L\u00cdNIA (gesti\u00f3 de places vacants)"},"content":{"rendered":"<ol>\n<li>L&#8217;alumne que estigui interessat en alguna de les places vacants del centre\u00a0 dels estudis de cicles formatius haur\u00e0 de seleccionar l\u2019enlla\u00e7 que apareix al final d&#8217;aquest article per a l\u2019obtenci\u00f3 d\u2019un n\u00famero de torn.<\/li>\n<li>\u00a0L&#8217;alumne, quan accedeixi a l\u2019enlla\u00e7, ha d\u2019informar d&#8217;una s\u00e8rie de dades personals (totes obligat\u00f2ries, excepte el segon cognom). No es comprovar\u00e0 que l&#8217;alumne hagi fet una alta pr\u00e8via.<\/li>\n<li>El sistema li assigna un n\u00famero de torn que nom\u00e9s ser\u00e0 visible per al centre i l&#8217;alumne visualitza un missatge informatiu per pantalla (parametritzat pel centre).<br \/>\n<h3>Gesti\u00f3 de la cua virtual\u200b\u200b<\/h3>\n<div>\n<ul>\n<li><span lang=\"CA-ES\" data-contrast=\"auto\">L\u2019alumnat es pot inscriure, simult\u00e0niament, a la cua virtual de \u200b\u200bqualsevol centre que disposi de vacants. En aquesta fase no se sol\u00b7licita pla\u00e7a per a un cicle formatiu con\u200b\u200bcret, sin\u00f3 que la inscripci\u00f3 es fa a nivell de centre.<\/span><span data-ccp-props=\"{}\">\u00a0<\/span><\/li>\n<li><span lang=\"CA-ES\" data-contrast=\"auto\">Cada centre disposa d\u2019un llistat ordenat, segons la data i l&#8217;hora d\u2019inscripci\u00f3, que inclou les dades b\u00e0siques de contacte de les persones inscrites. A\u200b\u200b partir d\u2019aquest llistat, el\u00a0<\/span><span lang=\"CA-ES\" data-contrast=\"auto\">centre contacta directament amb l\u2019alumnat i l\u2019at\u00e9n d&#8217;acord amb l&#8217;ordre establer\u200b\u200b\u200bt a la cua<\/span><span lang=\"CA-ES\" data-contrast=\"auto\">.<\/span><\/li>\n<li><span lang=\"CA-ES\" data-contrast=\"auto\">Cal tenir present que la\u00a0<\/span><span lang=\"CA-ES\" data-contrast=\"auto\">posici\u00f3 a la cua determina \u00fanicament l\u2019ordre d&#8217;atenci\u00f3 i no garanteix l\u2019obtenci\u00f3 d\u2019una pla\u00e7a determinada<\/span><span lang=\"CA-ES\" data-contrast=\"auto\">. At\u00e8s que la cua \u00e9s pr\u00f2pia del centre i no d&#8217;un cicle formatiu espec\u00edfic, l&#8217;adjudicaci\u00f3 final dependr\u00e0 tant de les vacants disponibles en cada cicle en el moment de l&#8217;atenci\u00f3 com de les opcions escollides per les persones que hagin estat ateses amb anterioritat.<\/span><span data-ccp-props=\"{}\">\u00a0<\/span><\/li>\n<\/ul>\n<ul style=\"font-weight: 400;\">\n<li><strong>La inscripci\u00f3 de l&#8217;alumnat a la\u00a0cua virtual\u00a0s\u2019activar\u00e0 de manera centralitzada i simult\u00e0nia per a tots els centres participants el 7 de setembre de 2026, entre les 09.00 h i les 23.59 h.<\/strong><\/li>\n<\/ul>\n<\/div>\n<\/li>\n<\/ol>\n<p>&nbsp;<\/p>\n<p><a href=\"https:\/\/aplicacions.gestioeducativa.gencat.cat\/ords\/pls\/apex\/f?\">https:\/\/aplicacions.gestioeducativa.gencat.cat\/ords\/pls\/apex\/f?<\/a><\/p>\n","protected":false},"excerpt":{"rendered":"<ol>\n<li>L&#8217;alumne que estigui interessat en alguna de les places vacants del centre\u00a0 dels estudis de cicles formatius haur\u00e0 de seleccionar l\u2019enlla\u00e7 que apareix al final d&#8217;aquest article per a l\u2019obtenci\u00f3 d\u2019un n\u00famero de torn.<\/li>\n<li>\u00a0L&#8217;alumne, quan accedeixi a l\u2019enlla\u00e7, ha d\u2019informar d&#8217;una s\u00e8rie de dades personals&hellip;  <a href=\"https:\/\/agora.xtec.cat\/iesmartamata\/general\/cfgm-torn-en-linia-gestio-de-places-vacants\/\" title=\"Read CFGM TORN EN L\u00cdNIA (gesti\u00f3 de places vacants)\">Llegeix m\u00e9s\u00bb<\/a><br \/>\n","protected":false},"author":1,"featured_media":0,"comment_status":"closed","ping_status":"open","sticky":false,"template":"","format":"standard","meta":{"_bbp_topic_count":0,"_bbp_reply_count":0,"_bbp_total_topic_count":0,"_bbp_total_reply_count":0,"_bbp_voice_count":0,"_bbp_anonymous_reply_count":0,"_bbp_topic_count_hidden":0,"_bbp_reply_count_hidden":0,"_bbp_forum_subforum_count":0,"footnotes":""},"categories":[1,29],"tags":[136,137,138],"class_list":["post-3641","post","type-post","status-publish","format-standard","hentry","category-general","category-portada","tag-cfgm","tag-places-vacants-postobligatoris","tag-torn-de-linia"],"post_mailing_queue_ids":[],"_links":{"self":[{"href":"https:\/\/agora.xtec.cat\/iesmartamata\/wp-json\/wp\/v2\/posts\/3641","targetHints":{"allow":["GET"]}}],"collection":[{"href":"https:\/\/agora.xtec.cat\/iesmartamata\/wp-json\/wp\/v2\/posts"}],"about":[{"href":"https:\/\/agora.xtec.cat\/iesmartamata\/wp-json\/wp\/v2\/types\/post"}],"author":[{"embeddable":true,"href":"https:\/\/agora.xtec.cat\/iesmartamata\/wp-json\/wp\/v2\/users\/1"}],"replies":[{"embeddable":true,"href":"https:\/\/agora.xtec.cat\/iesmartamata\/wp-json\/wp\/v2\/comments?post=3641"}],"version-history":[{"count":3,"href":"https:\/\/agora.xtec.cat\/iesmartamata\/wp-json\/wp\/v2\/posts\/3641\/revisions"}],"predecessor-version":[{"id":3644,"href":"https:\/\/agora.xtec.cat\/iesmartamata\/wp-json\/wp\/v2\/posts\/3641\/revisions\/3644"}],"wp:attachment":[{"href":"https:\/\/agora.xtec.cat\/iesmartamata\/wp-json\/wp\/v2\/media?parent=3641"}],"wp:term":[{"taxonomy":"category","embeddable":true,"href":"https:\/\/agora.xtec.cat\/iesmartamata\/wp-json\/wp\/v2\/categories?post=3641"},{"taxonomy":"post_tag","embeddable":true,"href":"https:\/\/agora.xtec.cat\/iesmartamata\/wp-json\/wp\/v2\/tags?post=3641"}],"curies":[{"name":"wp","href":"https:\/\/api.w.org\/{rel}","templated":true}]}}