{"id":3637,"date":"2026-09-03T07:16:19","date_gmt":"2026-09-03T05:16:19","guid":{"rendered":"https:\/\/agora.xtec.cat\/iesmartamata\/?p=3637"},"modified":"2026-09-03T14:41:38","modified_gmt":"2026-09-03T12:41:38","slug":"inici-del-curs-2026-2027","status":"publish","type":"post","link":"https:\/\/agora.xtec.cat\/iesmartamata\/general\/inici-del-curs-2026-2027\/","title":{"rendered":"INICI DEL CURS 2026-2027"},"content":{"rendered":"<p dir=\"ltr\">El curs 2026-2027 s&#8217;iniciar\u00e0 el <strong>dimarts 8 de setembre<\/strong> per a l&#8217;alumnat d&#8217;ESO, i el <strong>dilluns 14 de setembre<\/strong> per a l&#8217;alumnat dels ensenyaments postobligatoris (CFGM, IFE i PFI), que tindr\u00e0 una entrada esglonada per nivells.<\/p>\n<h2 dir=\"ltr\">8 de setembre: acollida de les classes d&#8217;ESO<\/h2>\n<p dir=\"ltr\">L&#8217;alumnat d&#8217;ESO s&#8217;incorporar\u00e0 al centre de manera esglonada segons el curs, d&#8217;acord amb el seg\u00fcent horari <em>(pendent de confirmaci\u00f3)<\/em>:<\/p>\n<div dir=\"ltr\">\n<table>\n<thead>\n<tr>\n<th scope=\"col\">Curs<\/th>\n<th scope=\"col\">Horari<\/th>\n<\/tr>\n<\/thead>\n<tbody>\n<tr>\n<td>1r ESO<\/td>\n<td>8:30 &#8211; 10:30<\/td>\n<\/tr>\n<tr>\n<td>2n ESO<\/td>\n<td>9:00 &#8211; 11:00<\/td>\n<\/tr>\n<tr>\n<td>3r ESO<\/td>\n<td>10:00 &#8211; 12:00<\/td>\n<\/tr>\n<tr>\n<td>4t ESO<\/td>\n<td>10:30 &#8211; 12:30<\/td>\n<\/tr>\n<\/tbody>\n<\/table>\n<\/div>\n<p dir=\"ltr\">Es recorda a l&#8217;alumnat que ha de portar estoig i carpes\u00e0 amb fundes i fulls. El mateix dia es lliurar\u00e0 l&#8217;agenda escolar i la funda per insonoritzar el m\u00f2bil.<\/p>\n<h2 dir=\"ltr\">14 de setembre: presentaci\u00f3 dels cursos postobligatoris<\/h2>\n<p dir=\"ltr\">L&#8217;alumnat de CFGM, IFE i PFI iniciar\u00e0 el curs el 14 de setembre amb una entrada esglonada per nivells. Els horaris concrets de cada grup es publicaran properament en aquesta mateixa p\u00e0gina.<\/p>\n<p dir=\"ltr\"><em>(Properament s&#8217;ampliar\u00e0 aquesta informaci\u00f3 amb els horaris definitius de l&#8217;entrada esglonada.)<\/em><\/p>\n","protected":false},"excerpt":{"rendered":"<p>El curs 2026-2027 s&#8217;iniciar\u00e0 el dimarts 8 de setembre per a l&#8217;alumnat d&#8217;ESO, i el dilluns 14 de setembre per a l&#8217;alumnat dels ensenyaments postobligatoris (CFGM, IFE i PFI), que tindr\u00e0 una entrada esglonada per nivells.<br \/>\n8 de setembre: acollida de les classes d&#8217;ESO<br \/>\nL&#8217;alumnat d&#8217;ESO s&#8217;incorporar\u00e0&hellip;  <a href=\"https:\/\/agora.xtec.cat\/iesmartamata\/general\/inici-del-curs-2026-2027\/\" title=\"Read INICI DEL CURS 2026-2027\">Llegeix m\u00e9s\u00bb<\/a><\/p>\n","protected":false},"author":1,"featured_media":0,"comment_status":"closed","ping_status":"open","sticky":false,"template":"","format":"standard","meta":{"_bbp_topic_count":0,"_bbp_reply_count":0,"_bbp_total_topic_count":0,"_bbp_total_reply_count":0,"_bbp_voice_count":0,"_bbp_anonymous_reply_count":0,"_bbp_topic_count_hidden":0,"_bbp_reply_count_hidden":0,"_bbp_forum_subforum_count":0,"footnotes":""},"categories":[1,29],"tags":[],"class_list":["post-3637","post","type-post","status-publish","format-standard","hentry","category-general","category-portada"],"post_mailing_queue_ids":[],"_links":{"self":[{"href":"https:\/\/agora.xtec.cat\/iesmartamata\/wp-json\/wp\/v2\/posts\/3637","targetHints":{"allow":["GET"]}}],"collection":[{"href":"https:\/\/agora.xtec.cat\/iesmartamata\/wp-json\/wp\/v2\/posts"}],"about":[{"href":"https:\/\/agora.xtec.cat\/iesmartamata\/wp-json\/wp\/v2\/types\/post"}],"author":[{"embeddable":true,"href":"https:\/\/agora.xtec.cat\/iesmartamata\/wp-json\/wp\/v2\/users\/1"}],"replies":[{"embeddable":true,"href":"https:\/\/agora.xtec.cat\/iesmartamata\/wp-json\/wp\/v2\/comments?post=3637"}],"version-history":[{"count":4,"href":"https:\/\/agora.xtec.cat\/iesmartamata\/wp-json\/wp\/v2\/posts\/3637\/revisions"}],"predecessor-version":[{"id":3646,"href":"https:\/\/agora.xtec.cat\/iesmartamata\/wp-json\/wp\/v2\/posts\/3637\/revisions\/3646"}],"wp:attachment":[{"href":"https:\/\/agora.xtec.cat\/iesmartamata\/wp-json\/wp\/v2\/media?parent=3637"}],"wp:term":[{"taxonomy":"category","embeddable":true,"href":"https:\/\/agora.xtec.cat\/iesmartamata\/wp-json\/wp\/v2\/categories?post=3637"},{"taxonomy":"post_tag","embeddable":true,"href":"https:\/\/agora.xtec.cat\/iesmartamata\/wp-json\/wp\/v2\/tags?post=3637"}],"curies":[{"name":"wp","href":"https:\/\/api.w.org\/{rel}","templated":true}]}}