{"id":3485,"date":"2025-12-02T08:48:55","date_gmt":"2025-12-02T07:48:55","guid":{"rendered":"https:\/\/agora.xtec.cat\/iesmartamata\/?p=3485"},"modified":"2025-12-02T08:49:11","modified_gmt":"2025-12-02T07:49:11","slug":"galetes-solidaries-elaborades-per-lalumnat-de-cfgm","status":"publish","type":"post","link":"https:\/\/agora.xtec.cat\/iesmartamata\/general\/galetes-solidaries-elaborades-per-lalumnat-de-cfgm\/","title":{"rendered":"GALETES SOLID\u00c0RIES ELABORADES PER L&#8217;ALUMNAT DE CFGM"},"content":{"rendered":"<p class=\"western\" lang=\"ca-ES\" align=\"justify\"><span style=\"color: #000000;\"><span style=\"font-family: Calibri Light, serif;\"><span style=\"font-size: medium;\">L\u2019Escola d\u2019Hoteleria del Vall\u00e8s Oriental (EHVO) de l\u2019Institut Marta Mata de Montorn\u00e8s del Vall\u00e8s, ha impulsat una <\/span><\/span><\/span><span style=\"color: #000000;\"><span style=\"font-family: Calibri Light, serif;\"><span style=\"font-size: medium;\"><b>campanya solid\u00e0ria en favor del Banc dels Aliments.<\/b><\/span><\/span><\/span><\/p>\n<p class=\"western\" lang=\"ca-ES\" align=\"justify\"><span style=\"font-family: Calibri Light, serif;\"><span style=\"font-size: medium;\">El Banc dels Aliments (BdA) \u00e9s una fundaci\u00f3 independent, apol\u00edtica, aconfessional i sense \u00e0nim de lucre, que t\u00e9 com a objectius principals\u00a0<\/span><\/span><span style=\"font-family: Calibri Light, serif;\"><span style=\"font-size: medium;\">lluitar contra el malbaratament<\/span><\/span><span style=\"font-family: Calibri Light, serif;\"><span style=\"font-size: medium;\">\u00a0i<\/span><\/span><span style=\"font-family: Calibri Light, serif;\"><span style=\"font-size: medium;\"> la pobresa aliment\u00e0ria<\/span><\/span><span style=\"font-family: Calibri Light, serif;\"><span style=\"font-size: medium;\">, fent arribar aliments a persones en situaci\u00f3 de precarietat del nostre entorn.<\/span><\/span><\/p>\n<p class=\"western\" lang=\"ca-ES\" align=\"justify\"><span style=\"font-family: Calibri Light, serif;\"><span style=\"font-size: medium;\">El Banc dels Aliments fonamentalment\u00a0<\/span><\/span><span style=\"font-family: Calibri Light, serif;\"><span style=\"font-size: medium;\">distribueix<\/span><\/span><span style=\"font-family: Calibri Light, serif;\"><span style=\"font-size: medium;\">\u00a0els aliments a entitats socials i utilitza els recursos de qu\u00e8 disposa per a\u00a0<\/span><\/span><span style=\"font-family: Calibri Light, serif;\"><span style=\"font-size: medium;\">regular<\/span><\/span><span style=\"font-family: Calibri Light, serif;\"><span style=\"font-size: medium;\">\u00a0les entregues al llarg de tot l\u2019any. Els aliments s\u2019aconsegueixen per tres vies: la lluita contra el malbaratament, les donacions i el programa subvencionat per la Uni\u00f3 Europea.<\/span><\/span><\/p>\n<p class=\"western\" lang=\"ca-ES\" align=\"justify\"><span style=\"font-family: Calibri Light, serif;\"><span style=\"font-size: medium;\">El 7 i 8 de novembre aquesta organitzaci\u00f3 va fer \u201cEl Gran Recapte\u201d d\u2019aliments dins de la campanya de Nadal de la fundaci\u00f3.L<\/span><\/span><span style=\"font-family: Calibri Light, serif;\"><span style=\"font-size: medium;\">\u2019institut Marta Mata vol sumar-se al Gran Recapte, per aquest motiu posar\u00e0 a la venda paquets de galetes fetes per l\u2019alumnat dels CFGM de l\u2019Escola d\u2019Hoteleria del Vall\u00e8s Oriental.<\/span><\/span><\/p>\n<p class=\"western\" lang=\"ca-ES\" align=\"justify\"><span style=\"font-family: Calibri Light, serif;\"><span style=\"font-size: medium;\">Les <\/span><\/span><span style=\"font-family: Calibri Light, serif;\"><span style=\"font-size: medium;\"><i><b>galetes solid\u00e0ries<\/b><\/i><\/span><\/span><span style=\"font-family: Calibri Light, serif;\"><span style=\"font-size: medium;\"> es vendran a la cafeteria de l\u2019institut i al restaurant pedag\u00f2gic (El Mol\u00ed) del 28 de novembre fins a esgotar exist\u00e8ncies. El preu del paquet ser\u00e0 3\u20ac. <\/span><\/span><\/p>\n<p class=\"western\" lang=\"ca-ES\" align=\"justify\"><span style=\"font-family: Calibri Light, serif;\"><span style=\"font-size: medium;\">Amb aquesta iniciativa, la comunitat educativa de l\u2019institut, vol posar el seu granet de sorra en el foment de l\u2019ajuda altruista per tal de fer un m\u00f3n m\u00e9s solidari.<\/span><\/span><\/p>\n","protected":false},"excerpt":{"rendered":"<p>L\u2019Escola d\u2019Hoteleria del Vall\u00e8s Oriental (EHVO) de l\u2019Institut Marta Mata de Montorn\u00e8s del Vall\u00e8s, ha impulsat una campanya solid\u00e0ria en favor del Banc dels Aliments.<br \/>\nEl Banc dels Aliments (BdA) \u00e9s una fundaci\u00f3 independent, apol\u00edtica, aconfessional i sense \u00e0nim de lucre, que t\u00e9 com a objectius&hellip;  <a href=\"https:\/\/agora.xtec.cat\/iesmartamata\/general\/galetes-solidaries-elaborades-per-lalumnat-de-cfgm\/\" title=\"Read GALETES SOLID\u00c0RIES ELABORADES PER L&#8217;ALUMNAT DE CFGM\">Llegeix m\u00e9s\u00bb<\/a><\/p>\n","protected":false},"author":1,"featured_media":3486,"comment_status":"closed","ping_status":"open","sticky":false,"template":"","format":"standard","meta":{"_bbp_topic_count":0,"_bbp_reply_count":0,"_bbp_total_topic_count":0,"_bbp_total_reply_count":0,"_bbp_voice_count":0,"_bbp_anonymous_reply_count":0,"_bbp_topic_count_hidden":0,"_bbp_reply_count_hidden":0,"_bbp_forum_subforum_count":0,"footnotes":""},"categories":[1,29],"tags":[],"class_list":["post-3485","post","type-post","status-publish","format-standard","has-post-thumbnail","hentry","category-general","category-portada"],"post_mailing_queue_ids":[],"_links":{"self":[{"href":"https:\/\/agora.xtec.cat\/iesmartamata\/wp-json\/wp\/v2\/posts\/3485","targetHints":{"allow":["GET"]}}],"collection":[{"href":"https:\/\/agora.xtec.cat\/iesmartamata\/wp-json\/wp\/v2\/posts"}],"about":[{"href":"https:\/\/agora.xtec.cat\/iesmartamata\/wp-json\/wp\/v2\/types\/post"}],"author":[{"embeddable":true,"href":"https:\/\/agora.xtec.cat\/iesmartamata\/wp-json\/wp\/v2\/users\/1"}],"replies":[{"embeddable":true,"href":"https:\/\/agora.xtec.cat\/iesmartamata\/wp-json\/wp\/v2\/comments?post=3485"}],"version-history":[{"count":1,"href":"https:\/\/agora.xtec.cat\/iesmartamata\/wp-json\/wp\/v2\/posts\/3485\/revisions"}],"predecessor-version":[{"id":3487,"href":"https:\/\/agora.xtec.cat\/iesmartamata\/wp-json\/wp\/v2\/posts\/3485\/revisions\/3487"}],"wp:featuredmedia":[{"embeddable":true,"href":"https:\/\/agora.xtec.cat\/iesmartamata\/wp-json\/wp\/v2\/media\/3486"}],"wp:attachment":[{"href":"https:\/\/agora.xtec.cat\/iesmartamata\/wp-json\/wp\/v2\/media?parent=3485"}],"wp:term":[{"taxonomy":"category","embeddable":true,"href":"https:\/\/agora.xtec.cat\/iesmartamata\/wp-json\/wp\/v2\/categories?post=3485"},{"taxonomy":"post_tag","embeddable":true,"href":"https:\/\/agora.xtec.cat\/iesmartamata\/wp-json\/wp\/v2\/tags?post=3485"}],"curies":[{"name":"wp","href":"https:\/\/api.w.org\/{rel}","templated":true}]}}