{"id":5367,"date":"2018-02-20T20:05:33","date_gmt":"2018-02-20T19:05:33","guid":{"rendered":"http:\/\/agora.xtec.cat\/iesmariustorres\/?p=5367"},"modified":"2018-02-20T20:05:33","modified_gmt":"2018-02-20T19:05:33","slug":"preparacio-del-nou-projecte-artventures","status":"publish","type":"post","link":"https:\/\/agora.xtec.cat\/iesmariustorres\/projectes-educatius\/aprenentatge-didiomes\/erasmus\/preparacio-del-nou-projecte-artventures\/","title":{"rendered":"Preparaci\u00f3 del nou projecte &#8220;ArtVentures&#8221;"},"content":{"rendered":"<p><strong>ArtVentures in EUROPE &#8211; in search of common roots and perspectives<\/strong><\/p>\n<p><a href=\"http:\/\/agora.xtec.cat\/iesmariustorres\/wp-content\/uploads\/usu74\/2018\/02\/erasmusprofes182.jpg\"><img loading=\"lazy\" decoding=\"async\" class=\"wp-image-5369 size-medium alignleft\" src=\"http:\/\/agora.xtec.cat\/iesmariustorres\/wp-content\/uploads\/usu74\/2018\/02\/erasmusprofes182-300x169.jpg\" alt=\"\" width=\"300\" height=\"169\" srcset=\"https:\/\/agora.xtec.cat\/iesmariustorres\/wp-content\/uploads\/usu74\/2018\/02\/erasmusprofes182-300x169.jpg 300w, https:\/\/agora.xtec.cat\/iesmariustorres\/wp-content\/uploads\/usu74\/2018\/02\/erasmusprofes182.jpg 384w\" sizes=\"auto, (max-width: 300px) 100vw, 300px\" \/><\/a> <a href=\"http:\/\/agora.xtec.cat\/iesmariustorres\/wp-content\/uploads\/usu74\/2018\/02\/erasmusprofes183.jpg\"><img loading=\"lazy\" decoding=\"async\" class=\"alignleft wp-image-5370 size-medium\" src=\"http:\/\/agora.xtec.cat\/iesmariustorres\/wp-content\/uploads\/usu74\/2018\/02\/erasmusprofes183-300x169.jpg\" alt=\"\" width=\"300\" height=\"169\" srcset=\"https:\/\/agora.xtec.cat\/iesmariustorres\/wp-content\/uploads\/usu74\/2018\/02\/erasmusprofes183-300x169.jpg 300w, https:\/\/agora.xtec.cat\/iesmariustorres\/wp-content\/uploads\/usu74\/2018\/02\/erasmusprofes183.jpg 480w\" sizes=\"auto, (max-width: 300px) 100vw, 300px\" \/><\/a> <a href=\"http:\/\/agora.xtec.cat\/iesmariustorres\/wp-content\/uploads\/usu74\/2018\/02\/erasmusprofes184.jpg\"><img loading=\"lazy\" decoding=\"async\" class=\"alignleft wp-image-5371 size-medium\" src=\"http:\/\/agora.xtec.cat\/iesmariustorres\/wp-content\/uploads\/usu74\/2018\/02\/erasmusprofes184-300x225.jpg\" alt=\"\" width=\"300\" height=\"225\" srcset=\"https:\/\/agora.xtec.cat\/iesmariustorres\/wp-content\/uploads\/usu74\/2018\/02\/erasmusprofes184-300x225.jpg 300w, https:\/\/agora.xtec.cat\/iesmariustorres\/wp-content\/uploads\/usu74\/2018\/02\/erasmusprofes184-200x150.jpg 200w, https:\/\/agora.xtec.cat\/iesmariustorres\/wp-content\/uploads\/usu74\/2018\/02\/erasmusprofes184.jpg 312w\" sizes=\"auto, (max-width: 300px) 100vw, 300px\" \/><\/a><\/p>\n<p>&nbsp;<\/p>\n<p>&nbsp;<\/p>\n<p>&nbsp;<\/p>\n<p><a href=\"http:\/\/agora.xtec.cat\/iesmariustorres\/wp-content\/uploads\/usu74\/2018\/02\/erasmusprofes181.jpg\"><img loading=\"lazy\" decoding=\"async\" class=\"alignleft wp-image-5368 size-full\" src=\"http:\/\/agora.xtec.cat\/iesmariustorres\/wp-content\/uploads\/usu74\/2018\/02\/erasmusprofes181.jpg\" alt=\"\" width=\"384\" height=\"216\" srcset=\"https:\/\/agora.xtec.cat\/iesmariustorres\/wp-content\/uploads\/usu74\/2018\/02\/erasmusprofes181.jpg 384w, https:\/\/agora.xtec.cat\/iesmariustorres\/wp-content\/uploads\/usu74\/2018\/02\/erasmusprofes181-300x169.jpg 300w\" sizes=\"auto, (max-width: 384px) 100vw, 384px\" \/><\/a><\/p>\n<p>&nbsp;<\/p>\n<p>&nbsp;<\/p>\n<p>&nbsp;<\/p>\n<p>&nbsp;<\/p>\n<p>&nbsp;<\/p>\n<p style=\"text-align: justify;\">El t\u00edtol del projecte \u00e9s &#8220;<em>Artventures<\/em> a Europa. A la recerca d\u2019arrels i perspectives comunes&#8221;. L&#8217;escola coordinadora \u00e9s la Theodor-Frank-Realschule Teningen d\u2019Alemanya. Els altres socis s\u00f3n de Finl\u00e0ndia, Isl\u00e0ndia, Gr\u00e8cia, i It\u00e0lia.<\/p>\n<p style=\"text-align: justify;\">Totes les nostres escoles ja tenen activitats art\u00edstiques, per\u00f2 ara volem donar-los una perspectiva emprenedora.<\/p>\n<p style=\"text-align: justify;\">L\u2019emprenedoria art\u00edstica inclou, entre d&#8217;altres, arts esc\u00e8niques, entreteniment, mitjans de comunicaci\u00f3, videojocs i altres arts. L&#8217;objectiu del projecte \u00e9s proporcionar als estudiants les eines necess\u00e0ries per dirigir organitzacions art\u00edstiques i projectes art\u00edstics. Aquest projecte donaria als estudiants la possibilitat d&#8217;aprendre sobre diferents professions, i sobretot sobre aquelles que l&#8217;art i les arts esc\u00e8niques poden oferir.<\/p>\n<p style=\"text-align: justify;\">El projecte inclouria dos temes principals:<\/p>\n<ol style=\"text-align: justify;\">\n<li>Preparaci\u00f3 d&#8217;un espectacle en un mite o llegenda d&#8217;una cultura \/ naci\u00f3 de cada centre participant. Aquesta actuaci\u00f3 estar\u00e0 composta, preparada i assajada pels estudiants a l&#8217;orientaci\u00f3 dels seus professors. El llenguatge de la producci\u00f3 seria principalment angl\u00e8s, i l&#8217;actuaci\u00f3 podria consistir en m\u00fasica, dansa, recitaci\u00f3 de poesia, actuaci\u00f3 o qualsevol forma d&#8217;arts esc\u00e8niques. Es filmaria la producci\u00f3.<\/li>\n<li>Organitzaci\u00f3 d&#8217;un esdeveniment. Els estudiants organitzarien un esdeveniment on es representaria la pe\u00e7a esmentada (d&#8217;uns 20-30 minuts). Els estudiants hauran de planificar l&#8217;esdeveniment, anunciar-lo, crear el conjunt, els vestits i els accessoris, fer-se c\u00e0rrec del so i de les llums, vendre entrades, crear una cantina i preparar el local. Aquest esdeveniment tindr\u00e0 lloc durant la setmana en qu\u00e8 l&#8217;escola acollir\u00e0 una reuni\u00f3 Erasmus +.<\/li>\n<\/ol>\n<p>&nbsp;<\/p>\n","protected":false},"excerpt":{"rendered":"<p>El t\u00edtol del projecte \u00e9s &#8220;Artventures a Europa. A la recerca d\u2019arrels i perspectives comunes&#8221;. L&#8217;escola coordinadora \u00e9s la Theodor-Frank-Realschule Teningen d\u2019Alemanya. Els altres socis s\u00f3n de Finl\u00e0ndia, Isl\u00e0ndia, Gr\u00e8cia, i It\u00e0lia&hellip;  <a href=\"https:\/\/agora.xtec.cat\/iesmariustorres\/projectes-educatius\/aprenentatge-didiomes\/erasmus\/preparacio-del-nou-projecte-artventures\/\" title=\"Read Preparaci\u00f3 del nou projecte &#8220;ArtVentures&#8221;\">Llegeix m\u00e9s\u00bb<\/a><\/p>\n","protected":false},"author":3,"featured_media":5368,"comment_status":"closed","ping_status":"closed","sticky":false,"template":"","format":"standard","meta":{"_bbp_topic_count":0,"_bbp_reply_count":0,"_bbp_total_topic_count":0,"_bbp_total_reply_count":0,"_bbp_voice_count":0,"_bbp_anonymous_reply_count":0,"_bbp_topic_count_hidden":0,"_bbp_reply_count_hidden":0,"_bbp_forum_subforum_count":0,"footnotes":""},"categories":[162,150],"tags":[171,137],"class_list":["post-5367","post","type-post","status-publish","format-standard","has-post-thumbnail","hentry","category-aprenentatge-didiomes","category-erasmus","tag-erasmus","tag-projectes"],"post_mailing_queue_ids":[],"_links":{"self":[{"href":"https:\/\/agora.xtec.cat\/iesmariustorres\/wp-json\/wp\/v2\/posts\/5367","targetHints":{"allow":["GET"]}}],"collection":[{"href":"https:\/\/agora.xtec.cat\/iesmariustorres\/wp-json\/wp\/v2\/posts"}],"about":[{"href":"https:\/\/agora.xtec.cat\/iesmariustorres\/wp-json\/wp\/v2\/types\/post"}],"author":[{"embeddable":true,"href":"https:\/\/agora.xtec.cat\/iesmariustorres\/wp-json\/wp\/v2\/users\/3"}],"replies":[{"embeddable":true,"href":"https:\/\/agora.xtec.cat\/iesmariustorres\/wp-json\/wp\/v2\/comments?post=5367"}],"version-history":[{"count":1,"href":"https:\/\/agora.xtec.cat\/iesmariustorres\/wp-json\/wp\/v2\/posts\/5367\/revisions"}],"predecessor-version":[{"id":5372,"href":"https:\/\/agora.xtec.cat\/iesmariustorres\/wp-json\/wp\/v2\/posts\/5367\/revisions\/5372"}],"wp:featuredmedia":[{"embeddable":true,"href":"https:\/\/agora.xtec.cat\/iesmariustorres\/wp-json\/wp\/v2\/media\/5368"}],"wp:attachment":[{"href":"https:\/\/agora.xtec.cat\/iesmariustorres\/wp-json\/wp\/v2\/media?parent=5367"}],"wp:term":[{"taxonomy":"category","embeddable":true,"href":"https:\/\/agora.xtec.cat\/iesmariustorres\/wp-json\/wp\/v2\/categories?post=5367"},{"taxonomy":"post_tag","embeddable":true,"href":"https:\/\/agora.xtec.cat\/iesmariustorres\/wp-json\/wp\/v2\/tags?post=5367"}],"curies":[{"name":"wp","href":"https:\/\/api.w.org\/{rel}","templated":true}]}}