{"id":2675,"date":"2017-02-28T17:04:55","date_gmt":"2017-02-28T16:04:55","guid":{"rendered":"http:\/\/agora.xtec.cat\/iesmariustorres\/?p=2675"},"modified":"2017-03-01T18:34:20","modified_gmt":"2017-03-01T17:34:20","slug":"el-marius-a-la-sisena-edicio-de-la-first-lego-league","status":"publish","type":"post","link":"https:\/\/agora.xtec.cat\/iesmariustorres\/general\/el-marius-a-la-sisena-edicio-de-la-first-lego-league\/","title":{"rendered":"El M\u00e0rius, a la sisena edici\u00f3 de la First Lego League"},"content":{"rendered":"<p><a href=\"http:\/\/agora.xtec.cat\/iesmariustorres\/wp-content\/uploads\/usu74\/2017\/02\/2017-02-25-PHOTO-00005090.jpg\"><img loading=\"lazy\" decoding=\"async\" class=\"alignleft wp-image-2677 size-medium\" src=\"http:\/\/agora.xtec.cat\/iesmariustorres\/wp-content\/uploads\/usu74\/2017\/02\/2017-02-25-PHOTO-00005090-300x169.jpg\" alt=\"2017-02-25-photo-00005090\" width=\"300\" height=\"169\" srcset=\"https:\/\/agora.xtec.cat\/iesmariustorres\/wp-content\/uploads\/usu74\/2017\/02\/2017-02-25-PHOTO-00005090-300x169.jpg 300w, https:\/\/agora.xtec.cat\/iesmariustorres\/wp-content\/uploads\/usu74\/2017\/02\/2017-02-25-PHOTO-00005090-768x432.jpg 768w, https:\/\/agora.xtec.cat\/iesmariustorres\/wp-content\/uploads\/usu74\/2017\/02\/2017-02-25-PHOTO-00005090-1024x576.jpg 1024w, https:\/\/agora.xtec.cat\/iesmariustorres\/wp-content\/uploads\/usu74\/2017\/02\/2017-02-25-PHOTO-00005090.jpg 1328w\" sizes=\"auto, (max-width: 300px) 100vw, 300px\" \/><\/a> <a href=\"http:\/\/agora.xtec.cat\/iesmariustorres\/wp-content\/uploads\/usu74\/2017\/02\/2017-02-25-PHOTO-00005093.jpg\"><img loading=\"lazy\" decoding=\"async\" class=\"alignleft wp-image-2678 size-medium\" src=\"http:\/\/agora.xtec.cat\/iesmariustorres\/wp-content\/uploads\/usu74\/2017\/02\/2017-02-25-PHOTO-00005093-300x169.jpg\" alt=\"2017-02-25-photo-00005093\" width=\"300\" height=\"169\" srcset=\"https:\/\/agora.xtec.cat\/iesmariustorres\/wp-content\/uploads\/usu74\/2017\/02\/2017-02-25-PHOTO-00005093-300x169.jpg 300w, https:\/\/agora.xtec.cat\/iesmariustorres\/wp-content\/uploads\/usu74\/2017\/02\/2017-02-25-PHOTO-00005093-768x432.jpg 768w, https:\/\/agora.xtec.cat\/iesmariustorres\/wp-content\/uploads\/usu74\/2017\/02\/2017-02-25-PHOTO-00005093-1024x576.jpg 1024w, https:\/\/agora.xtec.cat\/iesmariustorres\/wp-content\/uploads\/usu74\/2017\/02\/2017-02-25-PHOTO-00005093.jpg 1328w\" sizes=\"auto, (max-width: 300px) 100vw, 300px\" \/><\/a><\/p>\n<p>&nbsp;<\/p>\n<p>&nbsp;<\/p>\n<p>&nbsp;<\/p>\n<p>&nbsp;<\/p>\n<p>Aquest divendres, 25 de febrer, es celebr\u00e0 al Campus de Cappont de la UdL, la sisena edici\u00f3 de la <strong>First Lego League<\/strong>, una competici\u00f3 per a estudiants de 10 a 16 anys. S\u2019hi van presentar uns 257 estudiants de Catalunya i la Franja de Ponent. El M\u00e0rius s\u2019hi va presentar amb un grup de nois i noies recolzats pels professors de tecnologia.Van quedar sisens a la prova de rob\u00f2tica i tot l\u2019equip va disfrutar de valent defensant el repte proposat per l\u2019organitzaci\u00f3. Aquest any es tractava de plantejar solucions per millorar ls relacions entre persones i animals a tots nivells.<\/p>\n<p>ELs equips Royal Robotix de Vilafranca del Pened\u00e8s i Maik Wolvineers de Girona, foren els guanyadors. La nostra enhorabona!!!<\/p>\n<p><a href=\"http:\/\/agora.xtec.cat\/iesmariustorres\/wp-content\/uploads\/usu74\/2017\/02\/2017-02-25-PHOTO-00005094.jpg\"><img loading=\"lazy\" decoding=\"async\" class=\"alignleft wp-image-2679 size-medium\" src=\"http:\/\/agora.xtec.cat\/iesmariustorres\/wp-content\/uploads\/usu74\/2017\/02\/2017-02-25-PHOTO-00005094-300x169.jpg\" alt=\"2017-02-25-photo-00005094\" width=\"300\" height=\"169\" srcset=\"https:\/\/agora.xtec.cat\/iesmariustorres\/wp-content\/uploads\/usu74\/2017\/02\/2017-02-25-PHOTO-00005094-300x169.jpg 300w, https:\/\/agora.xtec.cat\/iesmariustorres\/wp-content\/uploads\/usu74\/2017\/02\/2017-02-25-PHOTO-00005094-768x432.jpg 768w, https:\/\/agora.xtec.cat\/iesmariustorres\/wp-content\/uploads\/usu74\/2017\/02\/2017-02-25-PHOTO-00005094-1024x576.jpg 1024w, https:\/\/agora.xtec.cat\/iesmariustorres\/wp-content\/uploads\/usu74\/2017\/02\/2017-02-25-PHOTO-00005094.jpg 1328w\" sizes=\"auto, (max-width: 300px) 100vw, 300px\" \/><\/a><a href=\"http:\/\/agora.xtec.cat\/iesmariustorres\/wp-content\/uploads\/usu74\/2017\/02\/2017-02-25-PHOTO-00005099.jpg\"><img loading=\"lazy\" decoding=\"async\" class=\"alignleft wp-image-2680 size-medium\" src=\"http:\/\/agora.xtec.cat\/iesmariustorres\/wp-content\/uploads\/usu74\/2017\/02\/2017-02-25-PHOTO-00005099-300x225.jpg\" alt=\"2017-02-25-photo-00005099\" width=\"300\" height=\"225\" srcset=\"https:\/\/agora.xtec.cat\/iesmariustorres\/wp-content\/uploads\/usu74\/2017\/02\/2017-02-25-PHOTO-00005099-300x225.jpg 300w, https:\/\/agora.xtec.cat\/iesmariustorres\/wp-content\/uploads\/usu74\/2017\/02\/2017-02-25-PHOTO-00005099-768x576.jpg 768w, https:\/\/agora.xtec.cat\/iesmariustorres\/wp-content\/uploads\/usu74\/2017\/02\/2017-02-25-PHOTO-00005099-1024x768.jpg 1024w, https:\/\/agora.xtec.cat\/iesmariustorres\/wp-content\/uploads\/usu74\/2017\/02\/2017-02-25-PHOTO-00005099-200x150.jpg 200w, https:\/\/agora.xtec.cat\/iesmariustorres\/wp-content\/uploads\/usu74\/2017\/02\/2017-02-25-PHOTO-00005099.jpg 1600w\" sizes=\"auto, (max-width: 300px) 100vw, 300px\" \/><\/a><\/p>\n<p>&nbsp;<\/p>\n<p>&nbsp;<\/p>\n<p>&nbsp;<\/p>\n<p>&nbsp;<\/p>\n<p>&nbsp;<\/p>\n<p>https:\/\/vimeo.com\/206108037<\/p>\n<p>&nbsp;<\/p>\n","protected":false},"excerpt":{"rendered":"<p>Aquest divendres, 25 de febrer, es celebr\u00e0 al Campus de Cappont de la UdL, la sisena edici\u00f3 de la First Lego League, una competici\u00f3 per a estudiants de 10 a 16 anys&hellip;  <a href=\"https:\/\/agora.xtec.cat\/iesmariustorres\/general\/el-marius-a-la-sisena-edicio-de-la-first-lego-league\/\" title=\"Read El M\u00e0rius, a la sisena edici\u00f3 de la First Lego League\">Llegeix m\u00e9s\u00bb<\/a><\/p>\n","protected":false},"author":3,"featured_media":2690,"comment_status":"closed","ping_status":"closed","sticky":false,"template":"","format":"standard","meta":{"_bbp_topic_count":0,"_bbp_reply_count":0,"_bbp_total_topic_count":0,"_bbp_total_reply_count":0,"_bbp_voice_count":0,"_bbp_anonymous_reply_count":0,"_bbp_topic_count_hidden":0,"_bbp_reply_count_hidden":0,"_bbp_forum_subforum_count":0,"footnotes":""},"categories":[3,1,29],"tags":[132],"class_list":["post-2675","post","type-post","status-publish","format-standard","has-post-thumbnail","hentry","category-eso","category-general","category-portada","tag-activitats"],"post_mailing_queue_ids":[],"_links":{"self":[{"href":"https:\/\/agora.xtec.cat\/iesmariustorres\/wp-json\/wp\/v2\/posts\/2675","targetHints":{"allow":["GET"]}}],"collection":[{"href":"https:\/\/agora.xtec.cat\/iesmariustorres\/wp-json\/wp\/v2\/posts"}],"about":[{"href":"https:\/\/agora.xtec.cat\/iesmariustorres\/wp-json\/wp\/v2\/types\/post"}],"author":[{"embeddable":true,"href":"https:\/\/agora.xtec.cat\/iesmariustorres\/wp-json\/wp\/v2\/users\/3"}],"replies":[{"embeddable":true,"href":"https:\/\/agora.xtec.cat\/iesmariustorres\/wp-json\/wp\/v2\/comments?post=2675"}],"version-history":[{"count":3,"href":"https:\/\/agora.xtec.cat\/iesmariustorres\/wp-json\/wp\/v2\/posts\/2675\/revisions"}],"predecessor-version":[{"id":2708,"href":"https:\/\/agora.xtec.cat\/iesmariustorres\/wp-json\/wp\/v2\/posts\/2675\/revisions\/2708"}],"wp:featuredmedia":[{"embeddable":true,"href":"https:\/\/agora.xtec.cat\/iesmariustorres\/wp-json\/wp\/v2\/media\/2690"}],"wp:attachment":[{"href":"https:\/\/agora.xtec.cat\/iesmariustorres\/wp-json\/wp\/v2\/media?parent=2675"}],"wp:term":[{"taxonomy":"category","embeddable":true,"href":"https:\/\/agora.xtec.cat\/iesmariustorres\/wp-json\/wp\/v2\/categories?post=2675"},{"taxonomy":"post_tag","embeddable":true,"href":"https:\/\/agora.xtec.cat\/iesmariustorres\/wp-json\/wp\/v2\/tags?post=2675"}],"curies":[{"name":"wp","href":"https:\/\/api.w.org\/{rel}","templated":true}]}}