{"id":15669,"date":"2026-04-28T10:23:29","date_gmt":"2026-04-28T08:23:29","guid":{"rendered":"https:\/\/agora.xtec.cat\/iesmariustorres\/?p=15669"},"modified":"2026-04-28T10:23:29","modified_gmt":"2026-04-28T08:23:29","slug":"maite-carranza-visita-lalumnat-de-1r-deso-amb-gustavo-un-friki-en-la-eso","status":"publish","type":"post","link":"https:\/\/agora.xtec.cat\/iesmariustorres\/general\/maite-carranza-visita-lalumnat-de-1r-deso-amb-gustavo-un-friki-en-la-eso\/","title":{"rendered":"Maite Carranza visita l\u2019alumnat de 1r d\u2019ESO amb \u201cGustavo, un friki en la ESO\u201d"},"content":{"rendered":"<p data-start=\"83\" data-end=\"432\">Ahir, l\u2019alumnat de 1r d\u2019ESO va gaudir d\u2019una xerrada amb l\u2019escriptora <span class=\"hover:entity-accent entity-underline inline cursor-pointer align-baseline\"><span class=\"whitespace-normal\">Maite Carranza<\/span><\/span> al voltant del seu llibre <em data-start=\"216\" data-end=\"255\"><span class=\"hover:entity-accent entity-underline inline cursor-pointer align-baseline\"><span class=\"whitespace-normal\">Gustavo, un friki en la ESO<\/span><\/span><\/em>. La trobada va ser una oportunitat per con\u00e8ixer de prop el proc\u00e9s creatiu de l\u2019autora i aprofundir en els temes que apareixen a l\u2019obra, molt propers a la realitat de l\u2019alumnat.<\/p>\n<p data-start=\"434\" data-end=\"776\">Durant la sessi\u00f3, Carranza va compartir experi\u00e8ncies, va explicar com construeix els seus personatges i va respondre les preguntes dels estudiants, que van participar activament amb curiositat i inter\u00e8s. La xerrada tamb\u00e9 va esdevenir un espai de reflexi\u00f3 sobre la lectura, la creativitat i la import\u00e0ncia de la literatura en l\u2019etapa de l\u2019ESO.<\/p>\n<p data-start=\"778\" data-end=\"1015\">Cal destacar que l\u2019escriptora ha estat recentment distingida amb la <span class=\"hover:entity-accent entity-underline inline cursor-pointer align-baseline\"><span class=\"whitespace-normal\">Creu de Sant Jordi<\/span><\/span> en reconeixement a la seva traject\u00f2ria i al seu comprom\u00eds amb la cultura, fet que dona encara m\u00e9s valor a la seva visita al centre.<\/p>\n<p data-start=\"1017\" data-end=\"1128\" data-is-last-node=\"\" data-is-only-node=\"\">Una experi\u00e8ncia enriquidora que apropa la literatura a l\u2019aula i fomenta el gust per la lectura entre l\u2019alumnat.<\/p>\n<p data-start=\"1017\" data-end=\"1128\" data-is-last-node=\"\" data-is-only-node=\"\"><a href=\"https:\/\/agora.xtec.cat\/iesmariustorres\/wp-content\/uploads\/usu74\/2026\/04\/Copia-de-Copia-de-Copia-de-Copia-de-Copia-de-Copia-de-Copia-de-0-12.png\"><img loading=\"lazy\" decoding=\"async\" class=\"aligncenter size-large wp-image-15671\" src=\"https:\/\/agora.xtec.cat\/iesmariustorres\/wp-content\/uploads\/usu74\/2026\/04\/Copia-de-Copia-de-Copia-de-Copia-de-Copia-de-Copia-de-Copia-de-0-12-1024x709.png\" alt=\"\" width=\"1024\" height=\"709\" srcset=\"https:\/\/agora.xtec.cat\/iesmariustorres\/wp-content\/uploads\/usu74\/2026\/04\/Copia-de-Copia-de-Copia-de-Copia-de-Copia-de-Copia-de-Copia-de-0-12-1024x709.png 1024w, https:\/\/agora.xtec.cat\/iesmariustorres\/wp-content\/uploads\/usu74\/2026\/04\/Copia-de-Copia-de-Copia-de-Copia-de-Copia-de-Copia-de-Copia-de-0-12-300x208.png 300w, https:\/\/agora.xtec.cat\/iesmariustorres\/wp-content\/uploads\/usu74\/2026\/04\/Copia-de-Copia-de-Copia-de-Copia-de-Copia-de-Copia-de-Copia-de-0-12-768x532.png 768w, https:\/\/agora.xtec.cat\/iesmariustorres\/wp-content\/uploads\/usu74\/2026\/04\/Copia-de-Copia-de-Copia-de-Copia-de-Copia-de-Copia-de-Copia-de-0-12.png 1300w\" sizes=\"auto, (max-width: 1024px) 100vw, 1024px\" \/><\/a><\/p>\n<p data-start=\"1017\" data-end=\"1128\" data-is-last-node=\"\" data-is-only-node=\"\"><a href=\"https:\/\/agora.xtec.cat\/iesmariustorres\/wp-content\/uploads\/usu74\/2026\/04\/Copia-de-Copia-de-Copia-de-Copia-de-Copia-de-Copia-de-Copia-de-0-14.png\"><img loading=\"lazy\" decoding=\"async\" class=\"aligncenter size-large wp-image-15672\" src=\"https:\/\/agora.xtec.cat\/iesmariustorres\/wp-content\/uploads\/usu74\/2026\/04\/Copia-de-Copia-de-Copia-de-Copia-de-Copia-de-Copia-de-Copia-de-0-14-1024x709.png\" alt=\"\" width=\"1024\" height=\"709\" srcset=\"https:\/\/agora.xtec.cat\/iesmariustorres\/wp-content\/uploads\/usu74\/2026\/04\/Copia-de-Copia-de-Copia-de-Copia-de-Copia-de-Copia-de-Copia-de-0-14-1024x709.png 1024w, https:\/\/agora.xtec.cat\/iesmariustorres\/wp-content\/uploads\/usu74\/2026\/04\/Copia-de-Copia-de-Copia-de-Copia-de-Copia-de-Copia-de-Copia-de-0-14-300x208.png 300w, https:\/\/agora.xtec.cat\/iesmariustorres\/wp-content\/uploads\/usu74\/2026\/04\/Copia-de-Copia-de-Copia-de-Copia-de-Copia-de-Copia-de-Copia-de-0-14-768x532.png 768w, https:\/\/agora.xtec.cat\/iesmariustorres\/wp-content\/uploads\/usu74\/2026\/04\/Copia-de-Copia-de-Copia-de-Copia-de-Copia-de-Copia-de-Copia-de-0-14.png 1300w\" sizes=\"auto, (max-width: 1024px) 100vw, 1024px\" \/><\/a><\/p>\n","protected":false},"excerpt":{"rendered":"<p>Ahir, l\u2019alumnat de 1r d\u2019ESO va gaudir d\u2019una xerrada amb l\u2019escriptora Maite Carranza al voltant del seu llibre Gustavo, un friki en la ESO. La trobada va ser una oportunitat per con\u00e8ixer de prop el proc\u00e9s creatiu de l\u2019autora i aprofundir en els temes que&hellip;  <a href=\"https:\/\/agora.xtec.cat\/iesmariustorres\/general\/maite-carranza-visita-lalumnat-de-1r-deso-amb-gustavo-un-friki-en-la-eso\/\" title=\"Read Maite Carranza visita l\u2019alumnat de 1r d\u2019ESO amb \u201cGustavo, un friki en la ESO\u201d\">Llegeix m\u00e9s\u00bb<\/a><\/p>\n","protected":false},"author":131,"featured_media":15670,"comment_status":"open","ping_status":"open","sticky":false,"template":"","format":"standard","meta":{"_bbp_topic_count":0,"_bbp_reply_count":0,"_bbp_total_topic_count":0,"_bbp_total_reply_count":0,"_bbp_voice_count":0,"_bbp_anonymous_reply_count":0,"_bbp_topic_count_hidden":0,"_bbp_reply_count_hidden":0,"_bbp_forum_subforum_count":0,"footnotes":""},"categories":[4,1,29],"tags":[],"class_list":["post-15669","post","type-post","status-publish","format-standard","has-post-thumbnail","hentry","category-eso-1","category-general","category-portada"],"post_mailing_queue_ids":[],"_links":{"self":[{"href":"https:\/\/agora.xtec.cat\/iesmariustorres\/wp-json\/wp\/v2\/posts\/15669","targetHints":{"allow":["GET"]}}],"collection":[{"href":"https:\/\/agora.xtec.cat\/iesmariustorres\/wp-json\/wp\/v2\/posts"}],"about":[{"href":"https:\/\/agora.xtec.cat\/iesmariustorres\/wp-json\/wp\/v2\/types\/post"}],"author":[{"embeddable":true,"href":"https:\/\/agora.xtec.cat\/iesmariustorres\/wp-json\/wp\/v2\/users\/131"}],"replies":[{"embeddable":true,"href":"https:\/\/agora.xtec.cat\/iesmariustorres\/wp-json\/wp\/v2\/comments?post=15669"}],"version-history":[{"count":1,"href":"https:\/\/agora.xtec.cat\/iesmariustorres\/wp-json\/wp\/v2\/posts\/15669\/revisions"}],"predecessor-version":[{"id":15673,"href":"https:\/\/agora.xtec.cat\/iesmariustorres\/wp-json\/wp\/v2\/posts\/15669\/revisions\/15673"}],"wp:featuredmedia":[{"embeddable":true,"href":"https:\/\/agora.xtec.cat\/iesmariustorres\/wp-json\/wp\/v2\/media\/15670"}],"wp:attachment":[{"href":"https:\/\/agora.xtec.cat\/iesmariustorres\/wp-json\/wp\/v2\/media?parent=15669"}],"wp:term":[{"taxonomy":"category","embeddable":true,"href":"https:\/\/agora.xtec.cat\/iesmariustorres\/wp-json\/wp\/v2\/categories?post=15669"},{"taxonomy":"post_tag","embeddable":true,"href":"https:\/\/agora.xtec.cat\/iesmariustorres\/wp-json\/wp\/v2\/tags?post=15669"}],"curies":[{"name":"wp","href":"https:\/\/api.w.org\/{rel}","templated":true}]}}