{"id":15604,"date":"2026-04-15T13:43:28","date_gmt":"2026-04-15T11:43:28","guid":{"rendered":"https:\/\/agora.xtec.cat\/iesmariustorres\/?p=15604"},"modified":"2026-04-15T13:43:28","modified_gmt":"2026-04-15T11:43:28","slug":"lalumnat-del-grup-demd-reflexiona-sobre-la-memoria-historica-en-una-trobada-amb-la-ministra","status":"publish","type":"post","link":"https:\/\/agora.xtec.cat\/iesmariustorres\/general\/lalumnat-del-grup-demd-reflexiona-sobre-la-memoria-historica-en-una-trobada-amb-la-ministra\/","title":{"rendered":"L\u2019alumnat del Grup DEMD reflexiona sobre la mem\u00f2ria hist\u00f2rica en una trobada amb la ministra"},"content":{"rendered":"<div>L&#8217;alumnat del centre que participa als projectes de Mem\u00f2ria Hist\u00f2rica i Democr\u00e0tica (Grup DEMD) va participar aquest dijous en una videoconfer\u00e8ncia amb la ministra d\u2019Educaci\u00f3, Formaci\u00f3 Professional i Esports, Milagros Tol\u00f3n, en qu\u00e8 es valorar el paper dels viatges educatius als camps de concentraci\u00f3 nazis com una aut\u00e8ntica lli\u00e7\u00f3 d\u2019humanitat davant l\u2019odi.<\/p>\n<p>Durant la trobada virtual, vam poder escoltar de primera m\u00e0 la reflexi\u00f3 de la ministra sobre la import\u00e0ncia de mantenir viva la mem\u00f2ria hist\u00f2rica i de fomentar activitats educatives que ajudin a entendre les conseq\u00fc\u00e8ncies de la intoler\u00e0ncia.<\/p>\n<p>La sessi\u00f3 va servir perqu\u00e8 l\u2019alumnat\u00a0que participa al viatge al camp de Mauthausen reflexioni sobre el passat i el seu impacte en el present, tot destacant la necessitat de formar ciutadans cr\u00edtics i compromesos amb els valors democr\u00e0tics.<\/p><\/div>\n<div><\/div>\n<div>Tot plegat, una activitat que va permetre a l\u2019alumnat connectar els continguts treballats a classe amb una reflexi\u00f3 real sobre el present, entenent que la mem\u00f2ria hist\u00f2rica no \u00e9s nom\u00e9s passat, sin\u00f3 una eina imprescindible per interpretar el m\u00f3n actual.<\/div>\n<div><\/div>\n<div><a href=\"https:\/\/agora.xtec.cat\/iesmariustorres\/wp-content\/uploads\/usu74\/2026\/04\/Copia-de-Copia-de-Copia-de-Copia-de-Copia-de-Copia-de-Copia-de-0-2.png\"><img loading=\"lazy\" decoding=\"async\" class=\"aligncenter size-large wp-image-15606\" src=\"https:\/\/agora.xtec.cat\/iesmariustorres\/wp-content\/uploads\/usu74\/2026\/04\/Copia-de-Copia-de-Copia-de-Copia-de-Copia-de-Copia-de-Copia-de-0-2-1024x709.png\" alt=\"\" width=\"1024\" height=\"709\" srcset=\"https:\/\/agora.xtec.cat\/iesmariustorres\/wp-content\/uploads\/usu74\/2026\/04\/Copia-de-Copia-de-Copia-de-Copia-de-Copia-de-Copia-de-Copia-de-0-2-1024x709.png 1024w, https:\/\/agora.xtec.cat\/iesmariustorres\/wp-content\/uploads\/usu74\/2026\/04\/Copia-de-Copia-de-Copia-de-Copia-de-Copia-de-Copia-de-Copia-de-0-2-300x208.png 300w, https:\/\/agora.xtec.cat\/iesmariustorres\/wp-content\/uploads\/usu74\/2026\/04\/Copia-de-Copia-de-Copia-de-Copia-de-Copia-de-Copia-de-Copia-de-0-2-768x532.png 768w, https:\/\/agora.xtec.cat\/iesmariustorres\/wp-content\/uploads\/usu74\/2026\/04\/Copia-de-Copia-de-Copia-de-Copia-de-Copia-de-Copia-de-Copia-de-0-2.png 1300w\" sizes=\"auto, (max-width: 1024px) 100vw, 1024px\" \/><\/a><\/div>\n","protected":false},"excerpt":{"rendered":"<p>L&#8217;alumnat del centre que participa als projectes de Mem\u00f2ria Hist\u00f2rica i Democr\u00e0tica (Grup DEMD) va participar aquest dijous en una videoconfer\u00e8ncia amb la ministra d\u2019Educaci\u00f3, Formaci\u00f3 Professional i Esports, Milagros Tol\u00f3n, en qu\u00e8 es valorar el paper dels viatges educatius als camps de concentraci\u00f3 nazis&hellip;  <a href=\"https:\/\/agora.xtec.cat\/iesmariustorres\/general\/lalumnat-del-grup-demd-reflexiona-sobre-la-memoria-historica-en-una-trobada-amb-la-ministra\/\" title=\"Read L\u2019alumnat del Grup DEMD reflexiona sobre la mem\u00f2ria hist\u00f2rica en una trobada amb la ministra\">Llegeix m\u00e9s\u00bb<\/a><\/p>\n","protected":false},"author":131,"featured_media":15605,"comment_status":"open","ping_status":"open","sticky":false,"template":"","format":"standard","meta":{"_bbp_topic_count":0,"_bbp_reply_count":0,"_bbp_total_topic_count":0,"_bbp_total_reply_count":0,"_bbp_voice_count":0,"_bbp_anonymous_reply_count":0,"_bbp_topic_count_hidden":0,"_bbp_reply_count_hidden":0,"_bbp_forum_subforum_count":0,"footnotes":""},"categories":[8,1,29],"tags":[],"class_list":["post-15604","post","type-post","status-publish","format-standard","has-post-thumbnail","hentry","category-batxillerat","category-general","category-portada"],"post_mailing_queue_ids":[],"_links":{"self":[{"href":"https:\/\/agora.xtec.cat\/iesmariustorres\/wp-json\/wp\/v2\/posts\/15604","targetHints":{"allow":["GET"]}}],"collection":[{"href":"https:\/\/agora.xtec.cat\/iesmariustorres\/wp-json\/wp\/v2\/posts"}],"about":[{"href":"https:\/\/agora.xtec.cat\/iesmariustorres\/wp-json\/wp\/v2\/types\/post"}],"author":[{"embeddable":true,"href":"https:\/\/agora.xtec.cat\/iesmariustorres\/wp-json\/wp\/v2\/users\/131"}],"replies":[{"embeddable":true,"href":"https:\/\/agora.xtec.cat\/iesmariustorres\/wp-json\/wp\/v2\/comments?post=15604"}],"version-history":[{"count":1,"href":"https:\/\/agora.xtec.cat\/iesmariustorres\/wp-json\/wp\/v2\/posts\/15604\/revisions"}],"predecessor-version":[{"id":15607,"href":"https:\/\/agora.xtec.cat\/iesmariustorres\/wp-json\/wp\/v2\/posts\/15604\/revisions\/15607"}],"wp:featuredmedia":[{"embeddable":true,"href":"https:\/\/agora.xtec.cat\/iesmariustorres\/wp-json\/wp\/v2\/media\/15605"}],"wp:attachment":[{"href":"https:\/\/agora.xtec.cat\/iesmariustorres\/wp-json\/wp\/v2\/media?parent=15604"}],"wp:term":[{"taxonomy":"category","embeddable":true,"href":"https:\/\/agora.xtec.cat\/iesmariustorres\/wp-json\/wp\/v2\/categories?post=15604"},{"taxonomy":"post_tag","embeddable":true,"href":"https:\/\/agora.xtec.cat\/iesmariustorres\/wp-json\/wp\/v2\/tags?post=15604"}],"curies":[{"name":"wp","href":"https:\/\/api.w.org\/{rel}","templated":true}]}}