{"id":15315,"date":"2026-01-12T13:55:09","date_gmt":"2026-01-12T12:55:09","guid":{"rendered":"https:\/\/agora.xtec.cat\/iesmariustorres\/?p=15315"},"modified":"2026-01-12T13:55:09","modified_gmt":"2026-01-12T12:55:09","slug":"la-ciutat-de-les-llums","status":"publish","type":"post","link":"https:\/\/agora.xtec.cat\/iesmariustorres\/general\/la-ciutat-de-les-llums\/","title":{"rendered":"La ciutat de les Llums"},"content":{"rendered":"<p data-start=\"285\" data-end=\"490\">El dia 19 de desembre, el Hall 2 de l\u2019Institut M\u00e0rius Torres va acollir l\u2019exposici\u00f3 \u201cLes ciutats de la llum\u201d, una mostra art\u00edstica realitzada per l\u2019alumnat de l\u2019ESO dins del projecte Arts al M\u00e0rius.<\/p>\n<p data-start=\"492\" data-end=\"875\">L\u2019exposici\u00f3 girava al voltant del disseny de m\u00f2duls, les xarxes modulars, el packaging i la intervenci\u00f3 d\u2019un espai, amb una clara inspiraci\u00f3 en l\u2019arquitectura i l\u2019urbanisme del segle XIX, aix\u00ed com en els moviments de l\u2019impressionisme i el postimpressionisme. A partir d\u2019aquests referents, l\u2019alumnat va crear diferents propostes visuals que combinaven volum, color, estructura i llum.<\/p>\n<p data-start=\"877\" data-end=\"1231\">Entre les obres exposades, es podien veure maquetes d\u2019edificis, ciutats imagin\u00e0ries i escenografies interiors, amb especial protagonisme de la il\u00b7luminaci\u00f3 com a element expressiu i simb\u00f2lic. Les creacions mostraven tant espais urbans com interiors dom\u00e8stics, recreant atmosferes nocturnes, paisatges il\u00b7luminats i escenes inspirades en ciutats europees.<\/p>\n<p data-start=\"1233\" data-end=\"1595\">El projecte va permetre treballar conceptes com l\u2019organitzaci\u00f3 de l\u2019espai, la composici\u00f3, el color i la relaci\u00f3 entre arquitectura i emoci\u00f3, alhora que fomentava la creativitat i el treball manual. A m\u00e9s, l\u2019exposici\u00f3 va oferir a la comunitat educativa l\u2019oportunitat de con\u00e8ixer el proc\u00e9s creatiu de l\u2019alumnat i valorar el resultat final del seu treball art\u00edstic.<\/p>\n<p data-start=\"1597\" data-end=\"1856\">Amb \u201cLes ciutats de la llum\u201d, l\u2019alumnat de l\u2019ESO va demostrar la seva capacitat per interpretar referents art\u00edstics i arquitect\u00f2nics i transformar-los en propostes visuals originals, tancant el trimestre amb una mostra plena de creativitat, llum i imaginaci\u00f3.<\/p>\n<p data-start=\"1597\" data-end=\"1856\">\n<p data-start=\"1597\" data-end=\"1856\"><a href=\"https:\/\/agora.xtec.cat\/iesmariustorres\/wp-content\/uploads\/usu74\/2026\/01\/Copia-de-Copia-de-Copia-de-Copia-de-Copia-de-Copia-de-Copia-de-0-6.jpg\"><img loading=\"lazy\" decoding=\"async\" class=\"aligncenter size-large wp-image-15316\" src=\"https:\/\/agora.xtec.cat\/iesmariustorres\/wp-content\/uploads\/usu74\/2026\/01\/Copia-de-Copia-de-Copia-de-Copia-de-Copia-de-Copia-de-Copia-de-0-6-1024x709.jpg\" alt=\"\" width=\"1024\" height=\"709\" srcset=\"https:\/\/agora.xtec.cat\/iesmariustorres\/wp-content\/uploads\/usu74\/2026\/01\/Copia-de-Copia-de-Copia-de-Copia-de-Copia-de-Copia-de-Copia-de-0-6-1024x709.jpg 1024w, https:\/\/agora.xtec.cat\/iesmariustorres\/wp-content\/uploads\/usu74\/2026\/01\/Copia-de-Copia-de-Copia-de-Copia-de-Copia-de-Copia-de-Copia-de-0-6-300x208.jpg 300w, https:\/\/agora.xtec.cat\/iesmariustorres\/wp-content\/uploads\/usu74\/2026\/01\/Copia-de-Copia-de-Copia-de-Copia-de-Copia-de-Copia-de-Copia-de-0-6-768x532.jpg 768w, https:\/\/agora.xtec.cat\/iesmariustorres\/wp-content\/uploads\/usu74\/2026\/01\/Copia-de-Copia-de-Copia-de-Copia-de-Copia-de-Copia-de-Copia-de-0-6.jpg 1300w\" sizes=\"auto, (max-width: 1024px) 100vw, 1024px\" \/><\/a><\/p>\n","protected":false},"excerpt":{"rendered":"<p>El dia 19 de desembre, el Hall 2 de l\u2019Institut M\u00e0rius Torres va acollir l\u2019exposici\u00f3 \u201cLes ciutats de la llum\u201d, una mostra art\u00edstica realitzada per l\u2019alumnat de l\u2019ESO dins del projecte Arts al M\u00e0rius. L\u2019exposici\u00f3 girava al voltant del disseny de m\u00f2duls, les xarxes modulars, el packaging i la intervenci\u00f3 d\u2019un espai, amb una clara [&hellip;]<\/p>\n","protected":false},"author":131,"featured_media":15317,"comment_status":"open","ping_status":"open","sticky":false,"template":"","format":"standard","meta":{"_bbp_topic_count":0,"_bbp_reply_count":0,"_bbp_total_topic_count":0,"_bbp_total_reply_count":0,"_bbp_voice_count":0,"_bbp_anonymous_reply_count":0,"_bbp_topic_count_hidden":0,"_bbp_reply_count_hidden":0,"_bbp_forum_subforum_count":0,"site-sidebar-layout":"default","site-content-layout":"","ast-site-content-layout":"","site-content-style":"default","site-sidebar-style":"default","ast-global-header-display":"","ast-banner-title-visibility":"","ast-main-header-display":"","ast-hfb-above-header-display":"","ast-hfb-below-header-display":"","ast-hfb-mobile-header-display":"","site-post-title":"","ast-breadcrumbs-content":"","ast-featured-img":"","footer-sml-layout":"","theme-transparent-header-meta":"","adv-header-id-meta":"","stick-header-meta":"","header-above-stick-meta":"","header-main-stick-meta":"","header-below-stick-meta":"","astra-migrate-meta-layouts":"default","ast-page-background-enabled":"default","ast-page-background-meta":{"desktop":{"background-color":"var(--ast-global-color-4)","background-image":"","background-repeat":"repeat","background-position":"center center","background-size":"auto","background-attachment":"scroll","background-type":"","background-media":"","overlay-type":"","overlay-color":"","overlay-opacity":"","overlay-gradient":""},"tablet":{"background-color":"","background-image":"","background-repeat":"repeat","background-position":"center center","background-size":"auto","background-attachment":"scroll","background-type":"","background-media":"","overlay-type":"","overlay-color":"","overlay-opacity":"","overlay-gradient":""},"mobile":{"background-color":"","background-image":"","background-repeat":"repeat","background-position":"center center","background-size":"auto","background-attachment":"scroll","background-type":"","background-media":"","overlay-type":"","overlay-color":"","overlay-opacity":"","overlay-gradient":""}},"ast-content-background-meta":{"desktop":{"background-color":"var(--ast-global-color-5)","background-image":"","background-repeat":"repeat","background-position":"center center","background-size":"auto","background-attachment":"scroll","background-type":"","background-media":"","overlay-type":"","overlay-color":"","overlay-opacity":"","overlay-gradient":""},"tablet":{"background-color":"var(--ast-global-color-5)","background-image":"","background-repeat":"repeat","background-position":"center center","background-size":"auto","background-attachment":"scroll","background-type":"","background-media":"","overlay-type":"","overlay-color":"","overlay-opacity":"","overlay-gradient":""},"mobile":{"background-color":"var(--ast-global-color-5)","background-image":"","background-repeat":"repeat","background-position":"center center","background-size":"auto","background-attachment":"scroll","background-type":"","background-media":"","overlay-type":"","overlay-color":"","overlay-opacity":"","overlay-gradient":""}},"footnotes":""},"categories":[8,3,1,29],"tags":[],"class_list":["post-15315","post","type-post","status-publish","format-standard","has-post-thumbnail","hentry","category-batxillerat","category-eso","category-general","category-portada"],"post_mailing_queue_ids":[],"_links":{"self":[{"href":"https:\/\/agora.xtec.cat\/iesmariustorres\/wp-json\/wp\/v2\/posts\/15315","targetHints":{"allow":["GET"]}}],"collection":[{"href":"https:\/\/agora.xtec.cat\/iesmariustorres\/wp-json\/wp\/v2\/posts"}],"about":[{"href":"https:\/\/agora.xtec.cat\/iesmariustorres\/wp-json\/wp\/v2\/types\/post"}],"author":[{"embeddable":true,"href":"https:\/\/agora.xtec.cat\/iesmariustorres\/wp-json\/wp\/v2\/users\/131"}],"replies":[{"embeddable":true,"href":"https:\/\/agora.xtec.cat\/iesmariustorres\/wp-json\/wp\/v2\/comments?post=15315"}],"version-history":[{"count":1,"href":"https:\/\/agora.xtec.cat\/iesmariustorres\/wp-json\/wp\/v2\/posts\/15315\/revisions"}],"predecessor-version":[{"id":15318,"href":"https:\/\/agora.xtec.cat\/iesmariustorres\/wp-json\/wp\/v2\/posts\/15315\/revisions\/15318"}],"wp:featuredmedia":[{"embeddable":true,"href":"https:\/\/agora.xtec.cat\/iesmariustorres\/wp-json\/wp\/v2\/media\/15317"}],"wp:attachment":[{"href":"https:\/\/agora.xtec.cat\/iesmariustorres\/wp-json\/wp\/v2\/media?parent=15315"}],"wp:term":[{"taxonomy":"category","embeddable":true,"href":"https:\/\/agora.xtec.cat\/iesmariustorres\/wp-json\/wp\/v2\/categories?post=15315"},{"taxonomy":"post_tag","embeddable":true,"href":"https:\/\/agora.xtec.cat\/iesmariustorres\/wp-json\/wp\/v2\/tags?post=15315"}],"curies":[{"name":"wp","href":"https:\/\/api.w.org\/{rel}","templated":true}]}}