{"id":11763,"date":"2020-11-11T20:31:47","date_gmt":"2020-11-11T19:31:47","guid":{"rendered":"https:\/\/agora.xtec.cat\/iesmariustorres\/?p=11763"},"modified":"2020-11-24T16:09:54","modified_gmt":"2020-11-24T15:09:54","slug":"ampa-convocatoria-dassemblea-general-ordinaria-2","status":"publish","type":"post","link":"https:\/\/agora.xtec.cat\/iesmariustorres\/general\/ampa-convocatoria-dassemblea-general-ordinaria-2\/","title":{"rendered":"AMPA- CONVOCAT\u00d2RIA D\u2019ASSEMBLEA GENERAL ORDIN\u00c0RIA"},"content":{"rendered":"<p>El proper dilluns \u00a0<strong>30 de novembre<\/strong> de 2020, a les <strong>19:00 hores<\/strong>, se celebrar\u00e0 l<strong>\u2019Assemblea General<\/strong><br \/>\n<strong>Ordin\u00e0ria<\/strong> del present curs amb el seg\u00fcent ordre del dia:<\/p>\n<ol>\n<li>Lectura i aprovaci\u00f3 de l\u2019<a href=\"https:\/\/agora.xtec.cat\/iesmariustorres\/ampa\/assemblea-ampa-2019\/\">acta de l\u2019assemblea anterior<\/a> (est\u00e0 penjada a la web de l\u2019institut).<\/li>\n<li>Valoraci\u00f3 de les activitats del curs 2019 &#8211; 2020.<\/li>\n<li>Proposta de les activitats per al curs 2020 &#8211; 2021, en funci\u00f3 de la situaci\u00f3 COVID-19.<\/li>\n<li>Tancament econ\u00f2mic curs 2019 &#8211; 2020.<\/li>\n<li>Pressupost per al curs 2020 &#8211; 2021.<\/li>\n<li>Votaci\u00f3, si s\u2019escau, dels nous membres de la Junta Directiva de l\u2019AMPA.<\/li>\n<li>Informe de la direcci\u00f3 del centre.<\/li>\n<li>Torn obert de paraules.<\/li>\n<\/ol>\n<p><a href=\"https:\/\/agora.xtec.cat\/iesmariustorres\/wp-content\/uploads\/usu74\/2020\/11\/Convocatoria-de-Assemblea-General-Ordinaria-AMPA-2020-2021.pdf\" target=\"_blank\" rel=\"noopener noreferrer\">Enlla\u00e7 a la &#8220;Convocatoria de Assemblea General Ordinaria AMPA 2020-2021&#8221;<\/a><\/p>\n","protected":false},"excerpt":{"rendered":"<p>El proper dilluns \u00a030 de novembre de 2020, a les 19:00 hores, se celebrar\u00e0 l\u2019Assemblea General Ordin\u00e0ria del present curs amb el seg\u00fcent ordre del dia: Lectura i aprovaci\u00f3 de l\u2019acta de l\u2019assemblea anterior (est\u00e0 penjada a la web de l\u2019institut). Valoraci\u00f3 de les activitats del curs 2019 &#8211; 2020. Proposta de les activitats per [&hellip;]<\/p>\n","protected":false},"author":1,"featured_media":0,"comment_status":"closed","ping_status":"closed","sticky":false,"template":"","format":"standard","meta":{"_bbp_topic_count":0,"_bbp_reply_count":0,"_bbp_total_topic_count":0,"_bbp_total_reply_count":0,"_bbp_voice_count":0,"_bbp_anonymous_reply_count":0,"_bbp_topic_count_hidden":0,"_bbp_reply_count_hidden":0,"_bbp_forum_subforum_count":0,"site-sidebar-layout":"default","site-content-layout":"","ast-site-content-layout":"","site-content-style":"default","site-sidebar-style":"default","ast-global-header-display":"","ast-banner-title-visibility":"","ast-main-header-display":"","ast-hfb-above-header-display":"","ast-hfb-below-header-display":"","ast-hfb-mobile-header-display":"","site-post-title":"","ast-breadcrumbs-content":"","ast-featured-img":"","footer-sml-layout":"","theme-transparent-header-meta":"","adv-header-id-meta":"","stick-header-meta":"","header-above-stick-meta":"","header-main-stick-meta":"","header-below-stick-meta":"","astra-migrate-meta-layouts":"default","ast-page-background-enabled":"default","ast-page-background-meta":{"desktop":{"background-color":"var(--ast-global-color-4)","background-image":"","background-repeat":"repeat","background-position":"center center","background-size":"auto","background-attachment":"scroll","background-type":"","background-media":"","overlay-type":"","overlay-color":"","overlay-opacity":"","overlay-gradient":""},"tablet":{"background-color":"","background-image":"","background-repeat":"repeat","background-position":"center center","background-size":"auto","background-attachment":"scroll","background-type":"","background-media":"","overlay-type":"","overlay-color":"","overlay-opacity":"","overlay-gradient":""},"mobile":{"background-color":"","background-image":"","background-repeat":"repeat","background-position":"center center","background-size":"auto","background-attachment":"scroll","background-type":"","background-media":"","overlay-type":"","overlay-color":"","overlay-opacity":"","overlay-gradient":""}},"ast-content-background-meta":{"desktop":{"background-color":"var(--ast-global-color-5)","background-image":"","background-repeat":"repeat","background-position":"center center","background-size":"auto","background-attachment":"scroll","background-type":"","background-media":"","overlay-type":"","overlay-color":"","overlay-opacity":"","overlay-gradient":""},"tablet":{"background-color":"var(--ast-global-color-5)","background-image":"","background-repeat":"repeat","background-position":"center center","background-size":"auto","background-attachment":"scroll","background-type":"","background-media":"","overlay-type":"","overlay-color":"","overlay-opacity":"","overlay-gradient":""},"mobile":{"background-color":"var(--ast-global-color-5)","background-image":"","background-repeat":"repeat","background-position":"center center","background-size":"auto","background-attachment":"scroll","background-type":"","background-media":"","overlay-type":"","overlay-color":"","overlay-opacity":"","overlay-gradient":""}},"footnotes":""},"categories":[31,1,29],"tags":[156],"class_list":["post-11763","post","type-post","status-publish","format-standard","hentry","category-afa","category-general","category-portada","tag-ampa"],"post_mailing_queue_ids":[],"_links":{"self":[{"href":"https:\/\/agora.xtec.cat\/iesmariustorres\/wp-json\/wp\/v2\/posts\/11763","targetHints":{"allow":["GET"]}}],"collection":[{"href":"https:\/\/agora.xtec.cat\/iesmariustorres\/wp-json\/wp\/v2\/posts"}],"about":[{"href":"https:\/\/agora.xtec.cat\/iesmariustorres\/wp-json\/wp\/v2\/types\/post"}],"author":[{"embeddable":true,"href":"https:\/\/agora.xtec.cat\/iesmariustorres\/wp-json\/wp\/v2\/users\/1"}],"replies":[{"embeddable":true,"href":"https:\/\/agora.xtec.cat\/iesmariustorres\/wp-json\/wp\/v2\/comments?post=11763"}],"version-history":[{"count":3,"href":"https:\/\/agora.xtec.cat\/iesmariustorres\/wp-json\/wp\/v2\/posts\/11763\/revisions"}],"predecessor-version":[{"id":11857,"href":"https:\/\/agora.xtec.cat\/iesmariustorres\/wp-json\/wp\/v2\/posts\/11763\/revisions\/11857"}],"wp:attachment":[{"href":"https:\/\/agora.xtec.cat\/iesmariustorres\/wp-json\/wp\/v2\/media?parent=11763"}],"wp:term":[{"taxonomy":"category","embeddable":true,"href":"https:\/\/agora.xtec.cat\/iesmariustorres\/wp-json\/wp\/v2\/categories?post=11763"},{"taxonomy":"post_tag","embeddable":true,"href":"https:\/\/agora.xtec.cat\/iesmariustorres\/wp-json\/wp\/v2\/tags?post=11763"}],"curies":[{"name":"wp","href":"https:\/\/api.w.org\/{rel}","templated":true}]}}