{"id":237,"count":6,"description":"<p style=\"text-align: justify;\"><span style=\"text-decoration: underline;\">Projecte de 1r d'ESO:<\/span> <strong>\"Del riu al mar\"<\/strong>. A\u00a0partir del treball cooperatiu<span class=\"hiddenGrammarError\" style=\"padding-bottom: 2px; background-image: url('..\/..\/..\/..\/..\/images\/squiggle.png'); background-repeat: repeat-x; background-position: left bottom; cursor: default; color: #000000; font-family: 'Open Sans', Helvetica, Arial, sans-serif; font-size: 16px; font-style: normal; font-variant-ligatures: normal; font-variant-caps: normal; font-weight: 300; letter-spacing: normal; orphans: 2; text-align: start; text-indent: 0px; text-transform: none; widows: 2; word-spacing: 0px; -webkit-text-stroke-width: 0px; white-space: normal;\">, <\/span>l'alumnat aprofundeix els seusconeixements en el riu que travessa la ciutat, el Segre durant el 1r quadrimestre i el mar Mediterrani<span class=\"hiddenGrammarError\" style=\"padding-bottom: 2px; background-image: url('..\/..\/..\/..\/..\/images\/squiggle.png'); background-repeat: repeat-x; background-position: left bottom; cursor: default; color: #000000; font-family: 'Open Sans', Helvetica, Arial, sans-serif; font-size: 16px; font-style: normal; font-variant-ligatures: normal; font-variant-caps: normal; font-weight: 300; letter-spacing: normal; orphans: 2; text-align: start; text-indent: 0px; text-transform: none; widows: 2; word-spacing: 0px; -webkit-text-stroke-width: 0px; white-space: normal;\">,<\/span> en el 2n quadrimestre. Un projecte on a partir d'un eix tem\u00e0tic es treballen els diferents \u00e0mbits.<\/p>\r\n<p style=\"text-align: justify;\"><span style=\"text-decoration: underline;\">Projecte de 2n d'ESO:<\/span> <strong>\"Les ciutats del m\u00f3n\"<\/strong>. Un viatge per les ciutats m\u00e9s importants del m\u00f3n on cada grup de treball aprofundeix en la seva ciutat i ho comparteix amb la resta de la classe. Barcelona i Lleida esdevenen dues ciutats del m\u00f3n transversals per a tots els grups.<\/p>\r\n<p style=\"text-align: justify;\"><span style=\"text-decoration: underline;\">Projecte de 3r d'ESO:<\/span> <strong>\"Fem un M\u00e0rius millor\"<\/strong>. Som ag\u00e8ncies de publicitat i a partir de la creaci\u00f3 del nostre logotip comercial, treballem per una publicitat positiva a trav\u00e9s del cartellisme, v\u00eddeos, p\u00f2dcasts... A favor de la comunitat educativa del M\u00e0rius i dels seus espais.<\/p>","link":"https:\/\/agora.xtec.cat\/iesmariustorres\/categoria\/el-segre-un-riu-de-coneixement-i-diversio\/","name":"Projectes","slug":"el-segre-un-riu-de-coneixement-i-diversio","taxonomy":"category","parent":0,"meta":[],"_links":{"self":[{"href":"https:\/\/agora.xtec.cat\/iesmariustorres\/wp-json\/wp\/v2\/categories\/237","targetHints":{"allow":["GET"]}}],"collection":[{"href":"https:\/\/agora.xtec.cat\/iesmariustorres\/wp-json\/wp\/v2\/categories"}],"about":[{"href":"https:\/\/agora.xtec.cat\/iesmariustorres\/wp-json\/wp\/v2\/taxonomies\/category"}],"wp:post_type":[{"href":"https:\/\/agora.xtec.cat\/iesmariustorres\/wp-json\/wp\/v2\/posts?categories=237"}],"curies":[{"name":"wp","href":"https:\/\/api.w.org\/{rel}","templated":true}]}}