{"id":978,"date":"2017-09-28T18:24:43","date_gmt":"2017-09-28T16:24:43","guid":{"rendered":"http:\/\/agora.xtec.cat\/iesmarina\/?p=978"},"modified":"2018-04-03T11:25:35","modified_gmt":"2018-04-03T09:25:35","slug":"erasmus-go-for-literacy-to-enlighten-your-future","status":"publish","type":"post","link":"https:\/\/agora.xtec.cat\/iesmarina\/general\/erasmus-go-for-literacy-to-enlighten-your-future\/","title":{"rendered":"Erasmus+ : &#8220;Go for Literacy to Enlighten your Future&#8221;"},"content":{"rendered":"<p>Aquest any l&#8217;Ins Marina ha estat seleccionat per la coordinaci\u00f3 d&#8217;un nou projecte Erasmus +, &#8220;Go for Literacy to Enlighten your Future&#8221;, per tal d&#8217; assolir una millora de les compet\u00e8ncies b\u00e0siques del nostre alumnat. Durant dos anys escolars (2017-2019), els nostres alumnes de 4t ESO participaran en diverses tasques a les classes relacionades amb la millora de les seves destreses ling\u00fc\u00edstiques (comprensi\u00f3 oral i escrita, expressi\u00f3 oral i escrita), el seu pensament cr\u00edtic, la seva emprenedoria, la creativitat i l&#8217;autonomia.<\/p>\n<p>Els alumnes tindran l&#8217;oportunitat de treballar conjuntament amb els centres: Necmi Asfuroglu Anadolu Lisesi (Turquia),Paikuse Pohikool (Est\u00f2nia), College Saint Anne (Fran\u00e7a) i Berufskolleg (Alemanya ) on tindran lloc diferents mobilitats durant el curs; tant d&#8217;alumnat amb professors, com nom\u00e9s professorat. Sota l&#8217;esl\u00f2gan: &#8220;Literacy is not a luxury, it is a right and a resposibility&#8221;, treballarem per assolir els objectius marcats, aconseguir resultats positius i un gran impacte en la nostra comunitat educativa.<\/p>\n<p dir=\"ltr\">\u00a0Per tenir m\u00e9s informaci\u00f3 del projecte podeu visitar:<\/p>\n<p dir=\"ltr\"><a href=\"https:\/\/literacyourfuturespain.blogspot.com.es\/\" target=\"_blank\" rel=\"noopener noreferrer\">Blog oficial del projecte<\/a><\/p>\n<p dir=\"ltr\"><a href=\"http:\/\/literacyourfuture.pbworks.com\/w\/page\/119646432\/WELCOME\" target=\"_blank\" rel=\"noopener noreferrer\">Wiki del projecte<\/a><\/p>\n<p dir=\"ltr\"><a href=\"mailto:rabad5@xtec.cat\" target=\"_blank\" rel=\"noopener noreferrer\">rabad5@xtec.cat<\/a> (contacte)<\/p>\n","protected":false},"excerpt":{"rendered":"<p>Aquest any l&#8217;Ins Marina ha estat seleccionat per la coordinaci\u00f3 d&#8217;un nou projecte Erasmus +, &#8220;Go for Literacy to Enlighten your Future&#8221;, per tal d&#8217; assolir una millora de les compet\u00e8ncies b\u00e0siques del nostre alumnat. Durant dos anys escolars (2017-2019), els nostres alumnes de 4t&hellip;  <a href=\"https:\/\/agora.xtec.cat\/iesmarina\/general\/erasmus-go-for-literacy-to-enlighten-your-future\/\" title=\"Read Erasmus+ : &#8220;Go for Literacy to Enlighten your Future&#8221;\">Llegeix m\u00e9s\u00bb<\/a><\/p>\n","protected":false},"author":1,"featured_media":977,"comment_status":"closed","ping_status":"closed","sticky":false,"template":"","format":"standard","meta":{"_bbp_topic_count":0,"_bbp_reply_count":0,"_bbp_total_topic_count":0,"_bbp_total_reply_count":0,"_bbp_voice_count":0,"_bbp_anonymous_reply_count":0,"_bbp_topic_count_hidden":0,"_bbp_reply_count_hidden":0,"_bbp_forum_subforum_count":0,"footnotes":""},"categories":[8,1,136,29],"tags":[105],"class_list":["post-978","post","type-post","status-publish","format-standard","has-post-thumbnail","hentry","category-batxillerat","category-general","category-ll_estrangeres","category-portada","tag-erasmus"],"post_mailing_queue_ids":[],"_links":{"self":[{"href":"https:\/\/agora.xtec.cat\/iesmarina\/wp-json\/wp\/v2\/posts\/978","targetHints":{"allow":["GET"]}}],"collection":[{"href":"https:\/\/agora.xtec.cat\/iesmarina\/wp-json\/wp\/v2\/posts"}],"about":[{"href":"https:\/\/agora.xtec.cat\/iesmarina\/wp-json\/wp\/v2\/types\/post"}],"author":[{"embeddable":true,"href":"https:\/\/agora.xtec.cat\/iesmarina\/wp-json\/wp\/v2\/users\/1"}],"replies":[{"embeddable":true,"href":"https:\/\/agora.xtec.cat\/iesmarina\/wp-json\/wp\/v2\/comments?post=978"}],"version-history":[{"count":2,"href":"https:\/\/agora.xtec.cat\/iesmarina\/wp-json\/wp\/v2\/posts\/978\/revisions"}],"predecessor-version":[{"id":1529,"href":"https:\/\/agora.xtec.cat\/iesmarina\/wp-json\/wp\/v2\/posts\/978\/revisions\/1529"}],"wp:featuredmedia":[{"embeddable":true,"href":"https:\/\/agora.xtec.cat\/iesmarina\/wp-json\/wp\/v2\/media\/977"}],"wp:attachment":[{"href":"https:\/\/agora.xtec.cat\/iesmarina\/wp-json\/wp\/v2\/media?parent=978"}],"wp:term":[{"taxonomy":"category","embeddable":true,"href":"https:\/\/agora.xtec.cat\/iesmarina\/wp-json\/wp\/v2\/categories?post=978"},{"taxonomy":"post_tag","embeddable":true,"href":"https:\/\/agora.xtec.cat\/iesmarina\/wp-json\/wp\/v2\/tags?post=978"}],"curies":[{"name":"wp","href":"https:\/\/api.w.org\/{rel}","templated":true}]}}